{"id":171176,"date":"2025-06-12T16:03:10","date_gmt":"2025-06-12T16:03:10","guid":{"rendered":"https:\/\/www.europesays.com\/fr\/171176\/"},"modified":"2025-06-12T16:03:10","modified_gmt":"2025-06-12T16:03:10","slug":"vers-la-fermeture-de-cinq-magasins-de-lenseigne-a-toulouse-et-autour","status":"publish","type":"post","link":"https:\/\/www.europesays.com\/fr\/171176\/","title":{"rendered":"vers la fermeture de cinq magasins de l&rsquo;enseigne \u00e0 Toulouse et autour"},"content":{"rendered":"<p>            Par<br \/>\n        <strong><br \/>\n            <a href=\"https:\/\/actu.fr\/auteur\/guillaume-laurens\" title=\"Consulter tous les articles de Guillaume Laurens\" rel=\"nofollow noopener\" target=\"_blank\">Guillaume Laurens<\/a><br \/>\n        <\/strong><\/p>\n<p>        Publi\u00e9 le<\/p>\n<p>            12 juin 2025 \u00e0 17h26        <\/p>\n<p><strong>Casa France<\/strong> n\u2019aura tr\u00e8s probablement pas r\u00e9ussi \u00e0 sauver les meubles. \u00ab\u2009En l\u2019absence d\u2019offre de reprise jug\u00e9e recevable\u2009\u00bb, <a href=\"https:\/\/actu.fr\/occitanie\/toulouse_31555\/toulouse-en-faillite-tous-les-magasins-de-cette-enseigne-d-ameublement-vont-fermer_62656444.html\" rel=\"nofollow noopener\" target=\"_blank\">l\u2019enseigne d\u2019ameublement et de d\u00e9coration, qui \u00e9tait en redressement judiciaire depuis trois mois<\/a>, a annonc\u00e9 ce mercredi 11\u00a0juin 2025 sa demande de mise en <strong>liquidation judiciaire<\/strong> par le tribunal de commerce de Bobigny (Seine-Saint-Denis). Comme le rapporte <a href=\"https:\/\/actu.fr\/\" rel=\"nofollow noopener\" target=\"_blank\">Actu.fr<\/a>, le jugement doit \u00eatre prononc\u00e9 le <strong>vendredi 27\u00a0juin<\/strong>.<\/p>\n<p>143 magasins menac\u00e9s de liquidation en France<\/p>\n<p class=\" wall-content\">Cette probable liquidation judiciaire \u00ab\u2009concerne <strong>l\u2019ensemble des magasins\u2009\u00bb<\/strong>, au nombre de <strong>143 en France<\/strong>, ainsi que les \u00ab\u2009fonctions supports de l\u2019enseigne\u2009\u00bb dans l\u2019hexagone, a ajout\u00e9 la soci\u00e9t\u00e9. D\u2019apr\u00e8s elle, la faillite de <strong>la branche belge,<\/strong> qui assurait la logistique du groupe, a mis l\u2019ensemble en p\u00e9ril\u2009: \u00ab\u2009La d\u00e9faillance de cette entit\u00e9 en octobre\u00a02024, puis de sa liquidation en mars\u00a02025 faute de repreneur, a entra\u00een\u00e9 l\u2019arr\u00eat brutal de l\u2019organisation op\u00e9rationnelle des filiales en Europe\u2009\u00bb.<\/p>\n<blockquote class=\"ac-article-quote wall-content\">\n<p>Casa France subit ainsi les cons\u00e9quences d\u2019un choc exog\u00e8ne dont elle n\u2019est pas \u00e0 l\u2019origine et ind\u00e9pendant de sa gestion.<\/p>\n<p>    <strong>Casa France<\/strong>\n            <\/p><\/blockquote>\n<p class=\" wall-content\">L\u2019enseigne \u00e9voque aussi \u00ab\u2009la <strong>conjoncture d\u00e9favorable du secteur immobilier<\/strong>, directement corr\u00e9l\u00e9e \u00e0 celui de l\u2019ameublement et de la d\u00e9coration\u2009\u00bb pour expliquer ses difficult\u00e9s.<\/p>\n<p>Vid\u00e9os : en ce moment sur ActuCinq magasins vont fermer \u00e0 Toulouse et autour<\/p>\n<p class=\" wall-content\">Reste que depuis des d\u00e9cennies, Casa a pignon sur rue dans la Ville rose. Parmi ces 143 magasins, <strong>cinq<\/strong> se trouvent en effet \u00e0 <strong>Toulouse<\/strong> ou dans sa <strong>proche agglom\u00e9ration<\/strong>. Les boutiques suivantes sont donc appel\u00e9es \u00e0 fermer\u2009:<\/p>\n<ul class=\" wall-content\">\n<li>rue des Puits Clos \u00e0 <strong>Toulouse<\/strong> (centre-ville)<\/li>\n<li>chemin de Gabardie \u00e0 <strong>Toulouse<\/strong> (centre commercial Auchan Gramont)<\/li>\n<li>boulevard de l\u2019Europe \u00e0 <strong>Portet-sur-Garonne<\/strong> (centre commercial Carrefour)<\/li>\n<li>boulevard Victor Hugo \u00e0 <strong>Colomiers<\/strong> (zone du Perget)<\/li>\n<li>place du Commerce \u00e0 <strong>Lab\u00e8ge<\/strong> (centre commercial Lab\u00e8ge 2)<\/li>\n<\/ul>\n<p>\u00ab\u2009On est fatigu\u00e9, on se bat comme on peut\u2009\u00bb<\/p>\n<p class=\" wall-content\">Cr\u00e9\u00e9e en 1975, la cha\u00eene Casa est pr\u00e9sente dans huit pays europ\u00e9ens et compte plus de 2\u2009230 salari\u00e9s, dont <strong>environ 700 en France<\/strong>. Que vont-ils devenir\u2009? Dans les magasins toulousains, les salari\u00e9s accusent le coup\u2026 \u00ab\u2009On est fatigu\u00e9, on se bat comme on peut, mais cela ne changera sans doute rien\u2009\u00bb, soupire l\u2019un d\u2019eux. <strong>\u00ab\u2009Aucune date de fermeture potentielle\u2009\u00bb<\/strong> ne leur a pour l\u2019heure \u00e9t\u00e9 communiqu\u00e9e.<\/p>\n<p class=\" wall-content\">Les employ\u00e9s disent placer de <strong>minces espoirs<\/strong> dans les <strong>trois offres d\u00e9pos\u00e9es<\/strong> devant la justice pour reprendre quelques-uns des magasins\u2026 Et esp\u00e8rent qu\u2019ainsi, <strong>certaines boutiques \u00e9chappent<\/strong> \u00e0 la liquidation judiciaire totale qui risque bien d\u2019\u00eatre prononc\u00e9e le 27\u00a0juin.<\/p>\n<p class=\" wall-content\">Suivez toute l\u2019actualit\u00e9 de vos villes et m\u00e9dias favoris en vous inscrivant \u00e0 <a href=\"https:\/\/moncompte.actu.fr\" title=\"D\u00e9couvez Mon Actu\" rel=\"nofollow noopener\" data-trk=\"{&quot;cta&quot;:{&quot;action&quot;:&quot;https:\\\/\\\/moncompte.actu.fr&quot;,&quot;category&quot;:&quot;mon compte&quot;,&quot;from&quot;:&quot;article footer&quot;,&quot;name&quot;:&quot;Mon actu&quot;,&quot;type&quot;:&quot;cta&quot;}}\" target=\"_blank\">Mon Actu<\/a>.<\/p>\n","protected":false},"excerpt":{"rendered":"Par Guillaume Laurens Publi\u00e9 le 12 juin 2025 \u00e0 17h26 Casa France n\u2019aura tr\u00e8s probablement pas r\u00e9ussi \u00e0&hellip;\n","protected":false},"author":2,"featured_media":171177,"comment_status":"","ping_status":"","sticky":false,"template":"","format":"standard","meta":{"footnotes":""},"categories":[2816],"tags":[1111,11,215,1777,674,1011,27,303,12,2680,25,104,2312],"class_list":{"0":"post-171176","1":"post","2":"type-post","3":"status-publish","4":"format-standard","5":"has-post-thumbnail","7":"category-toulouse","8":"tag-actu","9":"tag-actualites","10":"tag-commerce","11":"tag-eu","12":"tag-europe","13":"tag-fr","14":"tag-france","15":"tag-justice","16":"tag-news","17":"tag-occitanie","18":"tag-republique-francaise","19":"tag-societe","20":"tag-toulouse"},"share_on_mastodon":{"url":"https:\/\/pubeurope.com\/@fr\/114671243136103791","error":""},"_links":{"self":[{"href":"https:\/\/www.europesays.com\/fr\/wp-json\/wp\/v2\/posts\/171176","targetHints":{"allow":["GET"]}}],"collection":[{"href":"https:\/\/www.europesays.com\/fr\/wp-json\/wp\/v2\/posts"}],"about":[{"href":"https:\/\/www.europesays.com\/fr\/wp-json\/wp\/v2\/types\/post"}],"author":[{"embeddable":true,"href":"https:\/\/www.europesays.com\/fr\/wp-json\/wp\/v2\/users\/2"}],"replies":[{"embeddable":true,"href":"https:\/\/www.europesays.com\/fr\/wp-json\/wp\/v2\/comments?post=171176"}],"version-history":[{"count":0,"href":"https:\/\/www.europesays.com\/fr\/wp-json\/wp\/v2\/posts\/171176\/revisions"}],"wp:featuredmedia":[{"embeddable":true,"href":"https:\/\/www.europesays.com\/fr\/wp-json\/wp\/v2\/media\/171177"}],"wp:attachment":[{"href":"https:\/\/www.europesays.com\/fr\/wp-json\/wp\/v2\/media?parent=171176"}],"wp:term":[{"taxonomy":"category","embeddable":true,"href":"https:\/\/www.europesays.com\/fr\/wp-json\/wp\/v2\/categories?post=171176"},{"taxonomy":"post_tag","embeddable":true,"href":"https:\/\/www.europesays.com\/fr\/wp-json\/wp\/v2\/tags?post=171176"}],"curies":[{"name":"wp","href":"https:\/\/api.w.org\/{rel}","templated":true}]}}