{"id":171178,"date":"2025-06-12T16:04:16","date_gmt":"2025-06-12T16:04:16","guid":{"rendered":"https:\/\/www.europesays.com\/fr\/171178\/"},"modified":"2025-06-12T16:04:16","modified_gmt":"2025-06-12T16:04:16","slug":"que-faire-ce-week-end-du-cote-de-lille-nos-10-idees-de-sorties","status":"publish","type":"post","link":"https:\/\/www.europesays.com\/fr\/171178\/","title":{"rendered":"Que faire ce week-end du c\u00f4t\u00e9 de Lille ? Nos 10 id\u00e9es de sorties"},"content":{"rendered":"<p>            Par<br \/>\n        <strong><br \/>\n            <a href=\"https:\/\/actu.fr\/auteur\/amandine-vachez\" title=\"Consulter tous les articles de Amandine Vachez\" rel=\"nofollow noopener\" target=\"_blank\">Amandine Vachez<\/a><br \/>\n        <\/strong><\/p>\n<p>        Publi\u00e9 le<\/p>\n<p>            12 juin 2025 \u00e0 17h04        <\/p>\n<p>Pas toujours facile de faire son programme, pour le week-end. Pour vous aider, la r\u00e9daction a s\u00e9lectionn\u00e9<b> 10 id\u00e9es de sorties<\/b>, \u00e0 faire \u00e0 <a href=\"https:\/\/actu.fr\/lille\/\" rel=\"nofollow noopener\" target=\"_blank\">Lille<\/a> (Nord) et aux alentours pour les <b>samedi 14 et dimanche 15 juin 2025.<\/b><\/p>\n<p>Nos id\u00e9es de sorties\u00a0<\/p>\n<ul class=\" wall-content\">\n<li><b>Des animations \u00e0 la Villa Cavrois<\/b><\/li>\n<\/ul>\n<p class=\" wall-content\">Samedi, ce sera jour de f\u00eate \u00e0 la Villa Cavrois de Croix. Ce mus\u00e9e original f\u00eatera ses 10 ans d\u2019ouverture au public, au fil d\u2019une journ\u00e9e et soir\u00e9e festives, d\u00e8s l\u2019aurore. Au programme : un concert, des jeux, un cin\u00e9 plein air et d\u2019autres choses. On vous en dit plus <a href=\"https:\/\/actu.fr\/hauts-de-france\/croix_59163\/concert-jeux-cine-plein-air-la-villa-cavrois-de-croix-celebre-ses-10-ans-douverture-ce-samedi_62749828.html\" rel=\"nofollow noopener\" target=\"_blank\">dans notre article<\/a>.\u00a0<\/p>\n<ul class=\" wall-content\">\n<li><b>La Maker Faire \u00e0 Euratech\u2019<\/b><\/li>\n<\/ul>\n<p class=\" wall-content\">Les \u00ab\u00a0makers\u00a0\u00bb sont d\u00e9j\u00e0 au courant, mais peut-\u00eatre n\u2019avez-vous pas vu l\u2019info passer : la Maker Faire revient \u00e0 Lille pendant trois jours, du 13 au 15 juin. Elle installe ses tentes \u00e0 Euratechnologies, pour montrer les actualit\u00e9s des <a href=\"https:\/\/actu.fr\/hauts-de-france\/lille_59350\/a-lille-600-makers-attendus-pour-la-4e-edition-du-festival-de-l-innovation-et-de-la-creativite_53924713.html\" rel=\"nofollow noopener\" target=\"_blank\">\u00ab\u00a0makers\u00a0\u00bb, alliant innovation et cr\u00e9ativit\u00e9<\/a>. Au programme : des stands, des d\u00e9monstrations, des ateliers et\u2026 des concerts ! L\u2019\u00e9v\u00e9nement se tient de 10h \u00e0 18h vendredi, samedi et dimanche. Plus d\u2019infos <a href=\"https:\/\/lille.makerfaire.com\/\" rel=\"nofollow noopener\" target=\"_blank\">par ici<\/a>.<\/p>\n<ul class=\" wall-content\">\n<li><b>Enjaillez-vous au Festival du lac de l\u2019asso Quanta<\/b><\/li>\n<\/ul>\n<p class=\" wall-content\">L\u2019association Quanta \u2013 dont on vous pr\u00e9sentait <a href=\"https:\/\/actu.fr\/hauts-de-france\/lille_59350\/lille-decouvrez-cafe-poubelle-la-nouvelle-piece-de-la-compagnie-de-theatre-inclusive-quanta_55634914.html\" rel=\"nofollow noopener\" target=\"_blank\">la compagnie de th\u00e9\u00e2tre<\/a> il y a quelque temps \u2013 organise ce week-end un festival festif propice aux bons moments partag\u00e9s. Samedi et dimanche \u00e0 Villeneuve-d\u2019Ascq, les animations s\u2019encha\u00eeneront pour le plus grand plaisir des visiteurs. Fanfare, batucada, fanfare, criterium, karaok\u00e9\u2026 Bref, un week-end qui s\u2019annonce haut en couleurs ! Rendez-vous au 7, chemin du Grand Marais. Un service de restauration sera disponible sur place. Le programme complet est d\u00e9taill\u00e9 par l\u2019association <a href=\"https:\/\/www.quanta.asso.fr\/event\/festival-du-lac-2025\/\" rel=\"nofollow noopener\" target=\"_blank\">par ici<\/a>.<\/p>\n<ul class=\" wall-content\">\n<li><b>Bon plan : tout \u00e0 5 euros dans cette friperie \u00e9ph\u00e9m\u00e8re<\/b><\/li>\n<\/ul>\n<p class=\" wall-content\">C\u2019est un bon plan comme on les aime\u2009! Durant tout un week-end, les 14 et 15 juin, le Grand Playground de Villeneuve-d\u2019Ascq se transforme en friperie XXL\u00a0gr\u00e2ce \u00e0\u00a0Adjace Paris. Tout y sera vendu \u00e0 5 \u20ac. Oui, tout\u2009! Pr\u00e9cisions <a href=\"https:\/\/actu.fr\/hauts-de-france\/villeneuve-d-ascq_59009\/tout-a-5-e-une-enorme-friperie-de-600-m2-sinstalle-pres-de-lille-ce-week-end_62749650.html\" rel=\"nofollow noopener\" target=\"_blank\">dans notre article<\/a>.<\/p>\n<ul class=\" wall-content\">\n<li><b>Un march\u00e9 nocturne sur un domaine avec ch\u00e2teau<\/b><\/li>\n<\/ul>\n<p class=\" wall-content\">Ce samedi 14 juin, un march\u00e9 artisanal nocturne est organis\u00e9 dans le magnifique parc du ch\u00e2teau de Robersart \u00e0 Wambrechies. Assur\u00e9ment un \u00e9v\u00e9nement qui vaut le d\u00e9tour ! On vous en dit plus <a href=\"https:\/\/actu.fr\/hauts-de-france\/wambrechies_59636\/un-marche-nocturne-organise-dans-le-magnifique-parc-dun-chateau-pres-de-lille-ce-samedi_62757337.html\" rel=\"nofollow noopener\" target=\"_blank\">dans notre article consacr\u00e9 au sujet<\/a>.<\/p>\n<ul class=\" wall-content\">\n<li><b>Des livres \u00e0 1 euro dans cette bouquinerie<\/b><\/li>\n<\/ul>\n<p class=\" wall-content\">Toujours \u00e0 Wambrechies, un bon plan vous attend ce week-end, plus pr\u00e9cis\u00e9ment vendredi et samedi. La Bouquinerie du Sart locale,\u00a0ouverte en avril dernier, organise sa\u00a0premi\u00e8re grande vente de livres \u00e0 1 euro. Plus de 6 000 ouvrages y sont stock\u00e9s. Voil\u00e0 qui devrait attirer les curieux ! Plus d\u2019infos en cliquant <a href=\"https:\/\/actu.fr\/hauts-de-france\/wambrechies_59636\/pres-de-lille-plus-de-6000-livres-vendus-a-1-e-durant-deux-jours-a-la-bouquinerie-du-sart_62753178.html\" rel=\"nofollow noopener\" target=\"_blank\">ici<\/a>.<\/p>\n<ul class=\" wall-content\">\n<li><b>Week-end festif \u00e0 la caserne des pompiers<\/b><\/li>\n<\/ul>\n<p class=\" wall-content\">\u00c0 l\u2019occasion de ses 50 ans, le\u00a0centre d\u2019incendie et de secours de Villeneuve-d\u2019Ascq\u00a0organise des portes ouvertes exceptionnelles, les samedi 14 et dimanche 15 juin. Une belle opportunit\u00e9 de plonger, en famille, dans les coulisses du m\u00e9tier de sapeur-pompier et, qui sait, peut-\u00eatre de faire na\u00eetre des vocations ! On vous pr\u00e9sente l\u2019\u00e9v\u00e9nement plus en d\u00e9tails <a href=\"https:\/\/actu.fr\/hauts-de-france\/villeneuve-d-ascq_59009\/la-caserne-des-pompiers-de-villeneuve-dascq-ouvre-ses-portes-pour-un-week-end-festif_62751280.html\" rel=\"nofollow noopener\" target=\"_blank\">dans notre article<\/a>.<\/p>\n<ul class=\" wall-content\">\n<li><b>D\u00e9couvrir une expo de lille3000 : \u00ab\u00a0La f\u00eate int\u00e9rieure\u00a0\u00bb<\/b><\/li>\n<\/ul>\n<p class=\" wall-content\">Pour sa nouvelle saison, lille3000 porte plusieurs projets d\u2019expositions \u00e0 Lille. Parmi eux, <a href=\"https:\/\/actu.fr\/hauts-de-france\/lille_59350\/lille-paillettes-stroboscopes-et-etrangetes-festives-vivez-la-fete-interieure-a-saint-so_62715410.html\" rel=\"nofollow noopener\" target=\"_blank\">\u00ab\u00a0La f\u00eate int\u00e9rieure\u00a0\u00bb<\/a>, \u00e0 Saint-So. Si vous ne l\u2019avez pas encore parcourue, c\u2019est l\u2019occasion ! D\u2019autant que vous pouvez faire d\u2019une pierre deux coups, puisque de l\u2019autre c\u00f4t\u00e9 de la halle de la gare se trouve <a href=\"https:\/\/actu.fr\/hauts-de-france\/lille_59350\/lille-piste-de-danse-gateaux-geants-fanions-cest-la-fete-a-saint-so-avec-lexpo-des-enfants-momart_62605266.html\" rel=\"nofollow noopener\" target=\"_blank\">l\u2019expo des enfants, M\u00f4m\u2019Art<\/a>. Petit bonus : le Bistrot Saint-So vous propose des bi\u00e8res fraiches (et autres mixtures r\u00e9confortantes) dans un \u00e9crin d\u2019exception.<\/p>\n<ul class=\" wall-content\">\n<li><b>S\u2019offrir une pause \u00e0 la Guinguette de la Ferme<\/b><\/li>\n<\/ul>\n<p class=\" wall-content\">Si le temps est au beau fixe, vous aurez envie d\u2019en profiter ! Sachez que de nombreuses <a href=\"https:\/\/actu.fr\/hauts-de-france\/saint-andre-lez-lille_59527\/guinguettes-2025-la-madeleine-saint-andre-lambersart-quand-rouvrent-elles-en-bord-de-deule_62483104.html\" rel=\"nofollow noopener\" target=\"_blank\">guinguettes sont ouvertes<\/a> pour la saison du c\u00f4t\u00e9 de Lille. Parmi elles, pour la 2e ann\u00e9e cons\u00e9cutive, la <a href=\"https:\/\/actu.fr\/hauts-de-france\/bondues_59090\/pres-de-lille-la-guinguette-de-la-ferme-rouvre-pour-une-nouvelle-saison_62627410.html\" rel=\"nofollow noopener\" target=\"_blank\">Guinguette de la Ferme<\/a>. Sa particularit\u00e9 : elle se trouve dans une ancienne ferme \u00e0 Bondues, \u00e0 la fois proche de la ville et coup\u00e9e de son rythme.<\/p>\n<ul class=\" wall-content\">\n<li><b>\u00ab\u00a0Le Petit Prince\u00a0\u00bb au Barri\u00e8re ce dimanche<\/b><\/li>\n<\/ul>\n<p class=\" wall-content\">Le <a href=\"https:\/\/actu.fr\/hauts-de-france\/lille_59350\/le-casino-de-barriere-de-lille-a-15-ans-lunivers-du-jeu-sest-adapte-aux-nouvelles-technologies_62652237.html\" rel=\"nofollow noopener\" target=\"_blank\">Casino Barri\u00e8re<\/a> accueille un spectacle mettant en sc\u00e8ne le personnage d\u2019Antoine de Saint-Exup\u00e9ry <a href=\"https:\/\/www.lillepianosfestival.fr\/2025\/dimanche_15_juin\/p25\/\" rel=\"nofollow noopener\" target=\"_blank\">Le Petit Prince<\/a>, de 11h \u00e0 12h. Ouvert d\u00e8s l\u2019\u00e2ge de 6 ans, il offrira aux plus jeunes comme aux moins jeunes spectateurs une excursion f\u00e9erique. Cette date est propos\u00e9e dans le cadre du Lille Piano(s) Festival, qui battra son plein \u00e0 Lille. Divers concerts (recitals de piano classique, jazz et orgue) sont au programme ce m\u00eame jour au dans des lieux partenaires du festival. De belles surprises vous attendent pour l\u2019\u00e9dition 2025, dont <a href=\"https:\/\/www.lillepianosfestival.fr\/2025\/\" rel=\"nofollow noopener\" target=\"_blank\">le programme est disponible en ligne<\/a>.<\/p>\n<p class=\" wall-content\">Suivez toute l\u2019actualit\u00e9 de vos villes et m\u00e9dias favoris en vous inscrivant \u00e0 <a href=\"https:\/\/moncompte.actu.fr\" title=\"D\u00e9couvez Mon Actu\" rel=\"nofollow noopener\" data-trk=\"{&quot;cta&quot;:{&quot;action&quot;:&quot;https:\\\/\\\/moncompte.actu.fr&quot;,&quot;category&quot;:&quot;mon compte&quot;,&quot;from&quot;:&quot;article footer&quot;,&quot;name&quot;:&quot;Mon actu&quot;,&quot;type&quot;:&quot;cta&quot;}}\" target=\"_blank\">Mon Actu<\/a>.<\/p>\n","protected":false},"excerpt":{"rendered":"Par Amandine Vachez Publi\u00e9 le 12 juin 2025 \u00e0 17h04 Pas toujours facile de faire son programme, pour&hellip;\n","protected":false},"author":2,"featured_media":171179,"comment_status":"","ping_status":"","sticky":false,"template":"","format":"standard","meta":{"footnotes":""},"categories":[2815],"tags":[1111,11,677,1777,674,652,1011,27,811,1307,1652,12,25],"class_list":{"0":"post-171178","1":"post","2":"type-post","3":"status-publish","4":"format-standard","5":"has-post-thumbnail","7":"category-lille","8":"tag-actu","9":"tag-actualites","10":"tag-bons-plans","11":"tag-eu","12":"tag-europe","13":"tag-famille","14":"tag-fr","15":"tag-france","16":"tag-hauts-de-france","17":"tag-lille","18":"tag-loisirs-culture","19":"tag-news","20":"tag-republique-francaise"},"share_on_mastodon":{"url":"https:\/\/pubeurope.com\/@fr\/114671246977119573","error":""},"_links":{"self":[{"href":"https:\/\/www.europesays.com\/fr\/wp-json\/wp\/v2\/posts\/171178","targetHints":{"allow":["GET"]}}],"collection":[{"href":"https:\/\/www.europesays.com\/fr\/wp-json\/wp\/v2\/posts"}],"about":[{"href":"https:\/\/www.europesays.com\/fr\/wp-json\/wp\/v2\/types\/post"}],"author":[{"embeddable":true,"href":"https:\/\/www.europesays.com\/fr\/wp-json\/wp\/v2\/users\/2"}],"replies":[{"embeddable":true,"href":"https:\/\/www.europesays.com\/fr\/wp-json\/wp\/v2\/comments?post=171178"}],"version-history":[{"count":0,"href":"https:\/\/www.europesays.com\/fr\/wp-json\/wp\/v2\/posts\/171178\/revisions"}],"wp:featuredmedia":[{"embeddable":true,"href":"https:\/\/www.europesays.com\/fr\/wp-json\/wp\/v2\/media\/171179"}],"wp:attachment":[{"href":"https:\/\/www.europesays.com\/fr\/wp-json\/wp\/v2\/media?parent=171178"}],"wp:term":[{"taxonomy":"category","embeddable":true,"href":"https:\/\/www.europesays.com\/fr\/wp-json\/wp\/v2\/categories?post=171178"},{"taxonomy":"post_tag","embeddable":true,"href":"https:\/\/www.europesays.com\/fr\/wp-json\/wp\/v2\/tags?post=171178"}],"curies":[{"name":"wp","href":"https:\/\/api.w.org\/{rel}","templated":true}]}}