{"id":171182,"date":"2025-06-12T16:06:16","date_gmt":"2025-06-12T16:06:16","guid":{"rendered":"https:\/\/www.europesays.com\/fr\/171182\/"},"modified":"2025-06-12T16:06:16","modified_gmt":"2025-06-12T16:06:16","slug":"la-presidente-de-lassociation-grand-coeur-condamnee-a-2-ans-de-prison-avec-sursis","status":"publish","type":"post","link":"https:\/\/www.europesays.com\/fr\/171182\/","title":{"rendered":"la pr\u00e9sidente de l&rsquo;association Grand C\u0153ur condamn\u00e9e \u00e0 2 ans de prison avec sursis"},"content":{"rendered":"<p>Le d\u00e9lib\u00e9r\u00e9 dans l\u2019affaire <a href=\"https:\/\/www.laprovence.com\/article\/faits-divers-justice\/1945885154350815\/escroquerie-aux-voyages-la-presidente-de-lassociation-grand-coeur-jugee-a-marseille-pour-abus-de-confiance\" target=\"_blank\" rel=\"noopener\">Grand C\u0153ur<\/a> est tomb\u00e9. Le tribunal correctionnel de Marseille est all\u00e9 au-del\u00e0 des r\u00e9quisitions du parquet qui, en avril dernier, avait r\u00e9clam\u00e9 18 mois avec sursis \u00e0 l\u2019encontre de Fatima A, renvoy\u00e9e alors devant la 6e chambre correctionnelle du tribunal correctionnel de Marseille pour <a href=\"https:\/\/www.laprovence.com\/article\/faits-divers-justice\/2803456312498214\/escroquerie-aux-voyages-a-marseille-18-mois-avec-sursis-requis-contre-la-presidente-de-l-association-grand-coeur\" target=\"_blank\" rel=\"noopener\">abus de confiance<\/a>.<\/p>\n<p>Pr\u00e9sidente de l\u2019association Grand C\u0153ur, la quadrag\u00e9naire \u00e9tait poursuivie pour avoir vendu, entre\u00a02022 et\u00a02023, \u00e0 des familles modestes de la B\u00e9gude Sud (13e) des voyages qu\u2019elle annulait \u00e0 la derni\u00e8re minute. Fatima A a finalement \u00e9t\u00e9 condamn\u00e9e \u00e0 2 ans de prison assortis du sursis.<\/p>\n<p>Fatima A devra rembourser les victimes<\/p>\n<p>Un soulagement pour les 34 <a href=\"https:\/\/www.laprovence.com\/article\/faits-divers-justice\/30947955447072\/voyages-a-prix-reduits-jamais-livres-ni-rembourses-des-marseillais-portent-plainte-contre-une-association\" target=\"_blank\" rel=\"noopener\">parties civiles<\/a>, des particuliers marseillais aux revenus souvent modestes, auxquels elle promettait, pour un prix attractif, croisi\u00e8re en M\u00e9diterran\u00e9e, s\u00e9jour au camping en Espagne, escapades \u00e0 Disneyland, New York, Bali ou Zanzibar. Des dizaines de familles qui avaient bien souvent d\u00e9j\u00e0 boucl\u00e9 leurs bagages lorsque la pr\u00e9sidente de l\u2019association Grand C\u0153ur annulait les voyages \u00e0 la derni\u00e8re minute, sous d\u2019\u00e9mouvants et n\u00e9anmoins fallacieux motifs.<\/p>\n<p>Outre sa condamnation \u00e0 du sursis, Fatima A devra rembourser les victimes \u00e0 hauteur de 54\u00a0285\u00a0euros au titre du pr\u00e9judice mat\u00e9riel, 28\u00a0480\u00a0euros de pr\u00e9judice moral et 23\u00a0490\u00a0euros de frais de justice, soit une somme globale de plus de 100\u00a0000\u00a0euros.<\/p>\n<p>In\u00e9ligible pour 5\u00a0ans, la quadrag\u00e9naire qui avait beaucoup sanglot\u00e9 durant son proc\u00e8s en avril dernier, a \u00e9galement l\u2019interdiction de g\u00e9rer une association ou de figurer dans un bureau associatif pour la m\u00eame dur\u00e9e. Sa fille, nomm\u00e9e par sa m\u00e8re tr\u00e9sori\u00e8re de la structure \u00e0 son insu, est, elle, relax\u00e9e.<\/p>\n","protected":false},"excerpt":{"rendered":"Le d\u00e9lib\u00e9r\u00e9 dans l\u2019affaire Grand C\u0153ur est tomb\u00e9. Le tribunal correctionnel de Marseille est all\u00e9 au-del\u00e0 des r\u00e9quisitions&hellip;\n","protected":false},"author":2,"featured_media":171183,"comment_status":"","ping_status":"","sticky":false,"template":"","format":"standard","meta":{"footnotes":""},"categories":[2814],"tags":[17,1111,11,3514,1007,1777,674,274,1011,27,2515,9445,884,12,19924,882,25,1666],"class_list":{"0":"post-171182","1":"post","2":"type-post","3":"status-publish","4":"format-standard","5":"has-post-thumbnail","7":"category-marseille","8":"tag-17","9":"tag-actu","10":"tag-actualites","11":"tag-arnaque","12":"tag-aux","13":"tag-eu","14":"tag-europe","15":"tag-faits-divers-justice","16":"tag-fr","17":"tag-france","18":"tag-grand","19":"tag-lassociation","20":"tag-marseille","21":"tag-news","22":"tag-presidente","23":"tag-provence-alpes-cote-dazur","24":"tag-republique-francaise","25":"tag-voyages"},"share_on_mastodon":{"url":"https:\/\/pubeurope.com\/@fr\/114671254696231098","error":""},"_links":{"self":[{"href":"https:\/\/www.europesays.com\/fr\/wp-json\/wp\/v2\/posts\/171182","targetHints":{"allow":["GET"]}}],"collection":[{"href":"https:\/\/www.europesays.com\/fr\/wp-json\/wp\/v2\/posts"}],"about":[{"href":"https:\/\/www.europesays.com\/fr\/wp-json\/wp\/v2\/types\/post"}],"author":[{"embeddable":true,"href":"https:\/\/www.europesays.com\/fr\/wp-json\/wp\/v2\/users\/2"}],"replies":[{"embeddable":true,"href":"https:\/\/www.europesays.com\/fr\/wp-json\/wp\/v2\/comments?post=171182"}],"version-history":[{"count":0,"href":"https:\/\/www.europesays.com\/fr\/wp-json\/wp\/v2\/posts\/171182\/revisions"}],"wp:featuredmedia":[{"embeddable":true,"href":"https:\/\/www.europesays.com\/fr\/wp-json\/wp\/v2\/media\/171183"}],"wp:attachment":[{"href":"https:\/\/www.europesays.com\/fr\/wp-json\/wp\/v2\/media?parent=171182"}],"wp:term":[{"taxonomy":"category","embeddable":true,"href":"https:\/\/www.europesays.com\/fr\/wp-json\/wp\/v2\/categories?post=171182"},{"taxonomy":"post_tag","embeddable":true,"href":"https:\/\/www.europesays.com\/fr\/wp-json\/wp\/v2\/tags?post=171182"}],"curies":[{"name":"wp","href":"https:\/\/api.w.org\/{rel}","templated":true}]}}