{"id":171188,"date":"2025-06-12T16:09:27","date_gmt":"2025-06-12T16:09:27","guid":{"rendered":"https:\/\/www.europesays.com\/fr\/171188\/"},"modified":"2025-06-12T16:09:27","modified_gmt":"2025-06-12T16:09:27","slug":"ce-que-cache-la-promesse-de-2-000-cameras-de-pierre-oliver","status":"publish","type":"post","link":"https:\/\/www.europesays.com\/fr\/171188\/","title":{"rendered":"ce que cache la promesse de 2 000 cam\u00e9ras de Pierre Oliver"},"content":{"rendered":"<p>            Par<br \/>\n        <strong><br \/>\n            <a href=\"https:\/\/actu.fr\/auteur\/theo-zuili\" title=\"Consulter tous les articles de Th\u00e9o Zuili\" target=\"_blank\" rel=\"noopener\">Th\u00e9o Zuili<\/a><br \/>\n        <\/strong><\/p>\n<p>        Publi\u00e9 le<\/p>\n<p>            12 juin 2025 \u00e0 17h42        <\/p>\n<p>Pierre Oliver, maire Les R\u00e9publicains du 2\u1d49 arrondissement et <a href=\"https:\/\/actu.fr\/auvergne-rhone-alpes\/lyon_69123\/lyon-municipales-2026-pierre-oliver-candidat-malgre-l-option-jean-michel-aulas_62414691.html\" target=\"_blank\" rel=\"noopener\">candidat aux \u00e9lections municipales de 2026 \u00e0 Lyon<\/a>, fait de la s\u00e9curit\u00e9 son cheval de bataille. S\u2019il est \u00e9lu, <a href=\"https:\/\/actu.fr\/auvergne-rhone-alpes\/lyon_69123\/lyon-municipales-2-000-cameras-police-les-premieres-propositions-choc-de-pierre-oliver_62400944.html\" target=\"_blank\" rel=\"noopener\">il promet d\u2019installer 2 000 cam\u00e9ras<\/a> de vid\u00e9osurveillance suppl\u00e9mentaires durant son premier mandat, soit <strong>pr\u00e8s de cinq fois le parc actuel<\/strong> de la ville (environ 571 cam\u00e9ras aujourd\u2019hui).<\/p>\n<p class=\" wall-content\">L\u2019objectif affich\u00e9 serait de couvrir \u00ab\u00a050 \u00e0 70 % du p\u00e9rim\u00e8tre\u00a0\u00bb de Lyon pour un ratio de cinq cam\u00e9ras pour 1 000 habitants au lieu d\u2019une pour 1 000 aujourd\u2019hui. \u00ab\u00a0La cam\u00e9ra n\u2019est <strong>pas la solution<\/strong> <strong>\u00e0 tous les probl\u00e8mes<\/strong> de d\u00e9linquance\u00a0\u00bb, assure de son c\u00f4t\u00e9 le maire <a href=\"https:\/\/actu.fr\/tag\/gregory-doucet\" target=\"_blank\" rel=\"noopener\">Gr\u00e9gory Doucet<\/a>, qui la juge toutefois \u00ab\u00a0utile\u00a0\u00bb et s\u2019engage \u00e0 <a href=\"https:\/\/actu.fr\/auvergne-rhone-alpes\/lyon_69123\/lyon-gregory-doucet-annonce-60-nouvelles-cameras-on-en-sait-plus-sur-leur-emplacement_62700797.html\" target=\"_blank\" rel=\"noopener\">en rajouter 60 \u00e0 Lyon d\u2019ici 2026<\/a>.<\/p>\n<p class=\" wall-content\">Quintupler le nombre de cam\u00e9ras \u00e0 Lyon aurait \u00e9galement un co\u00fbt pour les Lyonnais. On se penche sur cette promesse et ce qui se cache derri\u00e8re ce chiffre impressionnant.<\/p>\n<p>Des dizaines de millions d\u2019euros en jeu<\/p>\n<p class=\" wall-content\">Une cam\u00e9ra, combien \u00e7a co\u00fbte exactement ? Interrog\u00e9 par actu Lyon, Pierre Oliver budg\u00e8te le prix unitaire entre 5 000 et 10 000 \u20ac.<\/p>\n<p class=\" wall-content\">Mais \u00e0 titre d\u2019exemple, l\u2019installation de deux cam\u00e9ras sur la place Bellecour <a href=\"https:\/\/actu.fr\/auvergne-rhone-alpes\/lyon_69123\/lyon-des-cameras-installees-pour-l-oeuvre-de-bellecour-l-opposition-s-en-etrangle_62647801.html\" target=\"_blank\" rel=\"noopener\">a co\u00fbt\u00e9 plus de 60 000 \u20ac<\/a> : approximativement 30 000 \u20ac par cam\u00e9ra, pose et raccordement inclus. \u00c0 Marseille, la municipalit\u00e9 <a href=\"https:\/\/actu.fr\/provence-alpes-cote-d-azur\/marseille_13055\/marseille-le-maire-benoit-payan-frappe-fort-sur-la-videosurveillance-face-a-l-insecurite_62331101.html\" target=\"_blank\" rel=\"noopener\">a budg\u00e9t\u00e9 15 millions d\u2019euros pour d\u00e9ployer 500 nouvelles cam\u00e9ras d\u2019ici 2026<\/a>, soit l\u00e0 aussi un co\u00fbt de l\u2019ordre de <strong>30 000 \u20ac par cam\u00e9ra<\/strong>.<\/p>\n<p>    <img   decoding=\"async\" loading=\"lazy\" src=\"https:\/\/www.europesays.com\/fr\/wp-content\/uploads\/2025\/06\/pierre-oliver-lyon-municipales-960x640.jpg\" alt=\"Pierre Oliver, maire LR du 2e arrondissement de Lyon, qui sera candidat aux municipales 2026.\" width=\"960\" height=\"640\"\/><br \/>\n    Pierre Oliver, maire LR du 2\u1d49 arrondissement de Lyon et candidat aux municipales 2026. (\u00a9Nicolas Zaugra\/ actu Lyon)<\/p>\n<p class=\" wall-content\">Notre calcul en fourchette haute porte ainsi le co\u00fbt initial du projet \u00e0 <strong>environ 60 millions d\u2019euros<\/strong>. Une estimation qui correspond \u00e0 plus de cinq fois le budget investi au total par la Ville de Lyon pour son r\u00e9seau de vid\u00e9oprotection, 11 millions d\u2019euros depuis 2001.<\/p>\n<p>\u00ab\u00a0Peu importe le prix\u00a0\u00bb<\/p>\n<p class=\" wall-content\">\u00ab\u00a0On le fera,<strong> peu importe le prix<\/strong>, ce sera un sujet majeur\u00a0\u00bb, avance Pierre Oliver, qui compte bien \u00ab\u00a0ramener Lyon au niveau de Nice\u00a0\u00bb, la <a href=\"https:\/\/actu.fr\/provence-alpes-cote-d-azur\/nice_06088\/nice-des-cameras-installees-a-l-interieur-de-ces-immeubles-d-habitation_62689858.html\" target=\"_blank\" rel=\"noopener\">ville la plus vid\u00e9osurveill\u00e9e de France<\/a> avec pr\u00e8s de 5 000 cam\u00e9ras et un ratio d\u2019environ 15 cam\u00e9ras pour 1 000 habitants.<\/p>\n<p>    <img   decoding=\"async\" loading=\"lazy\" src=\"https:\/\/www.europesays.com\/fr\/wp-content\/uploads\/2025\/06\/camera-degradee-lyon-manif-1-960x640.jpeg\" alt=\"Pr\u00e8s de 1000 casseurs ont abim\u00e9 le mobilier urbain \u00e0 Lyon. \" width=\"960\" height=\"640\"\/><br \/>\n    Une cam\u00e9ra de vid\u00e9osurveillance d\u00e9grad\u00e9e en marge d\u2019une manifestation. (\u00a9Th\u00e9o Zuili\/ actu Lyon)<\/p>\n<p class=\" wall-content\">S\u2019il est \u00e9lu maire de Lyon, il promet \u00ab\u00a0une couverture globale\u00a0\u00bb qui ne se pose pas de limite : \u00ab\u00a0Je dis 2 000 aujourd\u2019hui, mais<strong> \u00e7a pourra \u00eatre plus<\/strong>.\u00a0\u00bb<\/p>\n<p class=\" wall-content\">Pierre Oliver compte \u00e9galement s\u2019appuyer sur des subventions de la R\u00e9gion, voire de l\u2019\u00c9tat, qui cofinance \u00e0 hauteur de 80 % le d\u00e9ploiement marseillais.<\/p>\n<p>Des co\u00fbts r\u00e9currents<\/p>\n<p class=\" wall-content\">\u00c0 cette facture initiale s\u2019ajoutent des co\u00fbts r\u00e9currents de maintenance, fonctionnement, stockage s\u00e9curis\u00e9, ou encore les salaires du personnel op\u00e9rateur. Aujourd\u2019hui, la vid\u00e9oprotection lyonnaise repr\u00e9sente <strong>environ 2 millions d\u2019euros par an<\/strong> de budget de fonctionnement, tout compris.<\/p>\n<p>    <img   decoding=\"async\" loading=\"lazy\" src=\"https:\/\/www.europesays.com\/fr\/wp-content\/uploads\/2025\/06\/img-7780-960x640.jpg\" alt=\"Ce mercredi 22 juin, la police nationale a pr\u00e9sent\u00e9 un nouveau partenariat qui vise \u00e0 \" width=\"960\" height=\"640\"\/><br \/>\n    Les flux de vid\u00e9osurveillance peuvent \u00eatre visionn\u00e9s en direct ou \u00e0 post\u00e9riori. (\u00a9Th\u00e9o Zuili \/ Actu Lyon)<\/p>\n<p class=\" wall-content\">Actuellement, <strong>28 agents<\/strong> se relaient 24h\/24 pour visionner les images des 571 cam\u00e9ras existantes (le ratio d\u2019agents par cam\u00e9ra le plus \u00e9lev\u00e9 de France) : multiplier cet effectif au prorata, un d\u00e9fi peut-\u00eatre impossible, n\u2019est pas dans le programme de Pierre Oliver.<\/p>\n<p class=\" wall-content\">Celui-ci n\u2019\u00e9carte pas l\u2019id\u00e9e de cr\u00e9er de dizaines de postes suppl\u00e9mentaires, mais <strong>parie surtout sur <\/strong><a href=\"https:\/\/actu.fr\/tag\/intelligence-artificielle\" target=\"_blank\" rel=\"noopener\">l\u2019intelligence artificielle<\/a>.<\/p>\n<p>Impliquer l&rsquo;IA<\/p>\n<p>Pierre Oliver pr\u00e9voit de \u00ab\u00a0moderniser le parc de cam\u00e9ras de Lyon\u00a0\u00bb en y incluant \u00ab\u00a0un syst\u00e8me d&rsquo;IA pour gagner du temps dans les enqu\u00eates et retrouver les diff\u00e9rents individus mis en cause\u00a0\u00bb.<\/p>\n<p>Pour \u00ab\u00a0un certain montant par cam\u00e9ra \u00e0 l&rsquo;ann\u00e9e\u00a0\u00bb, cette technique permet de mener des missions \u00ab\u00a0entre 10 et 20 minutes contre entre deux et quatre jours pour un agent du CSU (Centre de supervision urbaine, ndlr)\u00a0\u00bb.<\/p>\n<p class=\" wall-content\">En estimant une augmentation des co\u00fbts de fonctionnement de <strong>4 \u00e0 6 millions d\u2019euros par an<\/strong>, ce financement annuel repr\u00e9senterait moins de 1 % du budget de Lyon.<\/p>\n<p>R\u00e9alisable \u00e0 condition d\u2019en faire une priorit\u00e9<\/p>\n<p class=\" wall-content\">Une promesse qui para\u00eet faisable techniquement donc, mais<strong> \u00e0 condition d\u2019en faire une priorit\u00e9<\/strong> et d\u2019arbitrer en cons\u00e9quence dans un contexte de contraintes budg\u00e9taires fortes sur les collectivit\u00e9s.<\/p>\n<p class=\" wall-content\">Augmenter les imp\u00f4ts locaux, \u00e9conomiser sur d\u2019autres services, retarder des investissements ? Les \u00e9cologistes ont par exemple fait le choix de <strong>ralentir les d\u00e9penses<\/strong> de vid\u00e9osurveillance, le temps de \u00ab\u00a0poser un diagnostic rigoureux\u00a0\u00bb tout en allouant les ressources vers l\u2019\u00e9ducation, la transition \u00e9cologique ou encore la solidarit\u00e9.<\/p>\n<p class=\" wall-content\">\u00ab\u00a0Notre objectif sera de re-balayer un certain nombre de subventions, revoir le nombre de fonctionnaires, refixer le train de vie de la Ville de Lyon. Des choix ne seront pas populaires, mais re-d\u00e9gager des marges de man\u0153uvre sera notre priorit\u00e9. Et \u00e7a nous permettra de parier sur cette politique <strong>sans toucher aux imp\u00f4ts<\/strong>\u00ab\u00a0, promet Pierre Oliver.<\/p>\n<p>Des cam\u00e9ras \u00ab\u00a0\u00e0 chaque coin de rue\u00a0\u00bb<\/p>\n<p class=\" wall-content\">L\u2019\u00e9lu LR a-t-il d\u00e9j\u00e0 identifi\u00e9 o\u00f9 elles seront install\u00e9es ? \u00ab\u00a0Dans <strong>tous les secteurs o\u00f9 on n\u2019en a pas<\/strong>. Pour le 4\u1d49 arrondissement qui n\u2019en compte aucune, l\u2019objectif est d\u2019en mettre \u00e0 tous les coins de rue. Entre Perrache et Confluence, rue Delandine, rue Smith, Gerland, avenue Jean-Jaur\u00e8s, Jean-Mac\u00e9, La Mouche, les quais du Rh\u00f4ne, avenue Berthelot, F\u00e9lix-Faure, cours Albert Thomas, secteur Vaise-Industrie et Gorge de Loup\u2026 On va cibler <strong>par ordre de priorit\u00e9<\/strong>. Une cam\u00e9ra devant chaque \u00e9cole, \u00e7a fait d\u00e9j\u00e0 250 !\u00a0\u00bb<\/p>\n<p class=\" wall-content\">Quid des craintes concernant <a href=\"https:\/\/actu.fr\/societe\/videosurveillance-donnees-personnelles-le-nombre-de-plaintes-a-la-cnil-a-bondi-de-27-en-2019_34172545.html\" target=\"_blank\" rel=\"noopener\">la protection de la vie priv\u00e9e<\/a> ? \u00ab\u00a0On est en France et on a la chance d\u2019avoir <a href=\"https:\/\/actu.fr\/provence-alpes-cote-d-azur\/nice_06088\/la-ville-de-nice-retoquee-pour-son-algorithme-de-securite-devant-les-ecoles_62707321.html\" target=\"_blank\" rel=\"noopener\">la CNIL<\/a>, particuli\u00e8rement assidue aux libert\u00e9s individuelles. <strong>Celui qui n\u2019a rien \u00e0 se reprocher<\/strong> ne va pas \u00eatre mis en difficult\u00e9.\u00a0\u00bb<\/p>\n<p>Un dispositif efficace ?<\/p>\n<p class=\" wall-content\">Au-del\u00e0 des chiffres et du financement, 2 000 cam\u00e9ras de plus rendront-elles Lyon plus s\u00fbre ? Sur ce point, le d\u00e9bat est vif et les \u00e9tudes disponibles <strong>nuancent fortement<\/strong>.<\/p>\n<p class=\" wall-content\">Si elles rassurent une partie de la population, leur efficacit\u00e9 r\u00e9elle contre la d\u00e9linquance reste \u00e0 d\u00e9terminer : plusieurs rapports de la Cour des comptes ou du CNRS soulignent une <strong>absence d\u2019impact d\u00e9montr\u00e9<\/strong>, tandis qu\u2019<a href=\"https:\/\/actu.fr\/auvergne-rhone-alpes\/lyon_69123\/lyon-videosurveillance-jugees-utiles-la-mairie-va-ajouter-des-cameras-voici-ou_58529425.html\" target=\"_blank\" rel=\"noopener\">un audit command\u00e9 par la Ville de Lyon et publi\u00e9 en 2023<\/a> montre que les effets dissuasifs sont souvent \u00ab\u00a0limit\u00e9s et temporaires\u00a0\u00bb.<\/p>\n<p>    <img   decoding=\"async\" loading=\"lazy\" src=\"https:\/\/www.europesays.com\/fr\/wp-content\/uploads\/2025\/06\/img-3614-960x640.jpg\" alt=\"De nombreux passants ont pu assister \u00e0 la sc\u00e8ne.\" width=\"960\" height=\"640\"\/><br \/>\n    \u00c0 Lyon, le top 10 des cam\u00e9ras les plus utilis\u00e9es (avec 69 jours comme record) se trouvent en Presqu\u2019\u00eele et dans le secteur Peri-Moncey, \u00e0 Guilloti\u00e8re. (\u00a9Th\u00e9o Zuili \/ Actu Lyon)<\/p>\n<p class=\" wall-content\">Depuis la banalisation des cam\u00e9ras dans l\u2019espace public, les d\u00e9linquants recourent \u00e0 des techniques pour composer avec leur pr\u00e9sence, en se couvrant le visage ou en changeant de lieu pour agir.\u00a0<\/p>\n<p>Une corr\u00e9lation \u00e0 d\u00e9terminer<\/p>\n<p class=\" wall-content\">\u00c0 Lyon m\u00eame, aucune baisse durable et significative de la d\u00e9linquance n\u2019a \u00e9t\u00e9 directement attribu\u00e9e aux cam\u00e9ras. \u00c0 Nice, les r\u00e9sultats restent mitig\u00e9s : l\u00e0 aussi, <strong>rien ne confirme une diminution nette de la criminalit\u00e9<\/strong> li\u00e9e directement aux cam\u00e9ras. \u00ab\u00a0Aucune corr\u00e9lation globale n\u2019a \u00e9t\u00e9 relev\u00e9e\u00a0\u00bb, concluait la Cour des comptes en 2020.<\/p>\n<p class=\" wall-content\">Autrement dit, les villes tr\u00e8s \u00e9quip\u00e9es <strong>n\u2019enregistrent pas moins de crimes et d\u00e9lits<\/strong> que les autres, ni de meilleurs taux d\u2019arrestation. \u00ab\u00a0Une cam\u00e9ra permet de stopper la d\u00e9linquance\u00a0\u00bb, mart\u00e8le de son c\u00f4t\u00e9 Pierre Oliver : pourquoi les d\u00e9fendre si leur efficacit\u00e9 n\u2019est pas d\u00e9montr\u00e9e scientifiquement ?<\/p>\n<p>Un r\u00f4le vital<\/p>\n<p class=\" wall-content\">Selon les services de police, la pr\u00e9sence de cam\u00e9ras permet r\u00e9guli\u00e8rement de <strong>faciliter les enqu\u00eates<\/strong> apr\u00e8s un incident. Sur le terrain, les cam\u00e9ras peuvent \u00e9galement guider l\u2019action des forces de l\u2019ordre en temps r\u00e9el pour envoyer<strong>\u00a0une patrouille<\/strong> directement sur place. Mais \u00e0 condition d\u2019avoir suffisamment d\u2019agents devant les \u00e9crans.<\/p>\n<p>    <img   decoding=\"async\" loading=\"lazy\" src=\"https:\/\/www.europesays.com\/fr\/wp-content\/uploads\/2025\/06\/villeurbanne-centre-d-information-et-de-commandement-hotel-de-police-lyon-cameras-de-videosurveillan.png\" alt=\"En comptant les 165 cam\u00e9ras d\u00e9sormais mises \u00e0 disposition de la police nationale par Villeurbanne, les forces de l'ordre fran\u00e7aises disposent de 300 flux vid\u00e9os sur la ville en comptant celles mises \u00e0 disposition par les transports en commun et autres.\" width=\"960\" height=\"640\"\/><br \/>\n    Le centre de supervision urbaine Marius-Berliet peut acc\u00e9der aux images de Villeurbanne. (\u00a9Th\u00e9o Zuili \/ actu Lyon)<\/p>\n<p class=\" wall-content\">La plupart du temps, c\u2019est pour identifier des auteurs <strong>a posteriori des faits<\/strong> <a href=\"https:\/\/actu.fr\/pays-de-la-loire\/la-fleche_72154\/dans-cette-commune-de-la-sarthe-les-61-cameras-sont-une-aide-precieuse-pour-la-resolution-des-enquetes_62177483.html\" target=\"_blank\" rel=\"noopener\">qu\u2019elles s\u2019av\u00e8rent utiles<\/a>.<\/p>\n<p>Derri\u00e8re la s\u00e9curit\u00e9, l\u2019enjeu \u00e9lectoral<\/p>\n<p class=\" wall-content\">\u00c0 Lyon comme ailleurs, les cam\u00e9ras ne sont ni une solution miracle, ni une mesure inutile par principe.<\/p>\n<p class=\" wall-content\">Sa proposition spectaculaire est-elle une surench\u00e8re avant tout \u00e9lectorale, visant \u00e0 satisfaire l\u2019opinion plus qu\u2019\u00e0 obtenir des r\u00e9sultats concrets sur des probl\u00e8mes complexes ? Pierre Oliver balaie cette accusation.<\/p>\n<p class=\" wall-content\">\u00ab\u00a0On va <strong>changer de paradigme<\/strong>, donc c\u2019est s\u00fbr que \u00e7a peut para\u00eetre surprenant, mais quoi qu\u2019il arrive, on s\u2019occupera de ce sujet matin, midi et soir. \u00c7a viendra de paire avec le recrutement de policiers municipaux\u00a0\u00bb, assure-t-il tout en se disant \u00ab\u00a0conscient de l\u2019importante concurrence des mairies\u00a0\u00bb sur ce m\u00e9tier en p\u00e9nurie.<\/p>\n<p class=\" wall-content\">Suivez toute l\u2019actualit\u00e9 de vos villes et m\u00e9dias favoris en vous inscrivant \u00e0 <a href=\"https:\/\/moncompte.actu.fr\" title=\"D\u00e9couvez Mon Actu\" rel=\"nofollow noopener\" data-trk=\"{&quot;cta&quot;:{&quot;action&quot;:&quot;https:\\\/\\\/moncompte.actu.fr&quot;,&quot;category&quot;:&quot;mon compte&quot;,&quot;from&quot;:&quot;article footer&quot;,&quot;name&quot;:&quot;Mon actu&quot;,&quot;type&quot;:&quot;cta&quot;}}\" target=\"_blank\">Mon Actu<\/a>.<\/p>\n","protected":false},"excerpt":{"rendered":"Par Th\u00e9o Zuili Publi\u00e9 le 12 juin 2025 \u00e0 17h42 Pierre Oliver, maire Les R\u00e9publicains du 2\u1d49 arrondissement&hellip;\n","protected":false},"author":2,"featured_media":171189,"comment_status":"","ping_status":"","sticky":false,"template":"","format":"standard","meta":{"footnotes":""},"categories":[1889],"tags":[1111,11,2430,4188,1777,674,1011,27,2428,3434,12,316,25,10819,7939],"class_list":{"0":"post-171188","1":"post","2":"type-post","3":"status-publish","4":"format-standard","5":"has-post-thumbnail","7":"category-lyon","8":"tag-actu","9":"tag-actualites","10":"tag-auvergne-rhone-alpes","11":"tag-elections-municipales","12":"tag-eu","13":"tag-europe","14":"tag-fr","15":"tag-france","16":"tag-lyon","17":"tag-municipales-2026","18":"tag-news","19":"tag-politique","20":"tag-republique-francaise","21":"tag-videoprotection","22":"tag-videosurveillance"},"share_on_mastodon":{"url":"https:\/\/pubeurope.com\/@fr\/114671266592061324","error":""},"_links":{"self":[{"href":"https:\/\/www.europesays.com\/fr\/wp-json\/wp\/v2\/posts\/171188","targetHints":{"allow":["GET"]}}],"collection":[{"href":"https:\/\/www.europesays.com\/fr\/wp-json\/wp\/v2\/posts"}],"about":[{"href":"https:\/\/www.europesays.com\/fr\/wp-json\/wp\/v2\/types\/post"}],"author":[{"embeddable":true,"href":"https:\/\/www.europesays.com\/fr\/wp-json\/wp\/v2\/users\/2"}],"replies":[{"embeddable":true,"href":"https:\/\/www.europesays.com\/fr\/wp-json\/wp\/v2\/comments?post=171188"}],"version-history":[{"count":0,"href":"https:\/\/www.europesays.com\/fr\/wp-json\/wp\/v2\/posts\/171188\/revisions"}],"wp:featuredmedia":[{"embeddable":true,"href":"https:\/\/www.europesays.com\/fr\/wp-json\/wp\/v2\/media\/171189"}],"wp:attachment":[{"href":"https:\/\/www.europesays.com\/fr\/wp-json\/wp\/v2\/media?parent=171188"}],"wp:term":[{"taxonomy":"category","embeddable":true,"href":"https:\/\/www.europesays.com\/fr\/wp-json\/wp\/v2\/categories?post=171188"},{"taxonomy":"post_tag","embeddable":true,"href":"https:\/\/www.europesays.com\/fr\/wp-json\/wp\/v2\/tags?post=171188"}],"curies":[{"name":"wp","href":"https:\/\/api.w.org\/{rel}","templated":true}]}}