{"id":171194,"date":"2025-06-12T16:12:10","date_gmt":"2025-06-12T16:12:10","guid":{"rendered":"https:\/\/www.europesays.com\/fr\/171194\/"},"modified":"2025-06-12T16:12:10","modified_gmt":"2025-06-12T16:12:10","slug":"jardin-bord-de-seine-sur-une-place-les-15-nouvelles-terrasses-de-lete-a-paris","status":"publish","type":"post","link":"https:\/\/www.europesays.com\/fr\/171194\/","title":{"rendered":"Jardin, bord de Seine, sur une place&#8230; Les 15 (nouvelles) terrasses de l\u2019\u00e9t\u00e9 \u00e0 Paris"},"content":{"rendered":"<p><strong>LA S\u00c9LECTION DU FIGARO &#8211; <\/strong>Au vert, planqu\u00e9e dans une cour ou un monument ou \u00e0 ras de bitume\u00a0: nos meilleures adresses pour profiter de la belle saison dans la capitale.<\/p>\n<p>La plus monumentale\u00a0: <strong>Le Grand Caf\u00e9<\/strong><\/p>\n<p class=\"fig-paragraph\"><strong>La terrasse. <\/strong>\u00c0 la faveur de sa r\u00e9novation, le\u00a0<a href=\"http:\/\/www.lefigaro.fr\/culture\/le-grand-palais-veut-faire-la-fete-et-le-plein-tout-l-ete-20250429\" target=\"_blank\" data-fig-type=\"Article\" rel=\"noopener\" data-gtm-custom-categorie=\"navigation\" data-gtm-custom-action=\"crossclick\" data-gtm-custom-label=\"Contextuel\" data-gtm-event=\"customEventSPE\" data-fig-domain=\"LEFIGARO\">Grand Palais<\/a>\u00a0accueille un nouveau restaurant confi\u00e9 au Loulou Groupe de Gilles et Claire Malafosse, habitu\u00e9, avec l\u2019architecte Joseph Dirand, \u00e0 exploiter des monuments historiques pour une client\u00e8le mondaine. Pens\u00e9e comme une brasserie parisienne chic, sa terrasse de 315 m2, comptant 170 couverts, en est la pi\u00e8ce ma\u00eetresse, \u00e0 l\u2019ombre des colonnes du mus\u00e9e, noy\u00e9e dans la verdure, sous les fresques antiques, entre grandes jarres en terre cuite fleuries, sol en mosa\u00efque, nappes blanches et banquettes gris-vert. Cerise sur le g\u00e2teau, la vue sur le Petit Palais\u00a0!<\/p>\n<p class=\"fig-body-link\">\n            \u00c0 lire aussi<br \/>\n        <a class=\"fig-body-link__link fig-premium-mark\" href=\"http:\/\/www.lefigaro.fr\/gastronomie\/brasserie-chic-terrasse-xxl-concerts-de-jazz-decouvrez-le-grand-cafe-le-nouveau-restaurant-majestueux-installe-au-grand-palais-20250502\" data-fig-type=\"Article\" data-gtm-custom-categorie=\"navigation\" data-gtm-custom-action=\"crossclick\" data-gtm-custom-label=\"Contextuel\" data-gtm-event=\"customEventSPE\" data-fig-domain=\"LEFIGARO\" target=\"_blank\" rel=\"noopener\">Brasserie chic, terrasse XXL, concerts de jazz&#8230; D\u00e9couvrez Le Grand Caf\u00e9, le nouveau restaurant majestueux install\u00e9 au Grand Palais<br \/>\n    <\/a>\n<\/p>\n<p class=\"fig-paragraph\"><strong>L\u2019assiette.\u00a0<\/strong><a href=\"https:\/\/madame.lefigaro.fr\/recettes\/chefs\/benoit-dargere\" target=\"_blank\" rel=\"noopener\" data-gtm-custom-categorie=\"navigation\" data-gtm-custom-action=\"crossclick\" data-gtm-custom-label=\"Contextuel\" data-gtm-event=\"customEventSPE\">Beno\u00eet Darg\u00e8re<\/a>\u00a0mise sur une cuisine fran\u00e7aise bourgeoise appr\u00eat\u00e9e, m\u00ealant plats de tradition (sole meuni\u00e8re, ris de veau pan\u00e9s citron et romarin) et recettes contemporaines plus l\u00e9g\u00e8res (carpaccio de bar, salade homard, haricots verts et framboise). De quoi contenter diff\u00e9rents types d\u2019app\u00e9tits, \u00e0 condition d\u2019y mettre le prix\u00a0! \u00c0 noter, le banc d\u2019\u00e9cailler et l\u2019effort\u2026<\/p>\n<p class=\"fig-premium-paywall__infos\">\n        Cet article est r\u00e9serv\u00e9 aux abonn\u00e9s.        Il vous reste 94% \u00e0 d\u00e9couvrir.\n    <\/p>\n<p>                <img  data- alt=\"Le Figaro\" class=\"fig-img--complete fig-img\"\/><\/p>\n<p class=\"fig-premium-paywall__title\">Vente Flash<\/p>\n<p class=\"fig-premium-paywall__subtitle\">3,99\u20ac par mois pendant 12 mois. Sans engagement.<\/p>\n<p class=\"fig-premium-paywall__connect\">\n                D\u00e9j\u00e0 abonn\u00e9\u00a0?                <a class=\"fig-premium-paywall__connect-link\" href=\"https:\/\/connect.lefigaro.fr\/login?client=horizon_web&amp;type=main&amp;redirect_uri=https%3A%2F%2Fwww.lefigaro.fr%2Fgastronomie%2Fjardin-bord-de-seine-sur-une-place-les-15-nouvelles-terrasses-de-l-ete-a-paris-20250612\" data-js-gtm=\"{&quot;customCategorie&quot;: &quot;conversion&quot;, &quot;customAction&quot;: &quot;before_Landing_Connexion_paywall_auto&quot;, &quot;customLabel&quot;: &quot;bGVmaWdhcm8uZnJfXzFmMDQ3NzQ2LTNiMTMtNjJhNi1iMTZkLWEzNGE3NDhhMGJlMl9fQXJ0aWNsZQ==_Jardin, bord de Seine, sur une place... Les 15 (nouvelles) terrasses de l\u2019\u00e9t\u00e9 \u00e0 Paris_385&quot;, &quot;customIDSPE&quot;: &quot;bGVmaWdhcm8uZnJfXzFmMDQ3NzQ2LTNiMTMtNjJhNi1iMTZkLWEzNGE3NDhhMGJlMl9fQXJ0aWNsZQ==&quot;, &quot;event&quot;: &quot;customEventSPE&quot;}\" target=\"_blank\" rel=\"noopener\"><br \/>\n                    Connectez-vous<br \/>\n                <\/a>\n            <\/p>\n","protected":false},"excerpt":{"rendered":"LA S\u00c9LECTION DU FIGARO &#8211; Au vert, planqu\u00e9e dans une cour ou un monument ou \u00e0 ras de&hellip;\n","protected":false},"author":2,"featured_media":171195,"comment_status":"","ping_status":"","sticky":false,"template":"","format":"standard","meta":{"footnotes":""},"categories":[1888],"tags":[1111,2016,1928,2018,2015,2019,11,1927,2020,1777,674,1011,27,1661,12,1926,626,1925,25,2021,2068,2017,7169],"class_list":{"0":"post-171194","1":"post","2":"type-post","3":"status-publish","4":"format-standard","5":"has-post-thumbnail","7":"category-paris","8":"tag-actu","9":"tag-actu-gastronomie","10":"tag-actu-paris","11":"tag-actu-recette","12":"tag-actualite-gastronomie","13":"tag-actualite-nutrition","14":"tag-actualites","15":"tag-actualites-paris","16":"tag-culinaire","17":"tag-eu","18":"tag-europe","19":"tag-fr","20":"tag-france","21":"tag-gastronomie","22":"tag-news","23":"tag-news-paris","24":"tag-paris","25":"tag-paris-news","26":"tag-republique-francaise","27":"tag-restauration","28":"tag-sortir-a-paris","29":"tag-tendance-cuisine","30":"tag-terrasses"},"share_on_mastodon":{"url":"https:\/\/pubeurope.com\/@fr\/114671278336532463","error":""},"_links":{"self":[{"href":"https:\/\/www.europesays.com\/fr\/wp-json\/wp\/v2\/posts\/171194","targetHints":{"allow":["GET"]}}],"collection":[{"href":"https:\/\/www.europesays.com\/fr\/wp-json\/wp\/v2\/posts"}],"about":[{"href":"https:\/\/www.europesays.com\/fr\/wp-json\/wp\/v2\/types\/post"}],"author":[{"embeddable":true,"href":"https:\/\/www.europesays.com\/fr\/wp-json\/wp\/v2\/users\/2"}],"replies":[{"embeddable":true,"href":"https:\/\/www.europesays.com\/fr\/wp-json\/wp\/v2\/comments?post=171194"}],"version-history":[{"count":0,"href":"https:\/\/www.europesays.com\/fr\/wp-json\/wp\/v2\/posts\/171194\/revisions"}],"wp:featuredmedia":[{"embeddable":true,"href":"https:\/\/www.europesays.com\/fr\/wp-json\/wp\/v2\/media\/171195"}],"wp:attachment":[{"href":"https:\/\/www.europesays.com\/fr\/wp-json\/wp\/v2\/media?parent=171194"}],"wp:term":[{"taxonomy":"category","embeddable":true,"href":"https:\/\/www.europesays.com\/fr\/wp-json\/wp\/v2\/categories?post=171194"},{"taxonomy":"post_tag","embeddable":true,"href":"https:\/\/www.europesays.com\/fr\/wp-json\/wp\/v2\/tags?post=171194"}],"curies":[{"name":"wp","href":"https:\/\/api.w.org\/{rel}","templated":true}]}}