{"id":171198,"date":"2025-06-12T16:14:10","date_gmt":"2025-06-12T16:14:10","guid":{"rendered":"https:\/\/www.europesays.com\/fr\/171198\/"},"modified":"2025-06-12T16:14:10","modified_gmt":"2025-06-12T16:14:10","slug":"la-mode-africaine-mise-a-lhonneur-pendant-la-fashion-week-de-paris","status":"publish","type":"post","link":"https:\/\/www.europesays.com\/fr\/171198\/","title":{"rendered":"La mode africaine mise \u00e0 l\u2019honneur pendant la Fashion Week de Paris"},"content":{"rendered":"<p>La mode africaine peine parfois \u00e0 sortir de l\u2019ombre et \u00e0 exprimer pleinement sa cr\u00e9ativit\u00e9 aux yeux de tous, bien que le continent regorge de designers \u00e9mergents. Si des marques comme Maxhosa Africa sont parvenues \u00e0 s\u2019imposer parmi les habitu\u00e9es de la Fashion Week de Paris, les initiatives d\u2019accompagnement destin\u00e9es aux jeunes talents restaient encore rares, du moins jusqu\u2019en 2020. Afreximbank et le salon professionnel <strong>Trano\u00ef<\/strong> se sont alors associ\u00e9s pour proposer un projet \u00e0 double vocation, mode et business : Canex pr\u00e9sente l\u2019Afrique. Cette ann\u00e9e, gr\u00e2ce \u00e0 une collaboration in\u00e9dite avec les <a href=\"https:\/\/www.vogue.fr\/article\/phoebe-philo-galeries-lafayette-paris-haussmann\" rel=\"nofollow noopener\" target=\"_blank\">Galeries Lafayette<\/a>, l\u2019initiative franchit une nouvelle \u00e9tape.<\/p>\n<p>La mode africaine sous le feu des projecteurs<\/p>\n<p>Canex pr\u00e9sente l\u2019Afrique n\u2019est pas seulement un showroom, mais un v\u00e9ritable tremplin pour les designers africains, leur offrant un acc\u00e8s au mentorat ainsi qu\u2019\u00e0 des opportunit\u00e9s de financement, de production, de commerce et d\u2019investissement. \u00c0 ce jour, 70 cr\u00e9ateurs issus de 25 pays africains et de la diaspora ont b\u00e9n\u00e9fici\u00e9 de cette initiative. Cette ann\u00e9e, les Galeries Lafayette entrent en sc\u00e8ne et offrent une visibilit\u00e9 internationale \u00e0 quatre cr\u00e9ateurs en accueillant un pop-up store au sein du grand magasin. Du 18 juin au 8 juillet, les marques Boyedoe, demi-finaliste du prix LVMH, Late for Work, We Are NBO et Wuman, soutenues par CANEX pr\u00e9sente l\u2019Afrique, pr\u00e9senteront leurs collections dans un cadre in\u00e9dit c\u00e9l\u00e9brant la richesse et la diversit\u00e9 de la cr\u00e9ation africaine.<\/p>\n","protected":false},"excerpt":{"rendered":"La mode africaine peine parfois \u00e0 sortir de l\u2019ombre et \u00e0 exprimer pleinement sa cr\u00e9ativit\u00e9 aux yeux de&hellip;\n","protected":false},"author":2,"featured_media":171199,"comment_status":"","ping_status":"","sticky":false,"template":"","format":"standard","meta":{"footnotes":""},"categories":[1888],"tags":[11,1777,674,1011,27,985,12,626,25],"class_list":{"0":"post-171198","1":"post","2":"type-post","3":"status-publish","4":"format-standard","5":"has-post-thumbnail","7":"category-paris","8":"tag-actualites","9":"tag-eu","10":"tag-europe","11":"tag-fr","12":"tag-france","13":"tag-mode","14":"tag-news","15":"tag-paris","16":"tag-republique-francaise"},"share_on_mastodon":{"url":"https:\/\/pubeurope.com\/@fr\/114671285969772250","error":""},"_links":{"self":[{"href":"https:\/\/www.europesays.com\/fr\/wp-json\/wp\/v2\/posts\/171198","targetHints":{"allow":["GET"]}}],"collection":[{"href":"https:\/\/www.europesays.com\/fr\/wp-json\/wp\/v2\/posts"}],"about":[{"href":"https:\/\/www.europesays.com\/fr\/wp-json\/wp\/v2\/types\/post"}],"author":[{"embeddable":true,"href":"https:\/\/www.europesays.com\/fr\/wp-json\/wp\/v2\/users\/2"}],"replies":[{"embeddable":true,"href":"https:\/\/www.europesays.com\/fr\/wp-json\/wp\/v2\/comments?post=171198"}],"version-history":[{"count":0,"href":"https:\/\/www.europesays.com\/fr\/wp-json\/wp\/v2\/posts\/171198\/revisions"}],"wp:featuredmedia":[{"embeddable":true,"href":"https:\/\/www.europesays.com\/fr\/wp-json\/wp\/v2\/media\/171199"}],"wp:attachment":[{"href":"https:\/\/www.europesays.com\/fr\/wp-json\/wp\/v2\/media?parent=171198"}],"wp:term":[{"taxonomy":"category","embeddable":true,"href":"https:\/\/www.europesays.com\/fr\/wp-json\/wp\/v2\/categories?post=171198"},{"taxonomy":"post_tag","embeddable":true,"href":"https:\/\/www.europesays.com\/fr\/wp-json\/wp\/v2\/tags?post=171198"}],"curies":[{"name":"wp","href":"https:\/\/api.w.org\/{rel}","templated":true}]}}