{"id":171228,"date":"2025-06-12T16:31:02","date_gmt":"2025-06-12T16:31:02","guid":{"rendered":"https:\/\/www.europesays.com\/fr\/171228\/"},"modified":"2025-06-12T16:31:02","modified_gmt":"2025-06-12T16:31:02","slug":"laccor-arena-en-mode-coupe-de-france","status":"publish","type":"post","link":"https:\/\/www.europesays.com\/fr\/171228\/","title":{"rendered":"L&rsquo;Accor Arena en mode Coupe de France"},"content":{"rendered":"<p>                            <img decoding=\"async\" class=\"img-fluid thumbnail__news\" src=\"https:\/\/www.europesays.com\/fr\/wp-content\/uploads\/2025\/06\/1109fbbb-f075-4b31-a520-6ca535c94a19.jpg\" alt=\"L'Accor Arena en mode Coupe de France\"\/><br \/>\n                                                        Les Finales de Coupe de France de Basket 2025 commencent aujourd&rsquo;hui \u00e0 Paris avec les finales du Troph\u00e9e. Rendez-vous \u00e0 partir de 18h30 \u00e0 l&rsquo;Accor Arena, sur la chaine YouTube de la FFBB ou sur BFM Normandie pour suivre les deux matches du jour.<\/p>\n<blockquote class=\"twitter-tweet\">\n<p dir=\"ltr\" lang=\"fr\">L&rsquo;<a href=\"https:\/\/twitter.com\/Accor_Arena?ref_src=twsrc%5Etfw\" target=\"_blank\" rel=\"noopener\">@Accor_Arena<\/a> passe en mode <a href=\"https:\/\/twitter.com\/hashtag\/CDFBasket?src=hash&amp;ref_src=twsrc%5Etfw\" target=\"_blank\" rel=\"noopener\">#CDFBasket<\/a> !\ud83c\udfc6\ud83c\uddeb\ud83c\uddf7<\/p>\n<p>\ud83d\udccdLes Finales de Coupe de France de Basket commencent aujourd&rsquo;hui \u00e0 Paris.<\/p>\n<p>\u2139\ufe0fToutes les informations pour suivre l&rsquo;\u00e9v\u00e9nement : <a href=\"https:\/\/t.co\/l0LClQlg1n\">https:\/\/t.co\/l0LClQlg1n<\/a> <a href=\"https:\/\/t.co\/bvPwcroD7H\">pic.twitter.com\/bvPwcroD7H<\/a><\/p>\n<p>\u2014 F\u00e9d\u00e9ration Fran\u00e7aise de BasketBall (@ffbasketball) <a href=\"https:\/\/twitter.com\/ffbasketball\/status\/1915654508329525362?ref_src=twsrc%5Etfw\" target=\"_blank\" rel=\"noopener\">April 25, 2025<\/a><\/p><\/blockquote>\n<p>\u00a0<\/p>\n<p><img decoding=\"async\" title=\"\u00a9\" src=\"https:\/\/www.europesays.com\/fr\/wp-content\/uploads\/2025\/06\/562cb115-9c79-43a3-bd7f-f681db677ca2.jpg\" alt=\"\u00a9\" data-asset-id=\"562cb115-9c79-43a3-bd7f-f681db677ca2\"\/><\/p>\n<p>\u00a9<\/p>\n<p>\u00a0<\/p>\n<p>                        <script async src=\"https:\/\/platform.twitter.com\/widgets.js\" charset=\"utf-8\"><\/script><\/p>\n","protected":false},"excerpt":{"rendered":"Les Finales de Coupe de France de Basket 2025 commencent aujourd&rsquo;hui \u00e0 Paris avec les finales du Troph\u00e9e.&hellip;\n","protected":false},"author":2,"featured_media":171229,"comment_status":"","ping_status":"","sticky":false,"template":"","format":"standard","meta":{"footnotes":""},"categories":[1414],"tags":[1465,1464,1011,27,60],"class_list":{"0":"post-171228","1":"post","2":"type-post","3":"status-publish","4":"format-standard","5":"has-post-thumbnail","7":"category-basket","8":"tag-basket","9":"tag-basketball","10":"tag-fr","11":"tag-france","12":"tag-sports"},"share_on_mastodon":{"url":"","error":""},"_links":{"self":[{"href":"https:\/\/www.europesays.com\/fr\/wp-json\/wp\/v2\/posts\/171228","targetHints":{"allow":["GET"]}}],"collection":[{"href":"https:\/\/www.europesays.com\/fr\/wp-json\/wp\/v2\/posts"}],"about":[{"href":"https:\/\/www.europesays.com\/fr\/wp-json\/wp\/v2\/types\/post"}],"author":[{"embeddable":true,"href":"https:\/\/www.europesays.com\/fr\/wp-json\/wp\/v2\/users\/2"}],"replies":[{"embeddable":true,"href":"https:\/\/www.europesays.com\/fr\/wp-json\/wp\/v2\/comments?post=171228"}],"version-history":[{"count":0,"href":"https:\/\/www.europesays.com\/fr\/wp-json\/wp\/v2\/posts\/171228\/revisions"}],"wp:featuredmedia":[{"embeddable":true,"href":"https:\/\/www.europesays.com\/fr\/wp-json\/wp\/v2\/media\/171229"}],"wp:attachment":[{"href":"https:\/\/www.europesays.com\/fr\/wp-json\/wp\/v2\/media?parent=171228"}],"wp:term":[{"taxonomy":"category","embeddable":true,"href":"https:\/\/www.europesays.com\/fr\/wp-json\/wp\/v2\/categories?post=171228"},{"taxonomy":"post_tag","embeddable":true,"href":"https:\/\/www.europesays.com\/fr\/wp-json\/wp\/v2\/tags?post=171228"}],"curies":[{"name":"wp","href":"https:\/\/api.w.org\/{rel}","templated":true}]}}