{"id":17123,"date":"2025-04-11T11:07:10","date_gmt":"2025-04-11T11:07:10","guid":{"rendered":"https:\/\/www.europesays.com\/fr\/17123\/"},"modified":"2025-04-11T11:07:10","modified_gmt":"2025-04-11T11:07:10","slug":"le-prince-jean-dorleans-et-le-prince-luis-alfonso-de-bourbon-immerges-dans-le-sacre-de-charles-x-aux-cotes-de-stephane-bern","status":"publish","type":"post","link":"https:\/\/www.europesays.com\/fr\/17123\/","title":{"rendered":"Le prince Jean d&rsquo;Orl\u00e9ans et le prince Luis Alfonso de Bourbon immerg\u00e9s dans le sacre de Charles X aux c\u00f4t\u00e9s de St\u00e9phane Bern"},"content":{"rendered":"<p>En mai 1825, la France vit son dernier sacre, celui de Charles X. Durant des mois, le roi de France a stimul\u00e9 l\u2019artisanat et a fait travailler l\u2019industrie fran\u00e7aise pour concevoir du mobilier, des objets et des d\u00e9cors qui feront de son sacre l\u2019un des plus somptueux de l\u2019histoire. Ce jeudi soir, le prince Jean d\u2019Orl\u00e9ans et le prince Luis Alfonso de Bourbon avaient mis leur querelle dynastique de c\u00f4t\u00e9 pour assister \u00e0 la pr\u00e9sentation de l\u2019exposition \u00ab\u00a0Le dernier sacre \u00bb, dont le commissaire g\u00e9n\u00e9ral n\u2019est autre que St\u00e9phane Bern.<\/p>\n<p><strong>Lire aussi : <a href=\"https:\/\/histoiresroyales.fr\/prix-stephane-bern-remis-archiduc-karl-habsbourg-lorraine-brigitte-macron-institut-de-france\/\" rel=\"nofollow noopener\" target=\"_blank\">Les prix St\u00e9phane Bern remis par l\u2019archiduc Karl d\u2019Autriche et Brigitte Macron \u00e0 l\u2019Institut de France<\/a><\/strong><\/p>\n<p>Le prince Jean et le prince Luis Alfonso r\u00e9unis au Mobilier national pour visiter l\u2019exposition \u00ab\u00a0Le dernier sacre \u00bb<\/p>\n<p>Le 29 mai 1825, le roi Charles X fut sacr\u00e9 roi de Frans \u00e0 Reims. Charles X, connu comme le comte d\u2019Artois jusqu\u2019\u00e0 son accession au tr\u00f4ne en 1824, fut le petit-fils de Louis XV, et le fr\u00e8re cadet des rois Louis XVI et Louis XVIII.\u00a0Charles X sera le dernier roi de France. Il abdique en ao\u00fbt 1830 et son successeur sera Louis-Philippe 1er, qui accepta le titre de roi des Fran\u00e7ais. Du 11 avril au 20 juillet 2025, une exposition immersive exceptionnelle permettra aux visiteurs de revivre le sacre de Charles X \u00e0 la Galerie des Gobelins du Mobilier national \u00e0 Paris.<\/p>\n<p><img fetchpriority=\"high\" decoding=\"async\" width=\"1300\" height=\"866\" src=\"https:\/\/www.europesays.com\/fr\/wp-content\/uploads\/2025\/04\/stephane-bern-presente-exposition-comte-de-paris-le-dernier-sacre.jpg\" alt=\"\" class=\"wp-image-148743 lazyload\" data-  \/>St\u00e9phane Bern, commissaire g\u00e9n\u00e9ral de l\u2019exposition, donne des explications sur certaines pi\u00e8ces au comte de Paris (Photo : Firas Abdullah\/ABACAPRESS.COM)<\/p>\n<p><img loading=\"lazy\" decoding=\"async\" width=\"1300\" height=\"867\" src=\"https:\/\/www.europesays.com\/fr\/wp-content\/uploads\/2025\/04\/reconstitution-sacre-charles-x-stephane-bern.jpg\" alt=\"\" class=\"wp-image-148744 lazyload\" data-  \/>Le 29 mai 1825, le roi Charles X \u00e9tait sacr\u00e9 roi de France \u00e0 Reims, dans un somptueux d\u00e9cor (Photo : Firas Abdullah\/ABACAPRESS.COM)<\/p>\n<p><strong>Lire aussi : <a href=\"https:\/\/histoiresroyales.fr\/grande-duchesse-maria-teresa-remet-laurier-dor-stephane-bern\/\" rel=\"nofollow noopener\" target=\"_blank\">La grande-duchesse Maria Teresa remet le Laurier d\u2019or \u00e0 St\u00e9phane Bern<\/a><\/strong><\/p>\n<p>Ce jeudi 10 avril, St\u00e9phane Bern, commissaire g\u00e9n\u00e9ral de l\u2019exposition \u00ab\u00a0Le dernier sacre \u00bb\u00a0a pr\u00e9sent\u00e9 l\u2019exposition aux premiers visiteurs. Parmi eux se trouvaient le prince Jean d\u2019Orl\u00e9ans et le prince Luis Alfonso de Bourbon. Les deux princes sont les deux pr\u00e9tendants actuels au tr\u00f4ne de France. L\u2019un descend directement de Louis-Philippe 1er, tandis que le second descend du roi Louis XIV par son petit-fils, mont\u00e9 sur le tr\u00f4ne d\u2019Espagne en tant que Philippe V. Souvent pr\u00e9sent\u00e9s comme des rivaux, en raison de la querelle dynastique qui les oppose, le comte de Paris et le duc d\u2019Anjou \u00e9taient r\u00e9unis par l\u2019amour de l\u2019histoire de leurs anc\u00eatres communs ce jeudi \u00e0 Paris. Le prince Eudes d\u2019Orl\u00e9ans, duc d\u2019Angoul\u00eame, fr\u00e8re du comte de Paris, \u00e9tait \u00e9galement pr\u00e9sent avec son \u00e9pouse, la princesse Marie-Liesse.<\/p>\n<p><img loading=\"lazy\" decoding=\"async\" width=\"1300\" height=\"867\" src=\"https:\/\/www.europesays.com\/fr\/wp-content\/uploads\/2025\/04\/prince-jean-prince-luis-alfonso-mobilier-national-sacre-charles-x.jpg\" alt=\"\" class=\"wp-image-148740 lazyload\" data-  \/>Le prince Jean d\u2019Orl\u00e9ans, comte de Paris, et le prince Luis Alfonso de Bourbon, duc d\u2019Anjou, r\u00e9unis \u00e0 Paris pour visiter l\u2019exposition \u00ab\u00a0Le dernier sacre \u00bb ce 10 avril 2025 (Photo : Firas Abdullah\/ABACAPRESS.COM)<\/p>\n<p><img loading=\"lazy\" decoding=\"async\" width=\"1300\" height=\"867\" src=\"https:\/\/www.europesays.com\/fr\/wp-content\/uploads\/2025\/04\/mobilier-national-jean-orleans-eudes-stephane-bern.jpg\" alt=\"\" class=\"wp-image-148741 lazyload\" data-  \/>Le pr\u00e9sident du Mobilier national, Herv\u00e9 Lemoine, le prince Jean, le prince Eudes et la princesse Marie-Liesse avec Jacques Garcia et St\u00e9phane Bern (Photo : Firas Abdullah\/ABACAPRESS.COM)<\/p>\n<p><strong>Lire aussi : <a href=\"https:\/\/histoiresroyales.fr\/stephane-bern-presente-exposition-dediee-prince-rainier-iii-batisseur-prince-albert-princesse-stephanie-louis-ducruet\/\" rel=\"nofollow noopener\" target=\"_blank\">St\u00e9phane Bern pr\u00e9sente au prince Albert et \u00e0 la princesse St\u00e9phanie son exposition d\u00e9di\u00e9e au prince b\u00e2tisseur<\/a><\/strong><\/p>\n<p>St\u00e9phane Bern et Jacques Garcia s\u2019associent pour faire revivre le dernier sacre de France<\/p>\n<p>Le futur roi Louis-Philippe, alors encore connu comme le duc d\u2019Orl\u00e9ans, \u00e9tait au x premi\u00e8res loges lors du sacre de son cousin. Apr\u00e8s le \u00ab\u00a0Vivat Rex in aeternum\u00a0\u00bb proclam\u00e9 par Mgr Jean-Baptiste de Latil, archev\u00eaque de Reims, le roi Charles X se tourna vers ses proches pour leur faire une accolade, dont son fils a\u00een\u00e9, le dauphin connu comme le duc d\u2019Angoul\u00eame, et ses cousins, le futur roi Louis-Philippe, duc d\u2019Orl\u00e9ans, et le prince de Cond\u00e9.<\/p>\n<blockquote class=\"instagram-media\" data-instgrm-permalink=\"https:\/\/www.instagram.com\/p\/DIRdn98oxVU\/?utm_source=ig_embed&amp;utm_campaign=loading\" data-instgrm-version=\"14\" style=\" background:#FFF; border:0; border-radius:3px; box-shadow:0 0 1px 0 rgba(0,0,0,0.5),0 1px 10px 0 rgba(0,0,0,0.15); margin: 1px; max-width:540px; min-width:326px; padding:0; width:99.375%; width:-webkit-calc(100% - 2px); width:calc(100% - 2px);\"\/>\n<p><strong>Lire aussi : <a href=\"https:\/\/histoiresroyales.fr\/charlotte-casiraghi-raphael-elmaleh-stephane-bern-rejoignent-princesse-stephanie-cirque-monte-carlo\/\" rel=\"nofollow noopener\" target=\"_blank\">Charlotte Casiraghi, Rapha\u00ebl Elmaleh et St\u00e9phane Bern rejoignent la princesse St\u00e9phanie au cirque de Monte-Carlo<\/a><\/strong><\/p>\n<p>L\u2019exposition n\u2019est pas une ode \u00e0 la monarchie ni \u00e0 la gloire de Charles X mais une occasion unique de glorifier le savoir-faire \u00e0 la fran\u00e7aise. Durant plusieurs mois, alors que la France \u00e9tait en plein essor de l\u2019industrialisation et de la m\u00e9canisation, des entreprises ont travaill\u00e9 \u00e0 plein r\u00e9gime pour concevoir les d\u00e9cors du sacre, permettant \u00e0 cette industrie de se surpasser. L\u2019exposition pr\u00e9sente des tentures, des bronzes, des tissus, de la porcelaine, autant de techniques qui ont fait la gloire de la France \u00e0 l\u2019\u00e9tranger. Le sacre fut une vitrine du savoir-faire fran\u00e7ais \u00e0 l\u2019\u00e9tranger, Charles X ayant comme motivation de surpasser les c\u00e9r\u00e9monies de couronnement qui existaient en Angleterre. <\/p>\n<p><img loading=\"lazy\" decoding=\"async\" width=\"1300\" height=\"867\" src=\"https:\/\/www.europesays.com\/fr\/wp-content\/uploads\/2025\/04\/dais-funeraire-louis-xviii-prince-eudes-dorleans.jpg\" alt=\"\" class=\"wp-image-148742 lazyload\" data-  \/>Le prince Eudes et la princesse Marie-Liesse, duc et duchesse d\u2019Angoul\u00eame, posent devant le dais fun\u00e9raire de Louis XVIII (Photo : Firas Abdullah\/ABACAPRESS.COM)<\/p>\n<p>Cette exposition pr\u00e9sente des pi\u00e8ces exceptionnelles. La couronne des honneurs fun\u00e9raires de Charlemagne est sortie du Louvre, la sainte ampoule contenue l\u2019huile sacr\u00e9e qui a servi \u00e0 oindre le monarque est expos\u00e9e. Une chambre qui avait \u00e9t\u00e9 am\u00e9nag\u00e9e pour accueillir la famille royale \u00e0 Reims dans le palais \u00e9piscopal le temps du sacre a \u00e9t\u00e9 reconstitu\u00e9e. L\u2019exposition s\u2019ouvre par le d\u00e9but du r\u00e8gne de Charles X, \u00e0 savoir les fun\u00e9railles de son fr\u00e8re, Louis XVIII. La sc\u00e9nographie de ces quelque 250 objets d\u2019\u00e9poque a \u00e9t\u00e9 confi\u00e9e au c\u00e9l\u00e8bre Jacques Garcia.<\/p>\n<p>\t\t<strong>Tous les articles sur<\/strong><br \/>\n\t\t<a href=\"https:\/\/histoiresroyales.fr\/tag\/artisan\/\" title=\"\" rel=\"nofollow noopener\" target=\"_blank\">artisan<\/a>, <a href=\"https:\/\/histoiresroyales.fr\/tag\/artisanat\/\" title=\"\" rel=\"nofollow noopener\" target=\"_blank\">artisanat<\/a>, <a href=\"https:\/\/histoiresroyales.fr\/tag\/charles-x\/\" title=\"\" rel=\"nofollow noopener\" target=\"_blank\">Charles X<\/a>, <a href=\"https:\/\/histoiresroyales.fr\/tag\/exposition\/\" title=\"\" rel=\"nofollow noopener\" target=\"_blank\">exposition<\/a>, <a href=\"https:\/\/histoiresroyales.fr\/tag\/jean-dorleans\/\" title=\"\" rel=\"nofollow noopener\" target=\"_blank\">Jean d&rsquo;Orl\u00e9ans<\/a>, <a href=\"https:\/\/histoiresroyales.fr\/tag\/louis-de-bourbon\/\" title=\"\" rel=\"nofollow noopener\" target=\"_blank\">Louis de Bourbon<\/a>, <a href=\"https:\/\/histoiresroyales.fr\/tag\/paris\/\" title=\"\" rel=\"nofollow noopener\" target=\"_blank\">Paris<\/a>, <a href=\"https:\/\/histoiresroyales.fr\/tag\/querelle-dynastique\/\" title=\"\" rel=\"nofollow noopener\" target=\"_blank\">querelle dynastique<\/a>, <a href=\"https:\/\/histoiresroyales.fr\/tag\/sacre\/\" title=\"\" rel=\"nofollow noopener\" target=\"_blank\">sacre<\/a>, <a href=\"https:\/\/histoiresroyales.fr\/tag\/savoir-faire\/\" title=\"\" rel=\"nofollow noopener\" target=\"_blank\">savoir-faire<\/a>, <a href=\"https:\/\/histoiresroyales.fr\/tag\/stephane-bern\/\" title=\"\" rel=\"nofollow noopener\" target=\"_blank\">St\u00e9phane Bern<\/a>\t<\/p>\n<p>\t\t\t\t<img loading=\"lazy\" alt=\"Avatar photo\" src=\"https:\/\/www.europesays.com\/fr\/wp-content\/uploads\/2025\/04\/1516945716303-164x164.jpeg\"  class=\"avatar avatar-164 photo lazyload\" height=\"164\" width=\"164\" decoding=\"async\"\/><br \/>\n\t\t<a href=\"https:\/\/histoiresroyales.fr\/author\/royaliste123\/\" rel=\"nofollow noopener\" target=\"_blank\">Nicolas Fontaine<\/a><br \/>\n\t\t\t\t\tR\u00e9dacteur en chef<\/p>\n<p>Nicolas Fontaine a \u00e9t\u00e9 concepteur-r\u00e9dacteur et auteur pour de nombreuses marques et m\u00e9dias belges et fran\u00e7ais. Sp\u00e9cialiste de l&rsquo;actualit\u00e9 des familles royales, Nicolas a fond\u00e9 le site Histoires royales dont il est le r\u00e9dacteur en chef.&#13;<br \/>\n&#13;<br \/>\nnicolas@histoiresroyales.fr<\/p>\n<p>\t\t\t\t\t\t\t<a href=\"https:\/\/twitter.com\/ActusRoyales\" class=\"boxed-icon fill twitter\" target=\"_blank\" rel=\"nofollow noopener\"><\/a><br \/>\n\t\t\t\t\t\t\t\t\t<a href=\"https:\/\/www.instagram.com\/histoiresroyales.fr\/\" class=\"boxed-icon fill instagram\" target=\"_blank\" rel=\"nofollow noopener\"><\/a><\/p>\n<p>\t\t\t\t\t\t\t\t\t\t\t\t\t<script async src=\"https:\/\/platform.twitter.com\/widgets.js\" charset=\"utf-8\"><\/script><script async src=\"\/\/www.instagram.com\/embed.js\"><\/script><\/p>\n","protected":false},"excerpt":{"rendered":"En mai 1825, la France vit son dernier sacre, celui de Charles X. Durant des mois, le roi&hellip;\n","protected":false},"author":2,"featured_media":17124,"comment_status":"","ping_status":"","sticky":false,"template":"","format":"standard","meta":{"footnotes":""},"categories":[8],"tags":[6933,1477,6934,58,59,3293,1011,27,6935,6936,626,6937,6938,6939,6940],"class_list":{"0":"post-17123","1":"post","2":"type-post","3":"status-publish","4":"format-standard","5":"has-post-thumbnail","7":"category-divertissement","8":"tag-artisan","9":"tag-artisanat","10":"tag-charles-x","11":"tag-divertissement","12":"tag-entertainment","13":"tag-exposition","14":"tag-fr","15":"tag-france","16":"tag-jean-dorlu00e9ans","17":"tag-louis-de-bourbon","18":"tag-paris","19":"tag-querelle-dynastique","20":"tag-sacre","21":"tag-savoir-faire","22":"tag-stu00e9phane-bern"},"share_on_mastodon":{"url":"https:\/\/pubeurope.com\/@fr\/114319015571882635","error":""},"_links":{"self":[{"href":"https:\/\/www.europesays.com\/fr\/wp-json\/wp\/v2\/posts\/17123","targetHints":{"allow":["GET"]}}],"collection":[{"href":"https:\/\/www.europesays.com\/fr\/wp-json\/wp\/v2\/posts"}],"about":[{"href":"https:\/\/www.europesays.com\/fr\/wp-json\/wp\/v2\/types\/post"}],"author":[{"embeddable":true,"href":"https:\/\/www.europesays.com\/fr\/wp-json\/wp\/v2\/users\/2"}],"replies":[{"embeddable":true,"href":"https:\/\/www.europesays.com\/fr\/wp-json\/wp\/v2\/comments?post=17123"}],"version-history":[{"count":0,"href":"https:\/\/www.europesays.com\/fr\/wp-json\/wp\/v2\/posts\/17123\/revisions"}],"wp:featuredmedia":[{"embeddable":true,"href":"https:\/\/www.europesays.com\/fr\/wp-json\/wp\/v2\/media\/17124"}],"wp:attachment":[{"href":"https:\/\/www.europesays.com\/fr\/wp-json\/wp\/v2\/media?parent=17123"}],"wp:term":[{"taxonomy":"category","embeddable":true,"href":"https:\/\/www.europesays.com\/fr\/wp-json\/wp\/v2\/categories?post=17123"},{"taxonomy":"post_tag","embeddable":true,"href":"https:\/\/www.europesays.com\/fr\/wp-json\/wp\/v2\/tags?post=17123"}],"curies":[{"name":"wp","href":"https:\/\/api.w.org\/{rel}","templated":true}]}}