{"id":171230,"date":"2025-06-12T16:33:02","date_gmt":"2025-06-12T16:33:02","guid":{"rendered":"https:\/\/www.europesays.com\/fr\/171230\/"},"modified":"2025-06-12T16:33:02","modified_gmt":"2025-06-12T16:33:02","slug":"et-si-le-championnat-devenait-la-f1-davant-a-cause-des-marquez","status":"publish","type":"post","link":"https:\/\/www.europesays.com\/fr\/171230\/","title":{"rendered":"et si le championnat devenait la F1 d&rsquo;avant \u00e0 cause des Marquez ?"},"content":{"rendered":"<p>Longtemps, la Formule 1 et son championnat ont \u00e9t\u00e9 qualifi\u00e9s \u00ab d&rsquo;ennuyant \u00bb. La supr\u00e9matie Mercedes-Hamilton a laiss\u00e9 place \u00e0 celle de Red Bull-Verstappen. Mais depuis l&rsquo;ann\u00e9e derni\u00e8re, la bataille est relanc\u00e9. \u00c0 l&rsquo;inverse, en MotoGP, alors que le championnat \u00e9tait disput\u00e9 depuis de nombreuses ann\u00e9es, cela semble se tasser avec le retour de Marquez. Ou plut\u00f4t DES Marquez.<\/p>\n<p>La MotoGP est domin\u00e9e par les fr\u00e8res Marquez<\/p>\n<p>Le championnat MotoGP est toujours tr\u00e8s disput\u00e9. M\u00eame pendant les ann\u00e9es de domination de Marc Marquez \u00e0 l&rsquo;\u00e9poque Honda-Respol, il y avait toujours un challenger pour le faire trembler. <strong>Depuis que <a href=\"https:\/\/www.sportauto.fr\/actu\/motogp-fabio-quartararo-met-la-pression-sur-yamaha-381327.html\" rel=\"nofollow noopener\" target=\"_blank\" data-ylk=\"slk:Fabio Quartararo;elm:context_link;itc:0;sec:content-canvas\" class=\"link \">Fabio Quartararo<\/a> a \u00e9t\u00e9 champion du monde, la course au titre est toujours plut\u00f4t haletante.<\/strong> Mais cette ann\u00e9e, le championnat semble d\u00e9j\u00e0 tu\u00e9.<br \/>Tu\u00e9 par qui ? Par les fr\u00e8res Marquez qui semblent dompter tous les circuits avec une aisance assez d\u00e9concertante. Depuis le d\u00e9but de cette saison 2025, les deux pilotes espagnol gagnent\u2026 Sauf s&rsquo;il tombent. <strong>Et le plus souvent, les autres pilotes MotoGP sont loin derri\u00e8re.<\/strong> <a href=\"https:\/\/www.sportauto.fr\/motogp\/motogp-grand-prix-qatar-2025-losail-programme-complet-tv-horaires-week-end-430818.html\" rel=\"nofollow noopener\" target=\"_blank\" data-ylk=\"slk:En Sprint,;elm:context_link;itc:0;sec:content-canvas\" class=\"link \">En Sprint,<\/a> la course du samedi, c&rsquo;est encore plus probant. Sur 8 courses Sprint cette saison, Marc Marquez (<a href=\"https:\/\/www.sportauto.fr\/actu\/nouveaute-actu\/ducati-panigale-v4-lamborghini-aura-que-63-dans-monde-images-431021.html\" rel=\"nofollow noopener\" target=\"_blank\" data-ylk=\"slk:Ducati officiel;elm:context_link;itc:0;sec:content-canvas\" class=\"link \">Ducati officiel<\/a>) en a remport\u00e9 7, dont 6 de rang. La huiti\u00e8me Sprint en MotoGP ? C&rsquo;est Alex Marquez <a href=\"https:\/\/www.motogp.com\/fr\/teams\/motogp\/bk8-gresini-racing-motogp\/11729e67-d2cb-41ad-b3a8-4a0ac5768a5f?tab=news\" rel=\"nofollow noopener\" target=\"_blank\" data-ylk=\"slk:(Ducati...Lire la suite sur Sport Auto;elm:context_link;itc:0;sec:content-canvas\" class=\"link \">(Ducati&#8230;<\/a><a href=\"https:\/\/www.sportauto.fr\/motogp\/motogp-et-si-championnat-devenait-f1-avant-cause-marquez-433170.html\" rel=\"nofollow noopener\" target=\"_blank\" data-ylk=\"slk:Lire la suite sur Sport Auto;elm:context_link;itc:0;sec:content-canvas\" class=\"link \">Lire la suite sur Sport Auto<\/a><\/p>\n","protected":false},"excerpt":{"rendered":"Longtemps, la Formule 1 et son championnat ont \u00e9t\u00e9 qualifi\u00e9s \u00ab d&rsquo;ennuyant \u00bb. La supr\u00e9matie Mercedes-Hamilton a laiss\u00e9&hellip;\n","protected":false},"author":2,"featured_media":171231,"comment_status":"","ping_status":"","sticky":false,"template":"","format":"standard","meta":{"footnotes":""},"categories":[1413],"tags":[4267,1680,1011,27,12369,1461,1457,1456,1458,60],"class_list":{"0":"post-171230","1":"post","2":"type-post","3":"status-publish","4":"format-standard","5":"has-post-thumbnail","7":"category-moto","8":"tag-alex-marquez","9":"tag-fabio-quartararo","10":"tag-fr","11":"tag-france","12":"tag-la-course","13":"tag-marc-marquez","14":"tag-moto","15":"tag-motocycle","16":"tag-motogp","17":"tag-sports"},"share_on_mastodon":{"url":"https:\/\/pubeurope.com\/@fr\/114671360674490668","error":""},"_links":{"self":[{"href":"https:\/\/www.europesays.com\/fr\/wp-json\/wp\/v2\/posts\/171230","targetHints":{"allow":["GET"]}}],"collection":[{"href":"https:\/\/www.europesays.com\/fr\/wp-json\/wp\/v2\/posts"}],"about":[{"href":"https:\/\/www.europesays.com\/fr\/wp-json\/wp\/v2\/types\/post"}],"author":[{"embeddable":true,"href":"https:\/\/www.europesays.com\/fr\/wp-json\/wp\/v2\/users\/2"}],"replies":[{"embeddable":true,"href":"https:\/\/www.europesays.com\/fr\/wp-json\/wp\/v2\/comments?post=171230"}],"version-history":[{"count":0,"href":"https:\/\/www.europesays.com\/fr\/wp-json\/wp\/v2\/posts\/171230\/revisions"}],"wp:featuredmedia":[{"embeddable":true,"href":"https:\/\/www.europesays.com\/fr\/wp-json\/wp\/v2\/media\/171231"}],"wp:attachment":[{"href":"https:\/\/www.europesays.com\/fr\/wp-json\/wp\/v2\/media?parent=171230"}],"wp:term":[{"taxonomy":"category","embeddable":true,"href":"https:\/\/www.europesays.com\/fr\/wp-json\/wp\/v2\/categories?post=171230"},{"taxonomy":"post_tag","embeddable":true,"href":"https:\/\/www.europesays.com\/fr\/wp-json\/wp\/v2\/tags?post=171230"}],"curies":[{"name":"wp","href":"https:\/\/api.w.org\/{rel}","templated":true}]}}