{"id":171242,"date":"2025-06-12T16:39:50","date_gmt":"2025-06-12T16:39:50","guid":{"rendered":"https:\/\/www.europesays.com\/fr\/171242\/"},"modified":"2025-06-12T16:39:50","modified_gmt":"2025-06-12T16:39:50","slug":"herve-cozic-dedicace-son-6e-polar-au-livre-et-la-plume-a-concarneau-vendredi-13-juin","status":"publish","type":"post","link":"https:\/\/www.europesays.com\/fr\/171242\/","title":{"rendered":"Herv\u00e9 Cozic d\u00e9dicace son 6e polar au Livre et la Plume \u00e0 Concarneau vendredi 13\u00a0juin"},"content":{"rendered":"<p>Herv\u00e9 Cozic n\u2019est pas superstitieux et compte sur la chance du vendredi 13 juin pour d\u00e9dicacer, de 9\u00a0h\u00a030 \u00e0 13\u00a0h, au Livre et la Plume \u00e0 Concarneau un maximum d\u2019exemplaires de son tout nouveau roman intitul\u00e9 \u00ab\u00a0Narco Breizh\u00a0\u00bb. Il s\u2019agit de la suite des enqu\u00eates de T\u2019Hom, le gendarme morbihannais.<\/p>\n<p>\u00ab\u00a0Dans ce roman, c\u2019est un peu comme le Club des cinq. T\u2019Hom emm\u00e8ne cinq jeunes Rospordinois dans la for\u00eat de Cascadec \u00e0 Sca\u00ebr pour d\u00e9couvrir \u00e0 la base la faune et la flore. Mais un avion va larguer trois ballots de coca\u00efne. Et l\u00e0 tout se complique\u00a0\u00bb explique l\u2019ancien major de gendarmerie.<\/p>\n<p>L\u2019auteur s\u2019inspire de faits divers<\/p>\n<p>On retrouve son personnage r\u00e9current, aux prises de dangereux trafiquants de drogue. Il va devoir collaborer avec les gendarmes comp\u00e9tents. On y ajoute une ambiance de festival puisque l\u2019intrigue se d\u00e9roule pendant les Vieilles Charrues. \u00ab\u00a0Je mets \u00e0 jour la mafia albanaise et non le dealer local car je voulais mettre l\u2019accent sur l\u2019ampleur de la drogue qui touche toute l\u2019Europe\u00a0\u00bb a expliqu\u00e9 l\u2019auteur. \u00ab\u00a0Dans ce livre, je mets aussi un terme au r\u00e9seau de stup\u00e9fiants mis \u00e0 jour dans un autre roman, \u00ab\u00a0Disparues\u00a0\u00bb sur Melgven. J\u2019\u00e9voque aussi le CBD pour bien distinguer le fait que ce n\u2019est pas de la drogue\u00a0\u00bb.<\/p>\n<p>L\u2019auteur s\u2019inspire de faits divers en y ins\u00e9rant son exp\u00e9rience professionnelle et des touches plus personnelles, d\u2019actualit\u00e9s et politiques. Il pr\u00e9pare d\u00e9j\u00e0 son 7e opus qui se d\u00e9roulera dans le pays de Lorient et Groix. \u00ab\u00a0Je vais parler de disparitions. Le livre s\u2019appelle pour le moment \u00ab\u00a0Le Pacte\u00a0\u00bb.\u00a0\u00bb<\/p>\n","protected":false},"excerpt":{"rendered":"Herv\u00e9 Cozic n\u2019est pas superstitieux et compte sur la chance du vendredi 13 juin pour d\u00e9dicacer, de 9\u00a0h\u00a030&hellip;\n","protected":false},"author":2,"featured_media":171243,"comment_status":"","ping_status":"","sticky":false,"template":"","format":"standard","meta":{"footnotes":""},"categories":[1357],"tags":[1379,3322,251,58,59,1011,27,1351,1380,4747],"class_list":{"0":"post-171242","1":"post","2":"type-post","3":"status-publish","4":"format-standard","5":"has-post-thumbnail","7":"category-livres","8":"tag-books","9":"tag-concarneau","10":"tag-culture","11":"tag-divertissement","12":"tag-entertainment","13":"tag-fr","14":"tag-france","15":"tag-litterature","16":"tag-livres","17":"tag-polar"},"share_on_mastodon":{"url":"https:\/\/pubeurope.com\/@fr\/114671388204157719","error":""},"_links":{"self":[{"href":"https:\/\/www.europesays.com\/fr\/wp-json\/wp\/v2\/posts\/171242","targetHints":{"allow":["GET"]}}],"collection":[{"href":"https:\/\/www.europesays.com\/fr\/wp-json\/wp\/v2\/posts"}],"about":[{"href":"https:\/\/www.europesays.com\/fr\/wp-json\/wp\/v2\/types\/post"}],"author":[{"embeddable":true,"href":"https:\/\/www.europesays.com\/fr\/wp-json\/wp\/v2\/users\/2"}],"replies":[{"embeddable":true,"href":"https:\/\/www.europesays.com\/fr\/wp-json\/wp\/v2\/comments?post=171242"}],"version-history":[{"count":0,"href":"https:\/\/www.europesays.com\/fr\/wp-json\/wp\/v2\/posts\/171242\/revisions"}],"wp:featuredmedia":[{"embeddable":true,"href":"https:\/\/www.europesays.com\/fr\/wp-json\/wp\/v2\/media\/171243"}],"wp:attachment":[{"href":"https:\/\/www.europesays.com\/fr\/wp-json\/wp\/v2\/media?parent=171242"}],"wp:term":[{"taxonomy":"category","embeddable":true,"href":"https:\/\/www.europesays.com\/fr\/wp-json\/wp\/v2\/categories?post=171242"},{"taxonomy":"post_tag","embeddable":true,"href":"https:\/\/www.europesays.com\/fr\/wp-json\/wp\/v2\/tags?post=171242"}],"curies":[{"name":"wp","href":"https:\/\/api.w.org\/{rel}","templated":true}]}}