{"id":171265,"date":"2025-06-12T16:51:11","date_gmt":"2025-06-12T16:51:11","guid":{"rendered":"https:\/\/www.europesays.com\/fr\/171265\/"},"modified":"2025-06-12T16:51:11","modified_gmt":"2025-06-12T16:51:11","slug":"les-gagnants-du-concours-president-ont-fete-leur-victoire","status":"publish","type":"post","link":"https:\/\/www.europesays.com\/fr\/171265\/","title":{"rendered":"les gagnants du concours \u00ab\u00a0Pr\u00e9sident\u00a0\u00bb ont f\u00eat\u00e9 leur victoire"},"content":{"rendered":"<p>Une grande victoire implique de grandes responsabilit\u00e9s. Maxence Bayle et Yoann Fernandez, \u00e9l\u00e8ves \u00e0 l\u2019\u00e9cole h\u00f4teli\u00e8re Le Renouveau, se devaient de pr\u00e9senter leur travail au cours d\u2019une soir\u00e9e gastronomique dans leur \u00e9cole, une sorte de \u00ab\u00a0masterclass\u00a0\u00bb.<\/p>\n<p>Des plats qui mettent en valeur la Loire<\/p>\n<p>Mardi 10\u00a0juin, le restaurant de l\u2019\u00e9cole affichait complet, les participants \u00e0 ce repas ont appr\u00e9ci\u00e9 le menu inspir\u00e9 des produits lig\u00e9riens. \u00ab\u00a0Nous avons voulu pr\u00e9senter aux \u00e9l\u00e8ves et aux clients les plats pr\u00e9sent\u00e9s au concours et leur raconter notre aventure, \u00e0 des proches, des personnes qu\u2019on conna\u00eet et des amateurs de gastronomie\u00a0\u00bb, ont&#8230;<\/p>\n","protected":false},"excerpt":{"rendered":"Une grande victoire implique de grandes responsabilit\u00e9s. Maxence Bayle et Yoann Fernandez, \u00e9l\u00e8ves \u00e0 l\u2019\u00e9cole h\u00f4teli\u00e8re Le Renouveau,&hellip;\n","protected":false},"author":2,"featured_media":171266,"comment_status":"","ping_status":"","sticky":false,"template":"","format":"standard","meta":{"footnotes":""},"categories":[9653],"tags":[1111,11,2430,4406,33,7539,1777,674,1011,27,6016,12,25,12491,4001,17929],"class_list":{"0":"post-171265","1":"post","2":"type-post","3":"status-publish","4":"format-standard","5":"has-post-thumbnail","7":"category-saint-etienne","8":"tag-actu","9":"tag-actualites","10":"tag-auvergne-rhone-alpes","11":"tag-commerce-et-services","12":"tag-economie","13":"tag-edition-loire-sud","14":"tag-eu","15":"tag-europe","16":"tag-fr","17":"tag-france","18":"tag-magazine-cuisine-et-vins","19":"tag-news","20":"tag-republique-francaise","21":"tag-roche-la-moliere-bassin","22":"tag-saint-etienne","23":"tag-saint-genest-lerpt"},"share_on_mastodon":{"url":"https:\/\/pubeurope.com\/@fr\/114671431438038484","error":""},"_links":{"self":[{"href":"https:\/\/www.europesays.com\/fr\/wp-json\/wp\/v2\/posts\/171265","targetHints":{"allow":["GET"]}}],"collection":[{"href":"https:\/\/www.europesays.com\/fr\/wp-json\/wp\/v2\/posts"}],"about":[{"href":"https:\/\/www.europesays.com\/fr\/wp-json\/wp\/v2\/types\/post"}],"author":[{"embeddable":true,"href":"https:\/\/www.europesays.com\/fr\/wp-json\/wp\/v2\/users\/2"}],"replies":[{"embeddable":true,"href":"https:\/\/www.europesays.com\/fr\/wp-json\/wp\/v2\/comments?post=171265"}],"version-history":[{"count":0,"href":"https:\/\/www.europesays.com\/fr\/wp-json\/wp\/v2\/posts\/171265\/revisions"}],"wp:featuredmedia":[{"embeddable":true,"href":"https:\/\/www.europesays.com\/fr\/wp-json\/wp\/v2\/media\/171266"}],"wp:attachment":[{"href":"https:\/\/www.europesays.com\/fr\/wp-json\/wp\/v2\/media?parent=171265"}],"wp:term":[{"taxonomy":"category","embeddable":true,"href":"https:\/\/www.europesays.com\/fr\/wp-json\/wp\/v2\/categories?post=171265"},{"taxonomy":"post_tag","embeddable":true,"href":"https:\/\/www.europesays.com\/fr\/wp-json\/wp\/v2\/tags?post=171265"}],"curies":[{"name":"wp","href":"https:\/\/api.w.org\/{rel}","templated":true}]}}