{"id":171267,"date":"2025-06-12T16:52:10","date_gmt":"2025-06-12T16:52:10","guid":{"rendered":"https:\/\/www.europesays.com\/fr\/171267\/"},"modified":"2025-06-12T16:52:10","modified_gmt":"2025-06-12T16:52:10","slug":"un-salon-des-vins-et-de-la-musique-au-fil","status":"publish","type":"post","link":"https:\/\/www.europesays.com\/fr\/171267\/","title":{"rendered":"un salon des vins et de la musique au Fil"},"content":{"rendered":"<p>Comme le vin qu\u2019ils promeuvent ensemble, le lien entre Chez Lulu et Le Fil s\u2019est fait naturellement. \u00ab\u00a0Pour la troisi\u00e8me \u00e9dition, nous recherchions un nouveau lieu pour La Fuchine. Puis nous avons rencontr\u00e9 Julien Pickering.\u00a0\u00bb Celui qui \u00e9tait alors le nouveau programmateur du Fil avait, lors de sa candidature pour ce poste, \u00e9mis le souhait d\u2019organiser un salon des vins dans la salle des musiques actuelles. L\u2019entente a donc \u00e9t\u00e9 tr\u00e8s rapide, et la troisi\u00e8me \u00e9dition tr\u00e8s r\u00e9ussie.<\/p>\n<p>Le quatri\u00e8me salon des vins nature se&#8230;<\/p>\n","protected":false},"excerpt":{"rendered":"Comme le vin qu\u2019ils promeuvent ensemble, le lien entre Chez Lulu et Le Fil s\u2019est fait naturellement. \u00ab\u00a0Pour&hellip;\n","protected":false},"author":2,"featured_media":171268,"comment_status":"","ping_status":"","sticky":false,"template":"","format":"standard","meta":{"footnotes":""},"categories":[9653],"tags":[1111,11,2430,1687,7539,1777,674,1685,1011,27,12,25,4001,7538],"class_list":{"0":"post-171267","1":"post","2":"type-post","3":"status-publish","4":"format-standard","5":"has-post-thumbnail","7":"category-saint-etienne","8":"tag-actu","9":"tag-actualites","10":"tag-auvergne-rhone-alpes","11":"tag-culture-loisirs","12":"tag-edition-loire-sud","13":"tag-eu","14":"tag-europe","15":"tag-foire-et-salon","16":"tag-fr","17":"tag-france","18":"tag-news","19":"tag-republique-francaise","20":"tag-saint-etienne","21":"tag-saint-etienne-ville"},"share_on_mastodon":{"url":"https:\/\/pubeurope.com\/@fr\/114671435282108447","error":""},"_links":{"self":[{"href":"https:\/\/www.europesays.com\/fr\/wp-json\/wp\/v2\/posts\/171267","targetHints":{"allow":["GET"]}}],"collection":[{"href":"https:\/\/www.europesays.com\/fr\/wp-json\/wp\/v2\/posts"}],"about":[{"href":"https:\/\/www.europesays.com\/fr\/wp-json\/wp\/v2\/types\/post"}],"author":[{"embeddable":true,"href":"https:\/\/www.europesays.com\/fr\/wp-json\/wp\/v2\/users\/2"}],"replies":[{"embeddable":true,"href":"https:\/\/www.europesays.com\/fr\/wp-json\/wp\/v2\/comments?post=171267"}],"version-history":[{"count":0,"href":"https:\/\/www.europesays.com\/fr\/wp-json\/wp\/v2\/posts\/171267\/revisions"}],"wp:featuredmedia":[{"embeddable":true,"href":"https:\/\/www.europesays.com\/fr\/wp-json\/wp\/v2\/media\/171268"}],"wp:attachment":[{"href":"https:\/\/www.europesays.com\/fr\/wp-json\/wp\/v2\/media?parent=171267"}],"wp:term":[{"taxonomy":"category","embeddable":true,"href":"https:\/\/www.europesays.com\/fr\/wp-json\/wp\/v2\/categories?post=171267"},{"taxonomy":"post_tag","embeddable":true,"href":"https:\/\/www.europesays.com\/fr\/wp-json\/wp\/v2\/tags?post=171267"}],"curies":[{"name":"wp","href":"https:\/\/api.w.org\/{rel}","templated":true}]}}