{"id":171279,"date":"2025-06-12T16:59:10","date_gmt":"2025-06-12T16:59:10","guid":{"rendered":"https:\/\/www.europesays.com\/fr\/171279\/"},"modified":"2025-06-12T16:59:10","modified_gmt":"2025-06-12T16:59:10","slug":"une-femme-suivie-en-sortant-du-tramway-et-rouee-de-coups-par-quatre-adolescentes","status":"publish","type":"post","link":"https:\/\/www.europesays.com\/fr\/171279\/","title":{"rendered":"une femme suivie en sortant du tramway et rou\u00e9e de coups par quatre adolescentes"},"content":{"rendered":"<p>            Par<br \/>\n        <strong><br \/>\n            <a href=\"https:\/\/actu.fr\/auteur\/lea-pippinato\" title=\"Consulter tous les articles de L\u00e9a Pippinato\" rel=\"nofollow noopener\" target=\"_blank\">L\u00e9a Pippinato<\/a><br \/>\n        <\/strong><\/p>\n<p>        Publi\u00e9 le<\/p>\n<p>            12 juin 2025 \u00e0 18h37        <\/p>\n<p><strong>Ce mardi 10 juin 2025<\/strong>, vers 23h, une femme de 39 ans rentre chez elle \u00e0 bord de la ligne 3 du tramway \u00e0 Montpellier. Elle ne se doute pas qu\u2019elle va devenir la cible d\u2019une agression gratuite. Quatre adolescentes, \u00e2g\u00e9es de 14 \u00e0 17 ans, montent dans le tram. Elles s\u2019installent pr\u00e8s d\u2019elle. Sans raison apparente, elles la bousculent et la poussent contre la vitre. Elles cherchent le conflit. La victime garde son calme. Elle ne r\u00e9pond pas aux provocations. Arriv\u00e9e \u00e0 l\u2019arr\u00eat Rives du Lez, entre Antigone et l\u2019H\u00f4tel de Ville, elle descend, mais les adolescentes la suivent.<\/p>\n<p>    <a href=\"https:\/\/www.google.com\/maps\/embed?pb=!1m18!1m12!1m3!1d23106.53565652367!2d3.8731775999999996!3d43.620761599999994!2m3!1f0!2f0!3f0!3m2!1i1024!2i768!4f13.1!3m3!1m2!1s0x12b6af9c9e134c35%3A0x68df4383115981d!2sRives%20du%20Lez!5e0!3m2!1sfr!2sfr!4v1749746001534!5m2!1sfr!2sfr\" title=\"Ouvrie le lien\" rel=\"nofollow noopener\" target=\"_blank\">Cliquez ici pour visualiser le contenu<\/a><\/p>\n<p>Une embuscade devant son immeuble<\/p>\n<p class=\" wall-content\">La femme marche jusqu\u2019\u00e0 la rue de la Constituante. Devant la porte de son immeuble, les adolescentes l\u2019interpellent, l\u2019emp\u00eachent d\u2019entrer, et l\u2019insultent. Puis, elles exigent son t\u00e9l\u00e9phone portable. Elle refuse et appelle \u00e0 l\u2019aide. C\u2019est alors que la violence \u00e9clate. Les coups pleuvent. Poings, pieds, tirages de cheveux. La victime tombe au sol. Elle souffre de douleurs aux cervicales et aux lombaires. Trois jours d\u2019incapacit\u00e9 totale de travail lui sont prescrits. Elle est \u00e9galement en \u00e9tat de choc.<\/p>\n<p>Un t\u00e9moin au balcon<\/p>\n<p class=\" wall-content\">Depuis son balcon, un homme de 32 ans assiste \u00e0 la sc\u00e8ne. Il intervient imm\u00e9diatement, mais les adolescentes prennent la fuite. L\u2019homme se lance \u00e0 leur poursuite. Il rattrape l\u2019une d\u2019entre elles avenue de Palavas. La jeune fille tente de se d\u00e9fendre. Elle le frappe et le mord au bras. Il parvient malgr\u00e9 tout \u00e0 la ma\u00eetriser. Les policiers du groupe de s\u00e9curit\u00e9 de proximit\u00e9 (GSP) arrivent \u00e0 leur tour.\u00a0<\/p>\n<p class=\" wall-content\">La jeune fille interpell\u00e9e a 14 ans. Sur le trajet du retour vers l\u2019h\u00f4tel de police, les agents rep\u00e8rent trois adolescentes cach\u00e9es derri\u00e8re des voitures, rue Charles Perrault. Il s\u2019agit des autres agresseuses. Elles ont 14, 15 et 17 ans. Toutes sont interpell\u00e9es dans la soir\u00e9e. Plac\u00e9es en garde \u00e0 vue, elles sont identifi\u00e9es par la victime et les t\u00e9moins. Trois d\u2019entre elles devront compara\u00eetre devant le juge des enfants <strong>le 14 octobre prochain<\/strong>. La quatri\u00e8me est convoqu\u00e9e au tribunal de B\u00e9ziers, o\u00f9 elle r\u00e9side.<\/p>\n<p>Vid\u00e9os : en ce moment sur Actu<\/p>\n<p class=\" wall-content\">Suivez toute l\u2019actualit\u00e9 de vos villes et m\u00e9dias favoris en vous inscrivant \u00e0 <a href=\"https:\/\/moncompte.actu.fr\" title=\"D\u00e9couvez Mon Actu\" rel=\"nofollow noopener\" data-trk=\"{&quot;cta&quot;:{&quot;action&quot;:&quot;https:\\\/\\\/moncompte.actu.fr&quot;,&quot;category&quot;:&quot;mon compte&quot;,&quot;from&quot;:&quot;article footer&quot;,&quot;name&quot;:&quot;Mon actu&quot;,&quot;type&quot;:&quot;cta&quot;}}\" target=\"_blank\">Mon Actu<\/a>.<\/p>\n","protected":false},"excerpt":{"rendered":"Par L\u00e9a Pippinato Publi\u00e9 le 12 juin 2025 \u00e0 18h37 Ce mardi 10 juin 2025, vers 23h, une&hellip;\n","protected":false},"author":2,"featured_media":171280,"comment_status":"","ping_status":"","sticky":false,"template":"","format":"standard","meta":{"footnotes":""},"categories":[9599],"tags":[1111,11,1777,674,118,1011,27,2208,12,2680,1072,25,2803,7501],"class_list":{"0":"post-171279","1":"post","2":"type-post","3":"status-publish","4":"format-standard","5":"has-post-thumbnail","7":"category-montpellier","8":"tag-actu","9":"tag-actualites","10":"tag-eu","11":"tag-europe","12":"tag-faits-divers","13":"tag-fr","14":"tag-france","15":"tag-montpellier","16":"tag-news","17":"tag-occitanie","18":"tag-police","19":"tag-republique-francaise","20":"tag-transport","21":"tag-violences-urbaines"},"share_on_mastodon":{"url":"https:\/\/pubeurope.com\/@fr\/114671462899207515","error":""},"_links":{"self":[{"href":"https:\/\/www.europesays.com\/fr\/wp-json\/wp\/v2\/posts\/171279","targetHints":{"allow":["GET"]}}],"collection":[{"href":"https:\/\/www.europesays.com\/fr\/wp-json\/wp\/v2\/posts"}],"about":[{"href":"https:\/\/www.europesays.com\/fr\/wp-json\/wp\/v2\/types\/post"}],"author":[{"embeddable":true,"href":"https:\/\/www.europesays.com\/fr\/wp-json\/wp\/v2\/users\/2"}],"replies":[{"embeddable":true,"href":"https:\/\/www.europesays.com\/fr\/wp-json\/wp\/v2\/comments?post=171279"}],"version-history":[{"count":0,"href":"https:\/\/www.europesays.com\/fr\/wp-json\/wp\/v2\/posts\/171279\/revisions"}],"wp:featuredmedia":[{"embeddable":true,"href":"https:\/\/www.europesays.com\/fr\/wp-json\/wp\/v2\/media\/171280"}],"wp:attachment":[{"href":"https:\/\/www.europesays.com\/fr\/wp-json\/wp\/v2\/media?parent=171279"}],"wp:term":[{"taxonomy":"category","embeddable":true,"href":"https:\/\/www.europesays.com\/fr\/wp-json\/wp\/v2\/categories?post=171279"},{"taxonomy":"post_tag","embeddable":true,"href":"https:\/\/www.europesays.com\/fr\/wp-json\/wp\/v2\/tags?post=171279"}],"curies":[{"name":"wp","href":"https:\/\/api.w.org\/{rel}","templated":true}]}}