{"id":171281,"date":"2025-06-12T17:00:40","date_gmt":"2025-06-12T17:00:40","guid":{"rendered":"https:\/\/www.europesays.com\/fr\/171281\/"},"modified":"2025-06-12T17:00:40","modified_gmt":"2025-06-12T17:00:40","slug":"vers-une-ouverture-debut-aout","status":"publish","type":"post","link":"https:\/\/www.europesays.com\/fr\/171281\/","title":{"rendered":"vers une ouverture \u00ab\u00a0d\u00e9but ao\u00fbt\u00a0\u00bb"},"content":{"rendered":"\n<p>Bient\u00f4t la fin du feuilleton dans l&rsquo;agglo rouennaise.<strong> Termin\u00e9e depuis deux ans, la piscine du plateau est reste en attente de ses premiers nageurs<\/strong>\u00a0: la faute \u00e0 un avis d\u00e9favorable rendu par les autorit\u00e9s sanitaires pour une ouverture compl\u00e8te de la structure avec son syst\u00e8me de filtration biomin\u00e9ral. Depuis, une conversion est men\u00e9e pour revenir \u00e0 un syst\u00e8me traditionnel \u00e0 base de chlore. \u00ab\u00a0On a choisi une filtration \u00e0 perlite pour remplacer le syst\u00e8me qui avait \u00e9t\u00e9 mis en place. <strong>Les<\/strong><strong> entreprises sont en train de changer les filtres en ce moment<\/strong>. Le chantier avance normalement\u00a0\u00bb explique Jean-Guy Lecouteux, maire de Belbeuf et pr\u00e9sident du SICAPER, le syndicat intercommunal du centre aquatique.<\/p>\n<p>Premi\u00e8res brasses a priori d\u00e8s cet \u00e9t\u00e9<\/p>\n<p>La fin de la longue attente semble donc d\u00e9sormais tr\u00e8s proche. Si tout va bien, habitants du secteur et usagers de passage pourront enfiler leurs maillots de bain d&rsquo;ici quelques semaines et profiteront du grand bassin de six couloirs sur 25 m\u00e8tres de long, du bassin d&rsquo;apprentissage ou encore de l&rsquo;espace bien-\u00eatre. <strong>\u00ab\u00a0L\u00e0, on est parti sur un timing pour pouvoir l&rsquo;ouvrir cet \u00e9t\u00e9. Nous n&rsquo;avons pas de date pr\u00e9cise, mais nous tablons sur le milieu de l&rsquo;\u00e9t\u00e9, d\u00e9but ao\u00fbt\u00a0\u00bb <\/strong>avance, confiant, Jean-Guy Lecouteux.<\/p>\n<p> Plus d&rsquo;un million d&rsquo;euros suppl\u00e9mentaire<\/p>\n<p>Mais ces atermoiements r\u00e9glementaires ne sont pas sans cons\u00e9quence pour Belbeuf, o\u00f9 est implant\u00e9e la piscine, pas plus que pour les neuf autres communes de l&rsquo;agglo rouennaise membres du syndicat : elles ont d\u00fb d\u00e9bourser la coquette somme de 700 000 euros pour changer les filtres, ajout\u00e9e \u00e0 d&rsquo;autres d\u00e9penses suppl\u00e9mentaires qui font gonfler la facture finale, et la porte d\u00e9sormais \u00e0 19 millions d&rsquo;euros. <strong>\u00ab\u00a0Il y a 1 100 000 euros de plus qui sont engag\u00e9s pour sortir de l&rsquo;impasse dans laquelle on \u00e9tait\u00a0\u00bb <\/strong>chiffre Jean-Guy Lecouteux, \u00e0 la t\u00eate d&rsquo;un syndicat qui doit encore choisir le d\u00e9l\u00e9gataire de service public en vue d&rsquo;assurer la gestion du centre aquatique. Quatre candidats sont en lice.<\/p>\n","protected":false},"excerpt":{"rendered":"Bient\u00f4t la fin du feuilleton dans l&rsquo;agglo rouennaise. Termin\u00e9e depuis deux ans, la piscine du plateau est reste&hellip;\n","protected":false},"author":2,"featured_media":171282,"comment_status":"","ping_status":"","sticky":false,"template":"","format":"standard","meta":{"footnotes":""},"categories":[9587],"tags":[1111,11,30595,30598,30604,30603,30608,1777,674,1011,27,30596,30601,22461,30607,30602,12,5161,30591,30594,30593,30600,30592,30605,30597,30599,25,9590,5163,30606],"class_list":{"0":"post-171281","1":"post","2":"type-post","3":"status-publish","4":"format-standard","5":"has-post-thumbnail","7":"category-rouen","8":"tag-actu","9":"tag-actualites","10":"tag-belbeuf","11":"tag-centre-aquatique","12":"tag-contribuable-rouennais","13":"tag-couteux-comme-la-piscine","14":"tag-date-douverture-piscine","15":"tag-eu","16":"tag-europe","17":"tag-fr","18":"tag-france","19":"tag-franqueville-saint-pierre","20":"tag-info-76","21":"tag-infos-rouen","22":"tag-infos-rouen-google","23":"tag-jean-guy-lecouteux","24":"tag-news","25":"tag-normandie","26":"tag-ouverture-piscine-plateau-est","27":"tag-piscine-belbeuf","28":"tag-piscine-franqueville","29":"tag-piscine-mesnil-esnard","30":"tag-piscine-plateau-est","31":"tag-piscine-toujours-fermee","32":"tag-piscines-agglomeration-rouen","33":"tag-piscines-rouen","34":"tag-republique-francaise","35":"tag-rouen","36":"tag-seine-maritime","37":"tag-sicaver"},"share_on_mastodon":{"url":"","error":"Validation failed: Text character limit of 500 exceeded"},"_links":{"self":[{"href":"https:\/\/www.europesays.com\/fr\/wp-json\/wp\/v2\/posts\/171281","targetHints":{"allow":["GET"]}}],"collection":[{"href":"https:\/\/www.europesays.com\/fr\/wp-json\/wp\/v2\/posts"}],"about":[{"href":"https:\/\/www.europesays.com\/fr\/wp-json\/wp\/v2\/types\/post"}],"author":[{"embeddable":true,"href":"https:\/\/www.europesays.com\/fr\/wp-json\/wp\/v2\/users\/2"}],"replies":[{"embeddable":true,"href":"https:\/\/www.europesays.com\/fr\/wp-json\/wp\/v2\/comments?post=171281"}],"version-history":[{"count":0,"href":"https:\/\/www.europesays.com\/fr\/wp-json\/wp\/v2\/posts\/171281\/revisions"}],"wp:featuredmedia":[{"embeddable":true,"href":"https:\/\/www.europesays.com\/fr\/wp-json\/wp\/v2\/media\/171282"}],"wp:attachment":[{"href":"https:\/\/www.europesays.com\/fr\/wp-json\/wp\/v2\/media?parent=171281"}],"wp:term":[{"taxonomy":"category","embeddable":true,"href":"https:\/\/www.europesays.com\/fr\/wp-json\/wp\/v2\/categories?post=171281"},{"taxonomy":"post_tag","embeddable":true,"href":"https:\/\/www.europesays.com\/fr\/wp-json\/wp\/v2\/tags?post=171281"}],"curies":[{"name":"wp","href":"https:\/\/api.w.org\/{rel}","templated":true}]}}