{"id":171285,"date":"2025-06-12T17:02:23","date_gmt":"2025-06-12T17:02:23","guid":{"rendered":"https:\/\/www.europesays.com\/fr\/171285\/"},"modified":"2025-06-12T17:02:23","modified_gmt":"2025-06-12T17:02:23","slug":"grenoble-la-guinguette-de-la-belle-electrique-rouvre-ses-portes","status":"publish","type":"post","link":"https:\/\/www.europesays.com\/fr\/171285\/","title":{"rendered":"Grenoble. La guinguette de La Belle \u00c9lectrique rouvre ses portes"},"content":{"rendered":"<p>La Guinguette \u00c9lectrique fait son grand retour pour une 7e \u00e9dition sur l\u2019esplanade Andry-Farcy. Trois semaines de f\u00eate en plein air, enti\u00e8rement gratuites, du mercredi au samedi, dans une ambiance chaleureuse et singuli\u00e8re port\u00e9e par l\u2019\u00e9nergie collective qui fait l\u2019\u00e2me de la guinguette imagin\u00e9e par La Belle \u00c9lectrique. Rap UK, afro-colombien, rock, reggaeton, \u00e9lectro br\u00e9silienne\u2026 tous les styles de musique seront repr\u00e9sent\u00e9s. Une cuisine maison compos\u00e9e de produits locaux et des boissons fra\u00eeches seront \u00e0 savourer confortablement install\u00e9s dans un transat ou autour d\u2019une grande tabl\u00e9e conviviale. Enfin, l\u2019espace enfant devient un terrain de jeu pour dessiner, s\u2019exprimer, jouer en toute libert\u00e9. Chaque mercredi, un spectacle familial vient \u00e9galement lancer la soir\u00e9e tout en douceur, l\u2019occasion id\u00e9ale pour profiter du d\u00e9but de soir\u00e9e.<\/p>\n<p class=\"note\">Du mercredi au samedi de 18 heures \u00e0 minuit, du 21\u00a0juin au 12\u00a0juillet, esplanade Andry-Farcy. Gratuit.<\/p>\n","protected":false},"excerpt":{"rendered":"La Guinguette \u00c9lectrique fait son grand retour pour une 7e \u00e9dition sur l\u2019esplanade Andry-Farcy. Trois semaines de f\u00eate&hellip;\n","protected":false},"author":2,"featured_media":171286,"comment_status":"","ping_status":"","sticky":false,"template":"","format":"standard","meta":{"footnotes":""},"categories":[9566],"tags":[1111,11,2430,1687,112,1777,674,1011,27,2731,2732,108,12,25,3140],"class_list":{"0":"post-171285","1":"post","2":"type-post","3":"status-publish","4":"format-standard","5":"has-post-thumbnail","7":"category-grenoble","8":"tag-actu","9":"tag-actualites","10":"tag-auvergne-rhone-alpes","11":"tag-culture-loisirs","12":"tag-edition-grenoble-agglomeration","13":"tag-eu","14":"tag-europe","15":"tag-fr","16":"tag-france","17":"tag-grenoble","18":"tag-grenoble-bassin","19":"tag-isere","20":"tag-news","21":"tag-republique-francaise","22":"tag-spectacle"},"share_on_mastodon":{"url":"https:\/\/pubeurope.com\/@fr\/114671474653386403","error":""},"_links":{"self":[{"href":"https:\/\/www.europesays.com\/fr\/wp-json\/wp\/v2\/posts\/171285","targetHints":{"allow":["GET"]}}],"collection":[{"href":"https:\/\/www.europesays.com\/fr\/wp-json\/wp\/v2\/posts"}],"about":[{"href":"https:\/\/www.europesays.com\/fr\/wp-json\/wp\/v2\/types\/post"}],"author":[{"embeddable":true,"href":"https:\/\/www.europesays.com\/fr\/wp-json\/wp\/v2\/users\/2"}],"replies":[{"embeddable":true,"href":"https:\/\/www.europesays.com\/fr\/wp-json\/wp\/v2\/comments?post=171285"}],"version-history":[{"count":0,"href":"https:\/\/www.europesays.com\/fr\/wp-json\/wp\/v2\/posts\/171285\/revisions"}],"wp:featuredmedia":[{"embeddable":true,"href":"https:\/\/www.europesays.com\/fr\/wp-json\/wp\/v2\/media\/171286"}],"wp:attachment":[{"href":"https:\/\/www.europesays.com\/fr\/wp-json\/wp\/v2\/media?parent=171285"}],"wp:term":[{"taxonomy":"category","embeddable":true,"href":"https:\/\/www.europesays.com\/fr\/wp-json\/wp\/v2\/categories?post=171285"},{"taxonomy":"post_tag","embeddable":true,"href":"https:\/\/www.europesays.com\/fr\/wp-json\/wp\/v2\/tags?post=171285"}],"curies":[{"name":"wp","href":"https:\/\/api.w.org\/{rel}","templated":true}]}}