{"id":171287,"date":"2025-06-12T17:05:36","date_gmt":"2025-06-12T17:05:36","guid":{"rendered":"https:\/\/www.europesays.com\/fr\/171287\/"},"modified":"2025-06-12T17:05:36","modified_gmt":"2025-06-12T17:05:36","slug":"grenoble-condamnation-dimad-tintin-pour-menaces-de-violences-a-450-euros-damende-le-parquet-fait-appel","status":"publish","type":"post","link":"https:\/\/www.europesays.com\/fr\/171287\/","title":{"rendered":"Grenoble. Condamnation d\u2019Imad Tintin pour menaces de violences\u00a0\u00e0 450 euros d\u2019amende : le parquet fait appel"},"content":{"rendered":"<p>Le procureur de la R\u00e9publique de Grenoble a fait appel de la condamnation, mardi, d\u2019Imad Tintin \u00e0 une amende de 450\u00a0euros, a annonc\u00e9 Me Alexandre Rouvier, l\u2019avocat de l\u2019influenceur alg\u00e9rien, ce jeudi.<\/p>\n<p>Imad Ould Brahim, dit Imad Tintin, \u00e9tait initialement poursuivi pour \u00ab\u00a0provocation directe \u00e0 un acte de terrorisme\u00a0\u00bb, un d\u00e9lit passible de 7 ans d\u2019emprisonnement, pour des propos tenus sur Tik-Tok qui, selon une premi\u00e8re traduction, appelaient \u00e0 \u00ab\u00a0br\u00fbler vif, tuer et violer sur le sol fran\u00e7ais\u00a0\u00bb. Pr\u00e9sent\u00e9 devant le tribunal correctionnel le 6\u00a0janvier dernier dans le cadre d\u2019une proc\u00e9dure de comparution imm\u00e9diate, l\u2019homme de 31 ans install\u00e9 \u00e0 \u00c9chirolles avait \u00e9t\u00e9 plac\u00e9 en <a href=\"https:\/\/www.google.com\/url?sa=t&amp;source=web&amp;rct=j&amp;opi=89978449&amp;url=https:\/\/www.ledauphine.com\/faits-divers-justice\/2025\/01\/06\/isere-grenoble-l-influenceur-algerien-imad-tintin-sera-juge-le-5-mars-et-a-ete-ecroue&amp;ved=2ahUKEwj-4pCmneyNAxXVdqQEHYCkKbQQxfQBKAB6BAgREAE&amp;usg=AOvVaw1_VRKgRPiF5lUvZq29eFty\" target=\"_blank\" rel=\"nofollow noopener\">d\u00e9tention provisoire<\/a> dans l\u2019attente de son proc\u00e8s pr\u00e9vu le 5\u00a0mars. Mais ce jour-l\u00e0, le tribunal avait ordonn\u00e9 un nouveau renvoi de l\u2019affaire au 23\u00a0mai afin que soit r\u00e9alis\u00e9e une nouvelle traduction des propos reproch\u00e9s \u00e0 l\u2019\u00c9chirollois qui avait alors \u00e9t\u00e9 remis en libert\u00e9.<\/p>\n<p>  Quand la traduction fait d\u00e9bat<\/p>\n<p>Finalement, un expert pr\u00e8s la Cour de cassation avait traduit ses termes par \u00ab\u00a0Nous les Alg\u00e9riens, nous les gens du sang, nous avons grandi dans le sang [\u2026] on va vous mettre le feu\u00a0\u00bb. Des propos visant, selon l\u2019influenceur, les opposants au r\u00e9gime alg\u00e9rien et non la France.<\/p>\n<p>Le <a href=\"https:\/\/www.ledauphine.com\/faits-divers-justice\/2025\/05\/23\/isere-grenoble-l-emballement-politique-mediatique-et-judiciaire-au-coeur-du-proces-de-l-influenceur-algerien-imad-tintin\" target=\"_blank\" rel=\"nofollow noopener\">23\u00a0mai<\/a> , le procureur avait demand\u00e9 la requalification des faits en \u201cmenace de commettre un crime ou un d\u00e9lit contre les personnes\u201d, un d\u00e9lit passible d\u2019une peine de six mois d\u2019emprisonnement et 7\u00a0500\u00a0euros d\u2019amende. Il avait requis une peine de six mois de prison, dont quatre mois avec sursis, \u00e0 l\u2019encontre d\u2019Imad Ould Brahim.<\/p>\n<p>Mardi 10\u00a0juin, le tribunal correctionnel de Grenoble qui avait mis sa d\u00e9cision en d\u00e9lib\u00e9r\u00e9 \u00e0 l\u2019issue de l\u2019audience du 23\u00a0mai, est all\u00e9 encore plus loin dans la requalification des faits en estimant qu\u2019il s\u2019agissait de \u00ab\u00a0menaces de commettre des violences\u00a0\u00bb, une contravention de 3e classe pour laquelle il a donc condamn\u00e9 Imad Ould Brahim \u00e0 une amende de <a href=\"https:\/\/www.ledauphine.com\/faits-divers-justice\/2025\/06\/10\/imad-tintin-condamne-a-une-amende-quand-la-politique-vient-mettre-son-nez-dans-la-justice-ce-n-est-pas-une-bonne-chose\" target=\"_blank\" rel=\"nofollow noopener\">450\u00a0euros<\/a>. Condamnation dont le procureur a donc fait appel.<\/p>\n","protected":false},"excerpt":{"rendered":"Le procureur de la R\u00e9publique de Grenoble a fait appel de la condamnation, mardi, d\u2019Imad Tintin \u00e0 une&hellip;\n","protected":false},"author":2,"featured_media":171288,"comment_status":"","ping_status":"","sticky":false,"template":"","format":"standard","meta":{"footnotes":""},"categories":[9566],"tags":[1111,11,2430,271,272,112,1777,674,274,107,1011,27,2731,2732,108,12,25],"class_list":{"0":"post-171287","1":"post","2":"type-post","3":"status-publish","4":"format-standard","5":"has-post-thumbnail","7":"category-grenoble","8":"tag-actu","9":"tag-actualites","10":"tag-auvergne-rhone-alpes","11":"tag-crime","12":"tag-delit-et-contravention","13":"tag-edition-grenoble-agglomeration","14":"tag-eu","15":"tag-europe","16":"tag-faits-divers-justice","17":"tag-fil-info","18":"tag-fr","19":"tag-france","20":"tag-grenoble","21":"tag-grenoble-bassin","22":"tag-isere","23":"tag-news","24":"tag-republique-francaise"},"share_on_mastodon":{"url":"https:\/\/pubeurope.com\/@fr\/114671486765568780","error":""},"_links":{"self":[{"href":"https:\/\/www.europesays.com\/fr\/wp-json\/wp\/v2\/posts\/171287","targetHints":{"allow":["GET"]}}],"collection":[{"href":"https:\/\/www.europesays.com\/fr\/wp-json\/wp\/v2\/posts"}],"about":[{"href":"https:\/\/www.europesays.com\/fr\/wp-json\/wp\/v2\/types\/post"}],"author":[{"embeddable":true,"href":"https:\/\/www.europesays.com\/fr\/wp-json\/wp\/v2\/users\/2"}],"replies":[{"embeddable":true,"href":"https:\/\/www.europesays.com\/fr\/wp-json\/wp\/v2\/comments?post=171287"}],"version-history":[{"count":0,"href":"https:\/\/www.europesays.com\/fr\/wp-json\/wp\/v2\/posts\/171287\/revisions"}],"wp:featuredmedia":[{"embeddable":true,"href":"https:\/\/www.europesays.com\/fr\/wp-json\/wp\/v2\/media\/171288"}],"wp:attachment":[{"href":"https:\/\/www.europesays.com\/fr\/wp-json\/wp\/v2\/media?parent=171287"}],"wp:term":[{"taxonomy":"category","embeddable":true,"href":"https:\/\/www.europesays.com\/fr\/wp-json\/wp\/v2\/categories?post=171287"},{"taxonomy":"post_tag","embeddable":true,"href":"https:\/\/www.europesays.com\/fr\/wp-json\/wp\/v2\/tags?post=171287"}],"curies":[{"name":"wp","href":"https:\/\/api.w.org\/{rel}","templated":true}]}}