{"id":171289,"date":"2025-06-12T17:06:21","date_gmt":"2025-06-12T17:06:21","guid":{"rendered":"https:\/\/www.europesays.com\/fr\/171289\/"},"modified":"2025-06-12T17:06:21","modified_gmt":"2025-06-12T17:06:21","slug":"street-art-et-graffitis-au-coeur-de-ce-festival-ce-week-end","status":"publish","type":"post","link":"https:\/\/www.europesays.com\/fr\/171289\/","title":{"rendered":"street art et graffitis au c\u0153ur de ce festival ce week-end"},"content":{"rendered":"<p>            Par<br \/>\n        <strong><br \/>\n            <a href=\"https:\/\/actu.fr\/auteur\/redaction-jv\" title=\"Consulter tous les articles de R\u00e9daction Vitr\u00e9\" rel=\"nofollow noopener\" target=\"_blank\">R\u00e9daction Vitr\u00e9<\/a><br \/>\n        <\/strong><\/p>\n<p>        Publi\u00e9 le<\/p>\n<p>            12 juin 2025 \u00e0 18h07        <\/p>\n<p>La 7e \u00e9dition du festival <b>Pav\u2019Art<\/b> est pr\u00e9vue samedi 14\u00a0juin, d\u00e8s 12\u2009h, et dimanche 15\u00a0juin 2025.<\/p>\n<p class=\" wall-content\">C\u2019est le premier festival d\u00e9di\u00e9 <b>au street art et aux graffitis <\/b>\u00e0 Ch\u00e2teaugiron (Ille-et-Vilaine), dans l\u2019ancienne commune de Saint-Aubin-du-Pavail.<\/p>\n<p class=\" wall-content\">Le public pourra y d\u00e9couvrir <b>des \u0153uvres, du street art \u00e0 l\u2019art contemporain,<\/b> en passant par la <b>musique<\/b>, mais aussi des<b> animations pour enfants<\/b> et <b>un march\u00e9 de cr\u00e9ateurs.<\/b><\/p>\n<p>Echanger avec les artistes<\/p>\n<p class=\" wall-content\">\u00ab\u2009Le festival fait vibrer les murs et les rues avec une ambiance unique, ax\u00e9e sur la cr\u00e9ation en live\u2009: tout au long du week-end, venez voir des artistes <b>peindre en direct,<\/b> \u00e9changer avec eux, et profiter d\u2019une programmation rythm\u00e9e de concerts et d\u2019animations, pour les petits et les grands\u2009\u00bb, annonce Margaux Dor\u00e9, impliqu\u00e9e dans l\u2019organisation de l\u2019\u00e9v\u00e9nement.<\/p>\n<p>Vid\u00e9os : en ce moment sur Actu<\/p>\n<p class=\" wall-content\">\u00ab\u2009Mais Pav\u2019Art, c\u2019est aussi l\u2019envie de mettre en avant l\u2019art sous toutes ses formes. Un march\u00e9 de cr\u00e9ateurs accueille des artisans aux savoir-faire vari\u00e9s, qui viennent enrichir cette grande f\u00eate de la cr\u00e9ation. Du live, de la couleur, du son, de l\u2019\u00e9nergie\u2009: Pav\u2019Art, c\u2019est <b>un moment de rencontre entre l\u2019art, le public et le territoire.<\/b> Cette ann\u00e9e, notre \u00e9v\u00e9nement s\u2019ancre encore plus sur le territoire avec le soutien de l\u2019Office du tourisme du Pays de Ch\u00e2teaugiron. Ainsi que la Galerie OH\u2009! Arts\u00a0etc\u00e9t\u00e9ra, galerie d\u2019art \u00e0 Ch\u00e2teaugiron, qui nous a permis de r\u00e9aliser une exposition, avant le festival, du 30\u00a0mai au 1er\u00a0juin.\u2009\u00bb<\/p>\n<p>Pratique : 7e \u00e9dition du festival Pav\u2019Art, samedi 14, d\u00e8s 12h, et dimanche 15 juin, \u00e0 Saint-Aubin-du-Pavail. Bar et restauration sur place. Parking gratuit. Prix libre. Renseignement : <a href=\"https:\/\/actu.fr\/cdn-cgi\/l\/email-protection\" class=\"__cf_email__\" data-cfemail=\"83f3e2f5e2f1f7ade2f0f0ece0eae2f7eaecedc3e4eee2eaefade0ecee\" rel=\"nofollow noopener\" target=\"_blank\">[email\u00a0protected]<\/a><\/p>\n<p class=\" wall-content\">Suivez toute l\u2019actualit\u00e9 de vos villes et m\u00e9dias favoris en vous inscrivant \u00e0 <a href=\"https:\/\/moncompte.actu.fr\" title=\"D\u00e9couvez Mon Actu\" rel=\"nofollow noopener\" data-trk=\"{&quot;cta&quot;:{&quot;action&quot;:&quot;https:\\\/\\\/moncompte.actu.fr&quot;,&quot;category&quot;:&quot;mon compte&quot;,&quot;from&quot;:&quot;article footer&quot;,&quot;name&quot;:&quot;Mon actu&quot;,&quot;type&quot;:&quot;cta&quot;}}\" target=\"_blank\">Mon Actu<\/a>.<\/p>\n","protected":false},"excerpt":{"rendered":"Par R\u00e9daction Vitr\u00e9 Publi\u00e9 le 12 juin 2025 \u00e0 18h07 La 7e \u00e9dition du festival Pav\u2019Art est pr\u00e9vue&hellip;\n","protected":false},"author":2,"featured_media":171290,"comment_status":"","ping_status":"","sticky":false,"template":"","format":"standard","meta":{"footnotes":""},"categories":[2821],"tags":[1111,11,829,1777,674,1011,27,1652,12,584,25,7189],"class_list":{"0":"post-171289","1":"post","2":"type-post","3":"status-publish","4":"format-standard","5":"has-post-thumbnail","7":"category-rennes","8":"tag-actu","9":"tag-actualites","10":"tag-bretagne","11":"tag-eu","12":"tag-europe","13":"tag-fr","14":"tag-france","15":"tag-loisirs-culture","16":"tag-news","17":"tag-rennes","18":"tag-republique-francaise","19":"tag-street-art"},"share_on_mastodon":{"url":"https:\/\/pubeurope.com\/@fr\/114671490776531143","error":""},"_links":{"self":[{"href":"https:\/\/www.europesays.com\/fr\/wp-json\/wp\/v2\/posts\/171289","targetHints":{"allow":["GET"]}}],"collection":[{"href":"https:\/\/www.europesays.com\/fr\/wp-json\/wp\/v2\/posts"}],"about":[{"href":"https:\/\/www.europesays.com\/fr\/wp-json\/wp\/v2\/types\/post"}],"author":[{"embeddable":true,"href":"https:\/\/www.europesays.com\/fr\/wp-json\/wp\/v2\/users\/2"}],"replies":[{"embeddable":true,"href":"https:\/\/www.europesays.com\/fr\/wp-json\/wp\/v2\/comments?post=171289"}],"version-history":[{"count":0,"href":"https:\/\/www.europesays.com\/fr\/wp-json\/wp\/v2\/posts\/171289\/revisions"}],"wp:featuredmedia":[{"embeddable":true,"href":"https:\/\/www.europesays.com\/fr\/wp-json\/wp\/v2\/media\/171290"}],"wp:attachment":[{"href":"https:\/\/www.europesays.com\/fr\/wp-json\/wp\/v2\/media?parent=171289"}],"wp:term":[{"taxonomy":"category","embeddable":true,"href":"https:\/\/www.europesays.com\/fr\/wp-json\/wp\/v2\/categories?post=171289"},{"taxonomy":"post_tag","embeddable":true,"href":"https:\/\/www.europesays.com\/fr\/wp-json\/wp\/v2\/tags?post=171289"}],"curies":[{"name":"wp","href":"https:\/\/api.w.org\/{rel}","templated":true}]}}