{"id":171291,"date":"2025-06-12T17:07:31","date_gmt":"2025-06-12T17:07:31","guid":{"rendered":"https:\/\/www.europesays.com\/fr\/171291\/"},"modified":"2025-06-12T17:07:31","modified_gmt":"2025-06-12T17:07:31","slug":"championnat-de-france-rennes-capitale-de-la-gym-pour-un-week-end-dexception","status":"publish","type":"post","link":"https:\/\/www.europesays.com\/fr\/171291\/","title":{"rendered":"Championnat de France : Rennes, capitale de la gym pour un week-end d\u2019exception"},"content":{"rendered":"<p>Championnat de France des gymnastiques du 13 au 15 juin au Parc-Expo de Rennes<\/p>\n<p>Du 13 au 15 juin, le Parc-Expo de Rennes accueille un \u00e9v\u00e9nement sans pr\u00e9c\u00e9dent dans l\u2019histoire de la gymnastique fran\u00e7aise. Pour la premi\u00e8re fois, huit finales nationales, repr\u00e9sentant toutes les disciplines majeures de la gymnastique, sont r\u00e9unies au m\u00eame endroit, dans une formule unique port\u00e9e par l\u2019association Breizh Gym.<\/p>\n<p>C\u2019est une premi\u00e8re historique, mais aussi un d\u00e9fi logistique et sportif d\u2019envergure. 3\u00a0500 gymnastes, venus de toute la France, d\u00e9fileront sur les praticables, pistes et agr\u00e8s pour conqu\u00e9rir les titres nationaux\u2026 en gymnastique a\u00e9robic (Gac), gymnastique acrobatique, gymnastique artistique (Gaf &#8211; Gam), gymnastique rythmique (GR), trampoline, tumbling, parkour. \u00ab\u00a0Trois jours o\u00f9 passion, talent et engagement seront au rendez-vous, avec des gymnastes d\u00e9termin\u00e9s \u00e0 donner le meilleur d\u2019eux-m\u00eames pour d\u00e9crocher leur place sur le podium\u00a0\u00bb, souligne Dominique M\u00e9rieux, pr\u00e9sidente de la F\u00e9d\u00e9ration fran\u00e7aise de gymnastique.<\/p>\n<p>Le Cercle Paul-Bert sur tous les fronts<\/p>\n<p>Le Cercle Paul Bert de Rennes, structure historique du paysage gymnique breton, est en premi\u00e8re ligne. Le club rennais ne sera pas seulement h\u00f4te\u00a0: il pr\u00e9sentera plusieurs athl\u00e8tes dans diff\u00e9rentes disciplines dont Hippolyte Hergu\u00e9, form\u00e9 et licenci\u00e9 au club et qui s\u2019est impos\u00e9 comme l\u2019un des tumbleurs fran\u00e7ais les plus prometteurs. Vice-champion d\u2019Europe junior en 2022, il sera ce week-end l\u2019un des pr\u00e9tendants au podium seniors en \u00e9lite. Sa prestation, attendue par tout un public acquis \u00e0 sa cause, pourrait bien \u00eatre l\u2019un des temps forts du week-end. En trampoline, dans les cat\u00e9gories f\u00e9minines, Emma Le Jeune et Elina Rabouan Avisse, d\u00e9fendront les couleurs rennaises. Les s\u0153urs Morel, Maty et Lia, sont \u00e9galement \u00e0 suivre en gym acrobatique et en tumbling.<\/p>\n<p>En tumbling, ce championnat marquera \u00e9galement le retour \u00e0 la comp\u00e9tition de la Pac\u00e9enne, Ma\u00eblle Dumitru Marin. Explosive, pr\u00e9cise et toujours spectaculaire, elle incarne le visage d\u2019un tumbling en pleine ascension. M\u00e9daill\u00e9e de bronze en individuel aux derniers championnats d\u2019Europe, championne du monde 2021 et double championne d\u2018\u00a0Europe en 2021 et 2022 par \u00e9quipes, elle tentera de d\u00e9crocher un titre national face \u00e0 une concurrence f\u00e9roce, notamment Candy Bri\u00e8re-Vetillard, autre star du circuit.<\/p>\n<p>En gym artistique f\u00e9minine, quatre \u00e9quipes bretonnes seront en lice \u00e0 savoir deux \u00e9quipes de La Quimp\u00e9roise, une \u00e9quipe de La Dinannaise et du Club Olympique pac\u00e9en. En gym artistique masculine, les clubs de Lanester, La Bretonne et le Cercle Paul Bert aligneront une \u00e9quipe.<\/p>\n<p>Julian Chartier visera le titre devant son public<\/p>\n<p>Du c\u00f4t\u00e9 du trampoline, le club de Vannes Trampoline (UCK NEF) comptera notamment dans ses rangs, <a href=\"https:\/\/www.letelegramme.fr\/morbihan\/vannes-56000\/qui-est-le-vannetais-julian-chartier-medaille-dor-de-la-coupe-du-monde-de-trampoline-6623444.php\" target=\"_blank\" rel=\"noopener\">Julian Chartier<\/a>, champion de France en titre et vice-champion d\u2019Europe 2024. Figure du trampoline masculin breton, il fait partie des rares \u00e0 combiner r\u00e9gularit\u00e9, technique et puissance. Sa s\u00e9lection pour les JO de Tokyo en tant que rempla\u00e7ant l\u2019a plac\u00e9 dans la lumi\u00e8re\u00a0: depuis, il ne cesse de confirmer. \u00c0 Rennes, il sera l\u2019un des grands favoris. Devant son public, il visera le titre\u2026 et la d\u00e9monstration. Le jeune Axel Le Guilly, lui aussi licenci\u00e9 \u00e0 Vannes, disputera une place sur le podium en trampoline \u00e9lite.<\/p>\n<p>Bien plus qu\u2019une comp\u00e9tition<\/p>\n<p>En plus des comp\u00e9titions, le programme pr\u00e9voit un village breton, de nombreuses animations, deux grands galas et une dizaine de concerts. Le Parc-Expo sera transform\u00e9 en v\u00e9ritable parc d\u2019attractions gymnique.<\/p>\n<blockquote class=\"instagram-media\" data-instgrm-captioned=\"\" data-instgrm-permalink=\"https:\/\/www.instagram.com\/reel\/DKu5kf_siyB\/?utm_source=ig_embed&amp;utm_campaign=loading\" data-instgrm-version=\"14\" style=\" background:#FFF; border:0; border-radius:3px; box-shadow:0 0 1px 0 rgba(0,0,0,0.5),0 1px 10px 0 rgba(0,0,0,0.15); margin: 1px; max-width:540px; min-width:326px; padding:0; width:99.375%; width:-webkit-calc(100% - 2px); width:calc(100% - 2px);\"\/>\n<p>\u00ab\u00a0Depuis plus d\u2019un an, le Comit\u00e9 d\u2019organisation local a relev\u00e9 tous les d\u00e9fis pour offrir au public un \u00e9v\u00e9nement totalement in\u00e9dit, ambitieux\u2026 et m\u00eame un peu fou\u00a0!\u00a0\u00bb confie Anne-Emmanuelle Qu\u00e9au, pr\u00e9sidente du COL.<\/p>\n<p>\u00ab\u00a0Rennes 2025 sera bien plus qu\u2019un \u00e9v\u00e9nement sportif. Il rassemblera des moments de coh\u00e9sion exceptionnels pour tous les acteurs de la gym, et offrira aux spectateurs une exp\u00e9rience unique.\u00a0\u00bb<\/p>\n<p>Les cat\u00e9gories repr\u00e9sent\u00e9es lors de ces championnat de France<\/p>\n<p class=\"note\">Gaf\/Gam\u00a0: championnat de France par \u00e9quipes B Nationales 10\/11 ans, 10\/13 ans et 12\/15 ans\u00a0; Gymnastique rythmique\u00a0: troph\u00e9e F\u00e9d\u00e9ral des ensembles et Championnat de France Nationale ensembles 10\/11 ans, Trampoline\u00a0: championnat de France en individuel et synchronis\u00e9 (Nationaux et \u00c9lites), Tumbling\u00a0: championnat de France individuel (Nationaux et \u00c9lites), Gymnastique acrobatique\u00a0: championnat de France par unit\u00e9s (Nationaux et \u00c9lite), Gymnastique a\u00e9robic\u00a0: championnat de France \u00c9lite, Parkour\u00a0: Troph\u00e9e F\u00e9d\u00e9ral et Championnat de France.<\/p>\n<p><script async src=\"\/\/www.instagram.com\/embed.js\"><\/script><\/p>\n","protected":false},"excerpt":{"rendered":"Championnat de France des gymnastiques du 13 au 15 juin au Parc-Expo de Rennes Du 13 au 15&hellip;\n","protected":false},"author":2,"featured_media":171292,"comment_status":"","ping_status":"","sticky":false,"template":"","format":"standard","meta":{"footnotes":""},"categories":[2821],"tags":[1111,11,829,3166,1777,674,1011,27,15465,30624,12,584,25,60],"class_list":{"0":"post-171291","1":"post","2":"type-post","3":"status-publish","4":"format-standard","5":"has-post-thumbnail","7":"category-rennes","8":"tag-actu","9":"tag-actualites","10":"tag-bretagne","11":"tag-en-continu-sports","12":"tag-eu","13":"tag-europe","14":"tag-fr","15":"tag-france","16":"tag-gymnastique","17":"tag-gymnastique-artistique","18":"tag-news","19":"tag-rennes","20":"tag-republique-francaise","21":"tag-sports"},"share_on_mastodon":{"url":"https:\/\/pubeurope.com\/@fr\/114671494652810666","error":""},"_links":{"self":[{"href":"https:\/\/www.europesays.com\/fr\/wp-json\/wp\/v2\/posts\/171291","targetHints":{"allow":["GET"]}}],"collection":[{"href":"https:\/\/www.europesays.com\/fr\/wp-json\/wp\/v2\/posts"}],"about":[{"href":"https:\/\/www.europesays.com\/fr\/wp-json\/wp\/v2\/types\/post"}],"author":[{"embeddable":true,"href":"https:\/\/www.europesays.com\/fr\/wp-json\/wp\/v2\/users\/2"}],"replies":[{"embeddable":true,"href":"https:\/\/www.europesays.com\/fr\/wp-json\/wp\/v2\/comments?post=171291"}],"version-history":[{"count":0,"href":"https:\/\/www.europesays.com\/fr\/wp-json\/wp\/v2\/posts\/171291\/revisions"}],"wp:featuredmedia":[{"embeddable":true,"href":"https:\/\/www.europesays.com\/fr\/wp-json\/wp\/v2\/media\/171292"}],"wp:attachment":[{"href":"https:\/\/www.europesays.com\/fr\/wp-json\/wp\/v2\/media?parent=171291"}],"wp:term":[{"taxonomy":"category","embeddable":true,"href":"https:\/\/www.europesays.com\/fr\/wp-json\/wp\/v2\/categories?post=171291"},{"taxonomy":"post_tag","embeddable":true,"href":"https:\/\/www.europesays.com\/fr\/wp-json\/wp\/v2\/tags?post=171291"}],"curies":[{"name":"wp","href":"https:\/\/api.w.org\/{rel}","templated":true}]}}