{"id":171293,"date":"2025-06-12T17:08:17","date_gmt":"2025-06-12T17:08:17","guid":{"rendered":"https:\/\/www.europesays.com\/fr\/171293\/"},"modified":"2025-06-12T17:08:17","modified_gmt":"2025-06-12T17:08:17","slug":"un-bus-pour-rendre-les-spectacles-accessibles","status":"publish","type":"post","link":"https:\/\/www.europesays.com\/fr\/171293\/","title":{"rendered":"un bus pour rendre les spectacles accessibles"},"content":{"rendered":"<p>Apr\u00e8s le succ\u00e8s rencontr\u00e9 en 2023 puis <a href=\"https:\/\/www.dna.fr\/culture-loisirs\/2024\/06\/21\/l-operation-opera-bus-renouvelee\" target=\"_blank\" rel=\"noopener\">en 2024<\/a> , la communaut\u00e9 de communes du canton d\u2019Erstein (CCCE) a d\u00e9cid\u00e9 de renouveler son dispositif de transport pour deux concerts \u00e0 Strasbourg, \u00e0 l\u2019occasion de la saison culturelle prochaine. Il consiste \u00e0 emmener gratuitement les amateurs de musique \u00e0 l\u2019Op\u00e9ra national du Rhin ou au Palais de la musique et des congr\u00e8s, afin qu\u2019ils assistent \u00e0 leur spectacle et \u00e0 les ramener, leur \u00e9vitant ainsi les probl\u00e9matiques li\u00e9es \u00e0 la circulation et au prix des parkings.<\/p>\n<p>Plus de 200 personnes transport\u00e9es cette saison<\/p>\n<p>\u00ab\u00a0Cette saison, 208 personnes ont ainsi b\u00e9n\u00e9fici\u00e9 du transport, indique Isabelle Misme, \u00e9lue de Hipsheim,&#8230;<\/p>\n","protected":false},"excerpt":{"rendered":"Apr\u00e8s le succ\u00e8s rencontr\u00e9 en 2023 puis en 2024 , la communaut\u00e9 de communes du canton d\u2019Erstein (CCCE)&hellip;\n","protected":false},"author":2,"featured_media":171294,"comment_status":"","ping_status":"","sticky":false,"template":"","format":"standard","meta":{"footnotes":""},"categories":[2820],"tags":[1111,11,1687,3143,19151,1777,674,1011,27,775,12,25,19152,640],"class_list":{"0":"post-171293","1":"post","2":"type-post","3":"status-publish","4":"format-standard","5":"has-post-thumbnail","7":"category-strasbourg","8":"tag-actu","9":"tag-actualites","10":"tag-culture-loisirs","11":"tag-edition-selestat-erstein","12":"tag-erstein","13":"tag-eu","14":"tag-europe","15":"tag-fr","16":"tag-france","17":"tag-grand-est","18":"tag-news","19":"tag-republique-francaise","20":"tag-secteur-derstein","21":"tag-strasbourg"},"share_on_mastodon":{"url":"https:\/\/pubeurope.com\/@fr\/114671498608051965","error":""},"_links":{"self":[{"href":"https:\/\/www.europesays.com\/fr\/wp-json\/wp\/v2\/posts\/171293","targetHints":{"allow":["GET"]}}],"collection":[{"href":"https:\/\/www.europesays.com\/fr\/wp-json\/wp\/v2\/posts"}],"about":[{"href":"https:\/\/www.europesays.com\/fr\/wp-json\/wp\/v2\/types\/post"}],"author":[{"embeddable":true,"href":"https:\/\/www.europesays.com\/fr\/wp-json\/wp\/v2\/users\/2"}],"replies":[{"embeddable":true,"href":"https:\/\/www.europesays.com\/fr\/wp-json\/wp\/v2\/comments?post=171293"}],"version-history":[{"count":0,"href":"https:\/\/www.europesays.com\/fr\/wp-json\/wp\/v2\/posts\/171293\/revisions"}],"wp:featuredmedia":[{"embeddable":true,"href":"https:\/\/www.europesays.com\/fr\/wp-json\/wp\/v2\/media\/171294"}],"wp:attachment":[{"href":"https:\/\/www.europesays.com\/fr\/wp-json\/wp\/v2\/media?parent=171293"}],"wp:term":[{"taxonomy":"category","embeddable":true,"href":"https:\/\/www.europesays.com\/fr\/wp-json\/wp\/v2\/categories?post=171293"},{"taxonomy":"post_tag","embeddable":true,"href":"https:\/\/www.europesays.com\/fr\/wp-json\/wp\/v2\/tags?post=171293"}],"curies":[{"name":"wp","href":"https:\/\/api.w.org\/{rel}","templated":true}]}}