{"id":171299,"date":"2025-06-12T17:11:16","date_gmt":"2025-06-12T17:11:16","guid":{"rendered":"https:\/\/www.europesays.com\/fr\/171299\/"},"modified":"2025-06-12T17:11:16","modified_gmt":"2025-06-12T17:11:16","slug":"snipers-demineurs-drones-jet-skis-comment-le-raid-a-concilie-discretion-et-omnipresence-durant-le-sommet-de-locean-unoc-a-nice","status":"publish","type":"post","link":"https:\/\/www.europesays.com\/fr\/171299\/","title":{"rendered":"Snipers, d\u00e9mineurs, drones, jet-skis&#8230; Comment le Raid a concili\u00e9 discr\u00e9tion et omnipr\u00e9sence durant le Sommet de l&rsquo;oc\u00e9an Unoc \u00e0 Nice"},"content":{"rendered":"<p>Ils se sont parfois fait remarquer et sont souvent pass\u00e9s inaper\u00e7us. Les policiers d\u2019\u00e9lite du Raid auront concili\u00e9 discr\u00e9tion et omnipr\u00e9sence, durant la quinzaine ni\u00e7oise qui s\u2019ach\u00e8ve ce vendredi soir, tout au long de la 3e conf\u00e9rence des Nations-Unies sur l\u2019Oc\u00e9an. Un an apr\u00e8s l\u2019arriv\u00e9e de la flamme olympique \u00e0 Marseille, ces op\u00e9rateurs tout de noir v\u00eatus \u00e9taient confront\u00e9s \u00e0 un nouveau d\u00e9fi s\u00e9curitaire majeur. Sans incident jusqu\u2019ici.<\/p>\n<p>\u00ab\u00a0Nous avions mis en place un dispositif assez \u00e9toff\u00e9 pour la protection des chefs d\u2019\u00c9tat et pour pouvoir r\u00e9pondre \u00e0 tout type d\u2019attaque\u00a0\u00bb, expose la commissaire divisionnaire M., coordonnateur zonal des antennes Raid Sud. Celle de Nice a re\u00e7u des renforts de Marseille, Montpellier et Toulouse, ainsi que du si\u00e8ge de Bi\u00e8vres (Essonne). Plusieurs dizaines d\u2019op\u00e9rateurs parmi les 4.000 policiers et gendarmes d\u00e9ploy\u00e9s pour l\u2019Unoc. Dans leur viseur, \u00ab\u00a0le haut du spectre: le risque terroriste\u00a0\u00bb.<\/p>\n<p>Des snipers dans les hauteurs<\/p>\n<p>              <img ci-src=\"https:\/\/www.nicematin.com\/securite\/protec\/DATA_ART_15703428-fwd6dSq0.jpg?vh=035ed1&amp;ci_seal=7a6de7d075\" alt=\"\"\/><br \/>\n        Les THP (tireurs haute pr\u00e9cision) ont op\u00e9r\u00e9 discr\u00e8tement sur les hauteurs de Nice.&#13;<br \/>\nPhoto RAID \/ police nationale <strong>Photos RAID \/ police nationale.<\/strong> <\/p>\n<p>Le viseur, c\u2019est notamment celui des THP (tireurs haute pr\u00e9cision), ces fameux snipers. Ils ont \u00e9t\u00e9 d\u00e9ploy\u00e9s en duo, v\u00eatus d\u2019un verre type militaire. Leur mission: \u00ab\u00a0S\u00e9curiser les points de d\u00e9pose, de reprise et de cheminement des autorit\u00e9s\u00a0\u00bb, de l\u2019a\u00e9roport au port via le CUM, le palais des Rois-sardes et la Baleine.<\/p>\n<p>Des d\u00e9mineurs aux jet-skis<\/p>\n<p>              <img ci-src=\"https:\/\/www.nicematin.com\/securite\/protec\/DATA_ART_15703640-WzRsrcOY.jpg?vh=121237&amp;ci_seal=a8f1af873f\" alt=\"\"\/><br \/>\n        Les op\u00e9rateurs en noir ont s\u00e9curis\u00e9 le port Lympia avec deux puissants semi-rigides. <strong>Photos RAID \/ police nationale.<\/strong> <\/p>\n<p>Particularit\u00e9 de l\u2019Unoc: son exposition c\u00f4t\u00e9 mer. C\u2019est par l\u00e0 qu\u2019Emmanuel Macron et le prince Albert II sont arriv\u00e9s dimanche. Pass\u00e9 le cap de Nice, le Raid a pris le relais de l\u2019arm\u00e9e. Ses op\u00e9rateurs auront sillonn\u00e9 le port et ses abords avec deux semi-rigides et deux jet-skis. Le d\u00e9fi: \u00ab\u00a0tre visibles sur le plan d\u2019eau mais rester tr\u00e8s discrets sur le reste de notre pr\u00e9sence\u00a0\u00bb, dixit L\u00e9o (pr\u00e9nom d\u2019emprunt), chef de l\u2019antenne de Nice. Des d\u00e9mineurs ont aussi particip\u00e9 \u00e0 l\u2019inspection du port.<\/p>\n<p>\u00c9quipes cynophiles et bulle anti-drones<\/p>\n<p>              <img ci-src=\"https:\/\/www.nicematin.com\/securite\/protec\/DATA_ART_15703634-SjYR2eex.jpg?vh=3c3337&amp;ci_seal=999bc982c1\" alt=\"\"\/><br \/>\n        Une \u00e9quipe anti-drones a cr\u00e9\u00e9 une \u00ab\u00a0bulle tactique\u00a0\u00bb, pr\u00eat \u00e0 brouiller les ondes, voire \u00e0 prendre la main sur un intrus venu du ciel. <strong>Photos RAID \/ police nationale.<\/strong> <\/p>\n<p>\u00c0 terre, les \u00e9quipes du Raid seront rest\u00e9es sur le qui-vive avec blind\u00e9, fourgons et armes longues. Une \u00e9quipe cynophile aura traqu\u00e9 l\u2019\u00e9ventuelle pr\u00e9sence d\u2019explosif dans les lieux sensibles. Une \u00e9quipe anti-drones aura aussi cr\u00e9\u00e9 une \u00ab\u00a0bulle tactique\u00a0\u00bb interdisant tout survol, pr\u00eate \u00e0 brouiller les ondes, voire \u00e0 prendre la main sur un intrus venu du ciel.<\/p>\n<p>Ce \u00ab\u00a0gros travail air-terre-mer\u00a0\u00bb concr\u00e9tise \u00ab\u00a0six mois de pr\u00e9paration \u00e0 \u00e9laborer tous les sc\u00e9narios possibles\u00a0\u00bb, dixit L\u00e9o. Il salue la \u00ab\u00a0bonne collaboration avec la DIPN 06, les militaires, le SDLP et le GSPR\u00a0\u00bb. Jusqu\u2019ici, le dispositif s\u2019est av\u00e9r\u00e9 \u00ab\u00a0bien dimensionn\u00e9\u00a0\u00bb.<\/p>\n<p>              <img ci-src=\"https:\/\/www.nicematin.com\/securite\/protec\/DATA_ART_15703631-FgHrDAIs.jpg?vh=e5b3c4&amp;ci_seal=f2b3c0fd06\" alt=\"\"\/><br \/>\n        Une \u00e9quipe cynophile a traqu\u00e9 l\u2019\u00e9ventuelle pr\u00e9sence d\u2019explosifs, ici au palais des rois sardes. <strong>Photos RAID \/ police nationale.<\/strong> <\/p>\n<p>              <img ci-src=\"https:\/\/www.nicematin.com\/securite\/protec\/DATA_ART_15703628-Bl1ESqqi.jpg?vh=509250&amp;ci_seal=d487e1b36c\" alt=\"\"\/><br \/>\n        Pour ce sommet onusien, l\u2019antenne de Nice aura re\u00e7u des renforts de Marseille, Montpellier, Toulouse et Bi\u00e8vres. <strong>Photos RAID \/ police nationale.<\/strong> <\/p>\n","protected":false},"excerpt":{"rendered":"Ils se sont parfois fait remarquer et sont souvent pass\u00e9s inaper\u00e7us. Les policiers d\u2019\u00e9lite du Raid auront concili\u00e9&hellip;\n","protected":false},"author":2,"featured_media":171300,"comment_status":"","ping_status":"","sticky":false,"template":"","format":"standard","meta":{"footnotes":""},"categories":[2819],"tags":[1111,11,1777,674,1011,27,12,2401,882,25,656],"class_list":{"0":"post-171299","1":"post","2":"type-post","3":"status-publish","4":"format-standard","5":"has-post-thumbnail","7":"category-nice","8":"tag-actu","9":"tag-actualites","10":"tag-eu","11":"tag-europe","12":"tag-fr","13":"tag-france","14":"tag-news","15":"tag-nice","16":"tag-provence-alpes-cote-dazur","17":"tag-republique-francaise","18":"tag-securite"},"share_on_mastodon":{"url":"https:\/\/pubeurope.com\/@fr\/114671510355640313","error":""},"_links":{"self":[{"href":"https:\/\/www.europesays.com\/fr\/wp-json\/wp\/v2\/posts\/171299","targetHints":{"allow":["GET"]}}],"collection":[{"href":"https:\/\/www.europesays.com\/fr\/wp-json\/wp\/v2\/posts"}],"about":[{"href":"https:\/\/www.europesays.com\/fr\/wp-json\/wp\/v2\/types\/post"}],"author":[{"embeddable":true,"href":"https:\/\/www.europesays.com\/fr\/wp-json\/wp\/v2\/users\/2"}],"replies":[{"embeddable":true,"href":"https:\/\/www.europesays.com\/fr\/wp-json\/wp\/v2\/comments?post=171299"}],"version-history":[{"count":0,"href":"https:\/\/www.europesays.com\/fr\/wp-json\/wp\/v2\/posts\/171299\/revisions"}],"wp:featuredmedia":[{"embeddable":true,"href":"https:\/\/www.europesays.com\/fr\/wp-json\/wp\/v2\/media\/171300"}],"wp:attachment":[{"href":"https:\/\/www.europesays.com\/fr\/wp-json\/wp\/v2\/media?parent=171299"}],"wp:term":[{"taxonomy":"category","embeddable":true,"href":"https:\/\/www.europesays.com\/fr\/wp-json\/wp\/v2\/categories?post=171299"},{"taxonomy":"post_tag","embeddable":true,"href":"https:\/\/www.europesays.com\/fr\/wp-json\/wp\/v2\/tags?post=171299"}],"curies":[{"name":"wp","href":"https:\/\/api.w.org\/{rel}","templated":true}]}}