{"id":171307,"date":"2025-06-12T17:15:23","date_gmt":"2025-06-12T17:15:23","guid":{"rendered":"https:\/\/www.europesays.com\/fr\/171307\/"},"modified":"2025-06-12T17:15:23","modified_gmt":"2025-06-12T17:15:23","slug":"face-a-la-surpopulation-carcerale-un-syndicat-penitentiaire-demande-la-reouverture-de-lancienne-prison","status":"publish","type":"post","link":"https:\/\/www.europesays.com\/fr\/171307\/","title":{"rendered":"face \u00e0 la surpopulation carc\u00e9rale, un syndicat p\u00e9nitentiaire demande la r\u00e9ouverture de l\u2019ancienne prison"},"content":{"rendered":"<p class=\"fig-slideshow__title\">\n                    Dans la nouvelle prison de Gradignan, la surpopulation d\u00e9j\u00e0 au rendez-vous\n                <\/p>\n<p>Acc\u00e9der au diaporama (21)<\/p>\n<p><strong>INFO LE FIGARO &#8211;<\/strong> Alors que 105 prisonniers dorment d\u00e9sormais sur des matelas au sol, Force ouvri\u00e8re r\u00e9clame ce jeudi la r\u00e9ouverture d\u2019une soixantaine de cellules de l\u2019ancienne prison.<\/p>\n<p class=\"fig-paragraph\">V\u00e9tuste et insalubre, l\u2019ancienne prison de Bordeaux-Gradignan voit progressivement ses \u00e9tages se vider au profit\u00a0<a href=\"http:\/\/www.lefigaro.fr\/bordeaux\/la-nouvelle-prison-de-bordeaux-gradignan-ouverte-avant-la-fin-des-travaux-deja-confrontee-au-defi-de-la-surpopulation-20241030\" data-fig-type=\"NewsFlash\" data-gtm-custom-categorie=\"navigation\" data-gtm-custom-action=\"crossclick\" data-gtm-custom-label=\"Contextuel\" data-gtm-event=\"customEventSPE\" data-fig-domain=\"LEFIGARO\" target=\"_blank\" rel=\"noopener\">de nouveaux b\u00e2timents\u00a0<\/a>dont les premiers couloirs ont \u00e9t\u00e9 ouverts en septembre dernier. Seul hic\u00a0: les lieux sont d\u00e9j\u00e0 surpeupl\u00e9s, alors que l\u2019ancienne prison &#8211;\u00a0surnomm\u00e9e \u00abla jungle\u00bb\u00a0&#8211; accueille encore pr\u00e8s de 500 d\u00e9tenus. Ce jeudi, 105 cellules en triplette, soit autant de prisonniers dormant sur un matelas \u00e0 m\u00eame le sol (dans l\u2019ancienne comme dans la nouvelle prison), sont d\u00e9nombr\u00e9es par Force ouvri\u00e8re (FO).<\/p>\n<p class=\"fig-paragraph\">Face \u00e0 cette surpopulation carc\u00e9rale, le d\u00e9l\u00e9gu\u00e9 syndical FO, Hubert Grataud, demande la r\u00e9ouverture en urgence des deux quartiers les mieux entretenus de l\u2019ancienne prison. \u00abEntre l\u2019ancien quartier des arrivants et le b\u00e2timent des femmes, nous pourrions rouvrir 70 cellules qui peuvent accueillir deux personnes\u00bb, explique le surveillant p\u00e9nitentiaire. Avant d\u2019ajouter\u00a0: \u00abCela pourrait nous permettre de redonner une bouff\u00e9e d\u2019oxyg\u00e8ne aux d\u00e9tenus, d\u2019autant qu\u2019il commence \u00e0 faire chaud&#8230; Donc, les esprits s\u2019\u00e9chauffent avec la m\u00e9t\u00e9o.\u00bb<\/p>\n<blockquote class=\"fig-quote&#10;    \">\n<p class=\"fig-quote__text\">Si nous sommes lucides, il faudrait r\u00e9habiliter et conserver l\u2019ancienne prison. Ce serait une catastrophe de supprimer 233 cellules alors que nous manquons de places dans toutes les prisons de France<\/p>\n<p>            Hubert Grataud, d\u00e9l\u00e9gu\u00e9 syndical Force ouvri\u00e8re \u00e0 la prison de Bordeaux-Gradignan\n    <\/p><\/blockquote>\n<p class=\"fig-paragraph\">Autrement dit\u00a0: avec le pic de haute chaleur, la drogue\u00a0<a href=\"http:\/\/www.lefigaro.fr\/bordeaux\/les-drogues-rentrent-a-volonte-au-centre-penitentiaire-de-bordeaux-gradignan-le-trafic-de-stupefiants-regne-20241031\" data-fig-type=\"NewsFlash\" data-gtm-custom-categorie=\"navigation\" data-gtm-custom-action=\"crossclick\" data-gtm-custom-label=\"Contextuel\" data-gtm-event=\"customEventSPE\" data-fig-domain=\"LEFIGARO\" target=\"_blank\" rel=\"noopener\">qui circule dans les couloirs<\/a>\u00a0de l\u2019ancien comme du nouveau b\u00e2timent ne suffit plus \u00e0 calmer les d\u00e9tenus. D\u2019autant qu\u2019\u00e0 ce probl\u00e8me s\u2019ajoute celui du sous-effectif structurel et conjoncturel des surveillants p\u00e9nitentiaires. \u00abMercredi matin, il manquait 14 agents \u00e0 l\u2019appel sur le nouveau site\u00bb, indique Hubert Grataud. Et ce, alors m\u00eame qu\u2019aucune gr\u00e8ve n\u2019est en cours. \u00abOn aimerait bien les sanctionner, mais nous manquons d\u2019agents et la jeune g\u00e9n\u00e9ration le sait. \u00c0 ceci s\u2019ajoute qu\u2019ils enregistrent tous jusqu\u2019\u00e0 70 heures suppl\u00e9mentaires par mois, donc une journ\u00e9e de retenue sur leur salaire ne leur fait rien\u00bb, pr\u00e9cise le d\u00e9l\u00e9gu\u00e9 syndical.<\/p>\n<p class=\"fig-body-link\">\n            \u00c0 lire aussi<br \/>\n        <a class=\"fig-body-link__link fig-premium-mark\" href=\"http:\/\/www.lefigaro.fr\/bordeaux\/les-drogues-rentrent-a-volonte-au-centre-penitentiaire-de-bordeaux-gradignan-le-trafic-de-stupefiants-regne-20241031\" data-fig-type=\"NewsFlash\" data-gtm-custom-categorie=\"navigation\" data-gtm-custom-action=\"crossclick\" data-gtm-custom-label=\"Contextuel\" data-gtm-event=\"customEventSPE\" data-fig-domain=\"LEFIGARO\" target=\"_blank\" rel=\"noopener\">\u00abLes drogues rentrent \u00e0 volont\u00e9\u00bb\u00a0: au centre p\u00e9nitentiaire de Bordeaux-Gradignan, le trafic de stup\u00e9fiants r\u00e8gne<br \/>\n    <\/a>\n<\/p>\n<p>Absences d\u2019agents non justifi\u00e9es<\/p>\n<p class=\"fig-paragraph\">Avant d\u2019admettre\u00a0: \u00abAujourd\u2019hui, un grad\u00e9 peine \u00e0 faire des remontrances \u00e0 un agent. Le reprendre, c\u2019est risquer qu\u2019il d\u00e9barque le lendemain avec un ticket de 15 jours (un arr\u00eat maladie, NDLR). Toujours moins nombreux, pour surveiller des prisonniers dont le nombre ne cesse de cro\u00eetre, les surveillants p\u00e9nitentiaires sont au pied du mur. Or selon Hubert Grataud, moins les prisonniers sont nombreux en cellule, moins il est difficile, voire dangereux, de les g\u00e9rer. Et de conclure\u00a0: \u00abTout ce que je demande, c\u2019est un audit de faisabilit\u00e9. Si nous sommes lucides, il faudrait r\u00e9habiliter et conserver l\u2019ancienne prison. J\u2019esp\u00e8re qu\u2019ils ne la fermeront jamais\u00a0: ce serait une catastrophe de supprimer 233 cellules alors que nous manquons de places dans toutes les prisons de France.\u00bb Contact\u00e9e, la direction de la prison n\u2019a pas r\u00e9pondu \u00e0 nos sollicitations.<\/p>\n","protected":false},"excerpt":{"rendered":"Dans la nouvelle prison de Gradignan, la surpopulation d\u00e9j\u00e0 au rendez-vous Acc\u00e9der au diaporama (21) INFO LE FIGARO&hellip;\n","protected":false},"author":2,"featured_media":171308,"comment_status":"","ping_status":"","sticky":false,"template":"","format":"standard","meta":{"footnotes":""},"categories":[2817],"tags":[1111,11,1997,2916,2911,2910,2915,2909,2904,2913,2912,2914,2906,2907,1777,674,1011,27,2905,2908,2825,12,2219,806,25,9232],"class_list":{"0":"post-171307","1":"post","2":"type-post","3":"status-publish","4":"format-standard","5":"has-post-thumbnail","7":"category-bordeaux","8":"tag-actu","9":"tag-actualites","10":"tag-bordeaux","11":"tag-bordeaux-cauderan","12":"tag-bordeaux-centre-ville","13":"tag-bordeaux-chartrons-grand-parc-jardin-public","14":"tag-bordeaux-la-bastide","15":"tag-bordeaux-maritime","16":"tag-bordeaux-metropole","17":"tag-bordeaux-nansouty-st-genes","18":"tag-bordeaux-st-augustin-tauzin-alphonse-dupeux","19":"tag-bordeaux-sud","20":"tag-capitale-de-gaule","21":"tag-cathedrale-gothique-de-saint-andre","22":"tag-eu","23":"tag-europe","24":"tag-fr","25":"tag-france","26":"tag-gironde","27":"tag-girondins-de-bordeaux","28":"tag-insecurite","29":"tag-news","30":"tag-nouvelle-aquitaine","31":"tag-prison","32":"tag-republique-francaise","33":"tag-surpopulation-carcerale"},"share_on_mastodon":{"url":"","error":"Validation failed: Text character limit of 500 exceeded"},"_links":{"self":[{"href":"https:\/\/www.europesays.com\/fr\/wp-json\/wp\/v2\/posts\/171307","targetHints":{"allow":["GET"]}}],"collection":[{"href":"https:\/\/www.europesays.com\/fr\/wp-json\/wp\/v2\/posts"}],"about":[{"href":"https:\/\/www.europesays.com\/fr\/wp-json\/wp\/v2\/types\/post"}],"author":[{"embeddable":true,"href":"https:\/\/www.europesays.com\/fr\/wp-json\/wp\/v2\/users\/2"}],"replies":[{"embeddable":true,"href":"https:\/\/www.europesays.com\/fr\/wp-json\/wp\/v2\/comments?post=171307"}],"version-history":[{"count":0,"href":"https:\/\/www.europesays.com\/fr\/wp-json\/wp\/v2\/posts\/171307\/revisions"}],"wp:featuredmedia":[{"embeddable":true,"href":"https:\/\/www.europesays.com\/fr\/wp-json\/wp\/v2\/media\/171308"}],"wp:attachment":[{"href":"https:\/\/www.europesays.com\/fr\/wp-json\/wp\/v2\/media?parent=171307"}],"wp:term":[{"taxonomy":"category","embeddable":true,"href":"https:\/\/www.europesays.com\/fr\/wp-json\/wp\/v2\/categories?post=171307"},{"taxonomy":"post_tag","embeddable":true,"href":"https:\/\/www.europesays.com\/fr\/wp-json\/wp\/v2\/tags?post=171307"}],"curies":[{"name":"wp","href":"https:\/\/api.w.org\/{rel}","templated":true}]}}