{"id":171309,"date":"2025-06-12T17:16:27","date_gmt":"2025-06-12T17:16:27","guid":{"rendered":"https:\/\/www.europesays.com\/fr\/171309\/"},"modified":"2025-06-12T17:16:27","modified_gmt":"2025-06-12T17:16:27","slug":"festivals-concerts-expo-voici-dix-chouettes-idees-de-sorties-a-faire-a-toulouse-ce-week-end","status":"publish","type":"post","link":"https:\/\/www.europesays.com\/fr\/171309\/","title":{"rendered":"Festivals, concerts, expo&#8230; Voici dix chouettes id\u00e9es de sorties \u00e0 faire \u00e0 Toulouse ce week-end"},"content":{"rendered":"<p>            Par<br \/>\n        <strong><br \/>\n            <a href=\"https:\/\/actu.fr\/auteur\/lucie-2\" title=\"Consulter tous les articles de Lucie Fraisse\" rel=\"nofollow noopener\" target=\"_blank\">Lucie Fraisse<\/a><br \/>\n        <\/strong><\/p>\n<p>        Publi\u00e9 le<\/p>\n<p>            12 juin 2025 \u00e0 19h11        <\/p>\n<p>Encore un beau week-end qui s\u2019annonce \u00e0 <a href=\"https:\/\/actu.fr\/toulouse\/\" rel=\"nofollow noopener\" target=\"_blank\">Toulouse<\/a>. Et les occasions de sorties ne manquent pas <strong>dans la Ville rose et aux alentours<\/strong>. Concerts, spectacles, festivals, vide-dressing, expos\u2026Voici notre s\u00e9lection du 13 au 15 juin 2025.<\/p>\n<p>#1. Rio Loco<br \/>\n    <img   decoding=\"async\" loading=\"lazy\" src=\"https:\/\/www.europesays.com\/fr\/wp-content\/uploads\/2025\/06\/rio-loco-patrice-nin-ville-de-toulouse-960x640-960x640.png\" alt=\"Le Festival Rio Loco revient sur la prairie des Filtres.\" width=\"960\" height=\"640\"\/><br \/>\n    Le Festival Rio Loco revient sur la prairie des Filtres. (\u00a9Patrice Nin\/Actu Toulouse)<\/p>\n<p class=\" wall-content\">C\u2019est, sans aucun doute,<strong> l\u2019\u00e9v\u00e9nement du week-end \u00e0 Toulouse<\/strong>. <a href=\"https:\/\/actu.fr\/occitanie\/toulouse_31555\/artistes-invites-tarifs-tout-savoir-sur-le-festival-rio-loco-qui-fete-ses-30-ans-en-2025_62388862.html\" rel=\"nofollow noopener\" target=\"_blank\">Le festival Rio Loco<\/a> se tient \u00e0 la prairie des Filtres jusqu\u2019\u00e0 dimanche, pour sa trenti\u00e8me \u00e9dition.<\/p>\n<p class=\" wall-content\">Quatre sc\u00e8nes et des dizaines d\u2019artistes. Avec par exemple Alonzo ou Ronisia jeudi ; Yuri Bunenaventura vendredi ou encore Youssou NDour samedi.<\/p>\n<p>Infos pratiques :<br \/>\nLa programmation compl\u00e8te et la billetterie <a href=\"https:\/\/rio-loco.org\/programme\/#06\/13\" rel=\"nofollow noopener\" target=\"_blank\">sur le site du festival<\/a>. Tarifs : 10 euros en pr\u00e9vente et 15 euros sur place.\u00a0#2. Bricks festival au Poney club<br \/>\n    <img   decoding=\"async\" loading=\"lazy\" src=\"https:\/\/www.europesays.com\/fr\/wp-content\/uploads\/2025\/06\/1588a0cefcb662988a0cefcb6fc88av-960x640.jpg\" alt=\"Le Bricks festival s'installe au Poney club.\" width=\"960\" height=\"640\"\/><br \/>\n    Le Bricks festival s\u2019installe au Poney club. (\u00a9Poney club)<\/p>\n<p class=\" wall-content\">Le Bricks festival revient pour sa cinqui\u00e8me \u00e9dition et<a href=\"https:\/\/actu.fr\/occitanie\/toulouse_31555\/bob-sinclar-carl-cox-air-a-toulouse-la-prog-completement-folle-du-poney-club_62467289.html\" rel=\"nofollow noopener\" target=\"_blank\"> s\u2019installe au Poney club<\/a>, \u00e0 deux pas de l\u2019a\u00e9roport Toulouse-Blagnac, avec une programmation <strong>house, techno et hard techno<\/strong>. Rendez-vous les 13 et 14 juin, avec Argy, James Hype, Bereng\u00e8re, Cabza, Henri Bergman, Jahma, Kiko et Tita Lau.<\/p>\n<p>Toutes les infos <a href=\"https:\/\/bricksfestival.com\/#\" rel=\"nofollow noopener\" target=\"_blank\">sur le site du festival<\/a>.#3. Une balade \u00e0 v\u00e9lo en musique\u00a0<\/p>\n<p class=\" wall-content\">La Maison du v\u00e9lo et le festival Rio Loco s\u2019associent pour la Kid cal Mass, soit <strong>une balade festive, musicale et d\u00e9di\u00e9e aux enfants.\u00a0<\/strong><\/p>\n<p class=\" wall-content\">Rendez-vous sur le parvis de la gare Matabiau, d\u00e8s 14 heures, avec des ateliers maquillage et customisation de v\u00e9lo. Le d\u00e9part pour la parade en famille se fera \u00e0 15h30 : direction Rio Loco via les boulevards. C\u2019est gratuit et sans inscription !<\/p>\n<p>#4. Vente \u00e9ph\u00e9m\u00e8re vintage<br \/>\n    <img   decoding=\"async\" loading=\"lazy\" src=\"https:\/\/www.europesays.com\/fr\/wp-content\/uploads\/2025\/06\/93d47ced67b46a7d47ced67b48bd47v-960x640.jpg\" alt=\"Une vente vintage est organis\u00e9e en centre-ville de Toulouse, dimanche.\" width=\"960\" height=\"640\"\/><br \/>\n    Une vente vintage est organis\u00e9e en centre-ville de Toulouse, dimanche. (\u00a9Illustration \/ Adobe Stock)<\/p>\n<p class=\" wall-content\">Rendez-vous au 5 rue Kennedy, dimanche 15 juin pour une vente \u00ab\u00a0hyper vintage\u00a0\u00bb, avec une s\u00e9lection de mode vintage et des pi\u00e8ces allant des ann\u00e9es 50 aux ann\u00e9es 90.<\/p>\n<p>De 10 heures, \u00e0 19 heures, 5 rue Kennedy.<\/p>\n<p>#5. Journ\u00e9e Cockpit<br \/>\n    <img   decoding=\"async\" loading=\"lazy\" src=\"https:\/\/www.europesays.com\/fr\/wp-content\/uploads\/2025\/06\/25537-180607112340294-0-768x495.jpg\" alt=\"L'association des Ailes anciennes organise une journ\u00e9e cockpit.\" width=\"768\" height=\"495\"\/><br \/>\n    L\u2019association des Ailes anciennes organise une journ\u00e9e cockpit.<\/p>\n<p class=\" wall-content\">L\u2019association<a href=\"https:\/\/actu.fr\/occitanie\/blagnac_31069\/une-journee-en-immersion-dans-le-monde-de-l-aviation-et-de-l-automobile-a-toulouse_62382529.html\" rel=\"nofollow noopener\" target=\"_blank\"> Les Ailes anciennes<\/a> organise une journ\u00e9e de visites de cockpits, ce dimanche 15 juin, autour des avions utilis\u00e9s par les pilotes militaires. Rendez-vous de 9h30 \u00e0 17h30 aux Ailes anciennes, \u00e0 c\u00f4t\u00e9 du mus\u00e9e Aeroscopia.<\/p>\n<p>Infos pratiques :<br \/>Tarids : 12 euros pour les adultes; 6 euros pour les enfants de 5 \u00e0 10 ans, gratuit pour les plus jeunes.<\/p>\n<p>#6. Silex and the city au Mus\u00e9um<\/p>\n<p class=\" wall-content\">Le dessinateur Jul pose ses crayons au <strong>Mus\u00e9um de Toulouse<\/strong> pour une exposition autour de sa s\u00e9rie de bandes dessin\u00e9es,\u00a0Silex and the city. Une exposition qui a d\u00e9j\u00e0 \u00e9t\u00e9 pr\u00e9sent\u00e9e au Mus\u00e9e de l\u2019Homme o\u00f9 se m\u00ealent dessins et sciences pour d\u00e9couvrir les coulisses de la cr\u00e9ation de la bande dessin\u00e9e.<\/p>\n<p class=\" wall-content\">A noter, Jul sera pr\u00e9sent au Mus\u00e9um vendredi 13 juin, \u00e0 11h30, pour une rencontre.<\/p>\n<p>Infos pratiques :<br \/>Exposition Silex and the city au Mus\u00e9um de Toulouse, du 14 juin au 12 octobre.<\/p>\n<p>#7. Soir\u00e9e food trucks \u00e0 Balma<\/p>\n<p class=\" wall-content\">Le festival Toulouse \u00e0 table frappe une nouvelle fois avec une soir\u00e9e foodtruck \u00e0 Balma. Rendez-vous place de la Lib\u00e9ration, \u00e0 partir de 19 heures pour cet \u00e9v\u00e9nement gourmand.<\/p>\n<p>#8. Festival Les excentriques \u00e0 Tournefeuille<\/p>\n<p class=\" wall-content\">Voici un rendez-vous tout public, gratuit et en plein air. L\u2019Escale sort de ses murs pour un festival qui m\u00eale spectacles, ateliers, installations, concerts. Une manifestation pour toute la famille, <strong>sur la coul\u00e9e verte du Touch<\/strong>.<\/p>\n<p><strong>Infos pratiques :<\/strong><br \/>Vendredi 13 de 18 heurs \u00e0 22h30 et samedi 14 \u00e0 partir de 11 heures.<\/p>\n<p>#9. Dadju \u00e0 l\u2019O\u2019club<br \/>\n    <img   decoding=\"async\" loading=\"lazy\" src=\"https:\/\/www.europesays.com\/fr\/wp-content\/uploads\/2025\/06\/9624d0678fb269a24d0678fb26e24dv-960x640.jpg\" alt=\"Dadju va se produire en showcase \u00e0 Toulouse.\" width=\"960\" height=\"640\"\/><br \/>\n    Dadju va se produire en showcase \u00e0 Toulouse. (\u00a9Facebook)<\/p>\n<p class=\" wall-content\">Le <a href=\"https:\/\/actu.fr\/occitanie\/toulouse_31555\/tete-d-affiche-du-rap-francais-dadju-bientot-en-showcase-dans-une-discotheque-de-toulouse_62739142.html\" rel=\"nofollow noopener\" target=\"_blank\">chanteur Dadju<\/a> se produit en show case \u00e0 l\u2019O Club, une bo\u00eete de nuit situ\u00e9e \u00e0 Balma-Gramont, vendredi 13 juin. L\u2019interpr\u00e8te des titres Reine ou encore I love you est un coutumier de la sc\u00e8ne toulousaine. Il a, par le pass\u00e9, rempli deux Z\u00e9niths en solo, en 2018 et 2022. Il a, plus t\u00f4t cette ann\u00e9e, r\u00e9ussi cette prouesse une troisi\u00e8me fois, accompagn\u00e9 de Tayc. Il est aussi un habitu\u00e9 des showcases. Il a, entre autres, rempli le Nine ou encore l\u2019Etoile.<\/p>\n<p>Infos Pratiques : O\u2019Club, 101 Route d\u2019Agde \u00e0 Toulouse, billetterie\u00a0<a href=\"https:\/\/www.bizouk.com\/events\/details\/dadju-showcase-toulouse\/99622\" rel=\"nofollow noopener\" target=\"_blank\">disponible en ligne.<\/a>#10. Vide-dressing g\u00e9ant des Toulousaines<\/p>\n<p class=\" wall-content\">La <strong>place Saint-Georges<\/strong> accueille un grand vide-dressing g\u00e9ant et en plein air, avec le vide-dressing des Toulousaines. L\u2019occasion de refaire sa garde-robe \u00e0 petits prix avec des articles de seconde main.<\/p>\n<p>De 10h30 \u00e0 18h 30, place Saint-Georges.<\/p>\n<p class=\" wall-content\">Suivez toute l\u2019actualit\u00e9 de vos villes et m\u00e9dias favoris en vous inscrivant \u00e0 <a href=\"https:\/\/moncompte.actu.fr\" title=\"D\u00e9couvez Mon Actu\" rel=\"nofollow noopener\" data-trk=\"{&quot;cta&quot;:{&quot;action&quot;:&quot;https:\\\/\\\/moncompte.actu.fr&quot;,&quot;category&quot;:&quot;mon compte&quot;,&quot;from&quot;:&quot;article footer&quot;,&quot;name&quot;:&quot;Mon actu&quot;,&quot;type&quot;:&quot;cta&quot;}}\" target=\"_blank\">Mon Actu<\/a>.<\/p>\n","protected":false},"excerpt":{"rendered":"Par Lucie Fraisse Publi\u00e9 le 12 juin 2025 \u00e0 19h11 Encore un beau week-end qui s\u2019annonce \u00e0 Toulouse.&hellip;\n","protected":false},"author":2,"featured_media":171310,"comment_status":"","ping_status":"","sticky":false,"template":"","format":"standard","meta":{"footnotes":""},"categories":[2816],"tags":[1111,11,1777,674,1011,27,12,2680,25,104,1341,2312],"class_list":{"0":"post-171309","1":"post","2":"type-post","3":"status-publish","4":"format-standard","5":"has-post-thumbnail","7":"category-toulouse","8":"tag-actu","9":"tag-actualites","10":"tag-eu","11":"tag-europe","12":"tag-fr","13":"tag-france","14":"tag-news","15":"tag-occitanie","16":"tag-republique-francaise","17":"tag-societe","18":"tag-sortir-a-toulouse","19":"tag-toulouse"},"share_on_mastodon":{"url":"https:\/\/pubeurope.com\/@fr\/114671530035406593","error":""},"_links":{"self":[{"href":"https:\/\/www.europesays.com\/fr\/wp-json\/wp\/v2\/posts\/171309","targetHints":{"allow":["GET"]}}],"collection":[{"href":"https:\/\/www.europesays.com\/fr\/wp-json\/wp\/v2\/posts"}],"about":[{"href":"https:\/\/www.europesays.com\/fr\/wp-json\/wp\/v2\/types\/post"}],"author":[{"embeddable":true,"href":"https:\/\/www.europesays.com\/fr\/wp-json\/wp\/v2\/users\/2"}],"replies":[{"embeddable":true,"href":"https:\/\/www.europesays.com\/fr\/wp-json\/wp\/v2\/comments?post=171309"}],"version-history":[{"count":0,"href":"https:\/\/www.europesays.com\/fr\/wp-json\/wp\/v2\/posts\/171309\/revisions"}],"wp:featuredmedia":[{"embeddable":true,"href":"https:\/\/www.europesays.com\/fr\/wp-json\/wp\/v2\/media\/171310"}],"wp:attachment":[{"href":"https:\/\/www.europesays.com\/fr\/wp-json\/wp\/v2\/media?parent=171309"}],"wp:term":[{"taxonomy":"category","embeddable":true,"href":"https:\/\/www.europesays.com\/fr\/wp-json\/wp\/v2\/categories?post=171309"},{"taxonomy":"post_tag","embeddable":true,"href":"https:\/\/www.europesays.com\/fr\/wp-json\/wp\/v2\/tags?post=171309"}],"curies":[{"name":"wp","href":"https:\/\/api.w.org\/{rel}","templated":true}]}}