{"id":171317,"date":"2025-06-12T17:20:12","date_gmt":"2025-06-12T17:20:12","guid":{"rendered":"https:\/\/www.europesays.com\/fr\/171317\/"},"modified":"2025-06-12T17:20:12","modified_gmt":"2025-06-12T17:20:12","slug":"le-festival-marsatac-et-marseille-une-idylle-de-26-ans-qui-se-poursuit-des-ce-vendredi-13-juin","status":"publish","type":"post","link":"https:\/\/www.europesays.com\/fr\/171317\/","title":{"rendered":"Le festival Marsatac et Marseille, une idylle de 26 ans qui se poursuit d\u00e8s ce vendredi 13 juin"},"content":{"rendered":"<p>C\u2019est le propre de toute ville, certains \u00e9v\u00e9nements culturels participent \u00e0 la coh\u00e9sion collective. Ceux auxquels on se rend avant d\u2019y accompagner ses enfants quelques ann\u00e9es plus tard, tout en y retrouvant des amis de longue date pour faire le pont entre les bons souvenirs et une nouvelle g\u00e9n\u00e9ration d\u2019artistes.<\/p>\n<p>Ce genre de grand rendez-vous, <a href=\"https:\/\/www.laprovence.com\/article\/culture-loisirs\/1147911377961915\/que-faire-a-marseille-ce-week-end-du-12-13-14-et-15-juin\" target=\"_blank\" rel=\"noopener\">Marsatac<\/a> en fait indiscutablement partie. On ne compte plus les dizaines de milliers de Marseillais qui y ont c\u00e9l\u00e9br\u00e9 leur amour de la musique et de la f\u00eate, depuis la naissance de l\u2019\u00e9v\u00e9nement en\u00a01999. Auxquels il faudra ajouter pr\u00e8s de <a href=\"https:\/\/www.laprovence.com\/article\/culture-loisirs\/1161592166817214\/marsatac-une-programmation-riche-en-electro-et-hip-hop-pour-les-2-jours-du-festival-au-parc-borely-a-marseille\" target=\"_blank\" rel=\"noopener\">15\u00a0000 festivaliers apr\u00e8s la 27e \u00e9dition qui s\u2019ouvre ce vendredi 13\u00a0juin au parc Bor\u00e9ly (8e)<\/a>, et jouera les prolongations le lendemain.<\/p>\n","protected":false},"excerpt":{"rendered":"C\u2019est le propre de toute ville, certains \u00e9v\u00e9nements culturels participent \u00e0 la coh\u00e9sion collective. Ceux auxquels on se&hellip;\n","protected":false},"author":2,"featured_media":171318,"comment_status":"","ping_status":"","sticky":false,"template":"","format":"standard","meta":{"footnotes":""},"categories":[2814],"tags":[17,1111,11,1764,251,1777,674,849,1011,27,30627,19357,884,12,882,3583,25,96],"class_list":{"0":"post-171317","1":"post","2":"type-post","3":"status-publish","4":"format-standard","5":"has-post-thumbnail","7":"category-marseille","8":"tag-17","9":"tag-actu","10":"tag-actualites","11":"tag-ans","12":"tag-culture","13":"tag-eu","14":"tag-europe","15":"tag-festival","16":"tag-fr","17":"tag-france","18":"tag-idylle","19":"tag-marsatac","20":"tag-marseille","21":"tag-news","22":"tag-provence-alpes-cote-dazur","23":"tag-qui","24":"tag-republique-francaise","25":"tag-une"},"share_on_mastodon":{"url":"https:\/\/pubeurope.com\/@fr\/114671545947811781","error":""},"_links":{"self":[{"href":"https:\/\/www.europesays.com\/fr\/wp-json\/wp\/v2\/posts\/171317","targetHints":{"allow":["GET"]}}],"collection":[{"href":"https:\/\/www.europesays.com\/fr\/wp-json\/wp\/v2\/posts"}],"about":[{"href":"https:\/\/www.europesays.com\/fr\/wp-json\/wp\/v2\/types\/post"}],"author":[{"embeddable":true,"href":"https:\/\/www.europesays.com\/fr\/wp-json\/wp\/v2\/users\/2"}],"replies":[{"embeddable":true,"href":"https:\/\/www.europesays.com\/fr\/wp-json\/wp\/v2\/comments?post=171317"}],"version-history":[{"count":0,"href":"https:\/\/www.europesays.com\/fr\/wp-json\/wp\/v2\/posts\/171317\/revisions"}],"wp:featuredmedia":[{"embeddable":true,"href":"https:\/\/www.europesays.com\/fr\/wp-json\/wp\/v2\/media\/171318"}],"wp:attachment":[{"href":"https:\/\/www.europesays.com\/fr\/wp-json\/wp\/v2\/media?parent=171317"}],"wp:term":[{"taxonomy":"category","embeddable":true,"href":"https:\/\/www.europesays.com\/fr\/wp-json\/wp\/v2\/categories?post=171317"},{"taxonomy":"post_tag","embeddable":true,"href":"https:\/\/www.europesays.com\/fr\/wp-json\/wp\/v2\/tags?post=171317"}],"curies":[{"name":"wp","href":"https:\/\/api.w.org\/{rel}","templated":true}]}}