{"id":171319,"date":"2025-06-12T17:21:22","date_gmt":"2025-06-12T17:21:22","guid":{"rendered":"https:\/\/www.europesays.com\/fr\/171319\/"},"modified":"2025-06-12T17:21:22","modified_gmt":"2025-06-12T17:21:22","slug":"grand-format-marseille-les-images-impressionnantes-de-la-transformation-de-la-place-castellane","status":"publish","type":"post","link":"https:\/\/www.europesays.com\/fr\/171319\/","title":{"rendered":"Grand format. Marseille. Les images impressionnantes de la transformation de la place Castellane"},"content":{"rendered":"<p>Apr\u00e8s des ann\u00e9es de travaux qui l&rsquo;ont profond\u00e9ment boulevers\u00e9, la place Castellane, dans le 6e arrondissement de Marseille, doit \u00eatre inaugur\u00e9e ce samedi 14 juin 2025.<\/p>\n<p>\n                            Cet article est r\u00e9serv\u00e9 aux abonn\u00e9s\n                        <\/p>\n<p>    <img loading=\"lazy\" decoding=\"async\" src=\"https:\/\/www.europesays.com\/fr\/wp-content\/uploads\/2025\/06\/place-castellane-960x640.jpg\" alt=\"La place Castellane, dans le 6e arrondissement de Marseille, avant le d\u00e9but des travaux (en haut) et il y quelques jours (en bas).\" width=\"960\" height=\"640\"\/><br \/>\n    La place Castellane, dans le 6e arrondissement de Marseille, avant le d\u00e9but des travaux (en haut) et il y a quelques jours (en bas). (\u00a9David Girard \/ novasud \/ MAMP \u2013 Montage FB \/ actu Marseille)                <\/p>\n<p>            Par<br \/>\n        <strong><br \/>\n            <a href=\"https:\/\/actu.fr\/auteur\/thibault-nadal-actu-fr\" title=\"Consulter tous les articles de Thibault Nadal\" rel=\"nofollow noopener\" target=\"_blank\">Thibault Nadal<\/a><br \/>\n        <\/strong><\/p>\n<p>        Publi\u00e9 le<\/p>\n<p>            12 juin 2025 \u00e0 18h42        <\/p>\n<p>La fin d\u2019un chantier titanesque \u00e0 <strong>plusieurs centaines de millions d\u2019euros<\/strong>. Ce samedi 14\u00a0juin 2025, <a href=\"https:\/\/actu.fr\/tag\/castellane\" rel=\"nofollow noopener\" target=\"_blank\">la place Castellane<\/a>, dans le 6e arrondissement de <a href=\"https:\/\/actu.fr\/marseille\/\" rel=\"nofollow noopener\" target=\"_blank\">Marseille<\/a>, doit \u00eatre officiellement inaugur\u00e9e par le maire (DVG), <a href=\"https:\/\/actu.fr\/tag\/benoit-payan\" rel=\"nofollow noopener\" target=\"_blank\">Beno\u00eet Payan<\/a>, et la pr\u00e9sidente de la M\u00e9tropole (DVD), Martine Vassal. Apr\u00e8s <strong>des ann\u00e9es de travaux<\/strong>, les Marseillais s\u2019appr\u00eatent \u00e0 red\u00e9couvrir ce lieu embl\u00e9matique, profond\u00e9ment boulevers\u00e9s.<\/p>\n<p>La fin du tout-voiture<\/p>\n<p class=\" wall-content\">Pr\u00e8s de <strong>deux ans et demi de travaux<\/strong>, plus de <strong>320\u00a0millions d\u2019euros investis<\/strong>. Des moyens colossaux ont \u00e9t\u00e9 d\u00e9ploy\u00e9s pour transformer de fond en comble la place Castellane, inaugur\u00e9e en 1912.<\/p>\n<p class=\" wall-content\">Autrefois symbole du tout-voiture avec le rond-point, la place n\u2019a plus d\u00e9sormais que <strong>trois voies de circulation<\/strong> contre quatre auparavant. Il n\u2019est plus possible de rouler autour de la fontaine Jules-Cantini.<\/p>\n<p>AVANT<br \/>\n    <img decoding=\"async\" loading=\"lazy\" src=\"https:\/\/www.europesays.com\/fr\/wp-content\/uploads\/2025\/06\/whatsapp-image-2025-06-12-at-164657-960x640.jpeg\" alt=\"La place Castellane \u00e9tait autrefois un carrefour important pour les voitures.\" width=\"960\" height=\"640\"\/><br \/>\n    La place Castellane \u00e9tait dans le pass\u00e9 un carrefour important pour les voitures. (\u00a9David Girard\/ MAMP)APR\u00c8S<br \/>\n    <img decoding=\"async\" loading=\"lazy\" src=\"https:\/\/www.europesays.com\/fr\/wp-content\/uploads\/2025\/06\/whatsapp-image-2025-06-12-at-164708-960x640.jpeg\" alt=\"Pi\u00e9tons et v\u00e9los peuvent dor\u00e9navant fl\u00e2ner sur les pav\u00e9s en toute s\u00e9curit\u00e9.\" width=\"960\" height=\"640\"\/><br \/>\n    Pi\u00e9tons et v\u00e9los peuvent dor\u00e9navant fl\u00e2ner sur les pav\u00e9s en toute s\u00e9curit\u00e9. (\u00a9TN \/ actu Marseille)<\/p>\n<p class=\" wall-content\">Les automobilistes peuvent seulement circuler entre l\u2019avenue du Prado et le boulevard Baille, encore dans les deux.<\/p>\n<p class=\" wall-content\">Selon les chiffres de <a href=\"https:\/\/www.laprovence.com\/article\/region\/2354845646156315\/jai-limpression-de-mieux-respirer-a-marseille-la-place-castellane-en-finit-avec-le-tout-voiture\" rel=\"nofollow noopener\" target=\"_blank\">La Provence<\/a>, la part d\u2019espace pour les voitures a largement diminu\u00e9, passant de <strong>45\u2009% \u00e0 16\u2009%<\/strong>. Contrairement \u00e0 celle des pi\u00e9tons (qui incluent les anciennes terrasses priv\u00e9es) qui a progress\u00e9\u2009: <strong>de 45 \u00e0 63\u2009%<\/strong>.<\/p>\n<p>Une place v\u00e9g\u00e9talis\u00e9e et \u00e0 destination des pi\u00e9tons<\/p>\n<p class=\" wall-content\">Au total, les pi\u00e9tons peuvent d\u00e9ambuler sur pr\u00e8s de <strong>8\u2009000 m\u00b2 d\u2019espaces<\/strong>. La fontaine Cantini, v\u00e9ritable point de rep\u00e8re de la place, est accessible de pr\u00e8s en toute s\u00e9curit\u00e9. Au total, pr\u00e8s de<strong> 300\u2009000 pav\u00e9s neufs<\/strong> ont \u00e9t\u00e9 install\u00e9s. Comme l\u2019a constat\u00e9 actu Marseille ces derniers jours, la circulation entre passants et cyclistes est fluide et permet \u00e0 chacun de se balader sans se marcher les uns sur les autres.<\/p>\n<p>    <img decoding=\"async\" loading=\"lazy\" src=\"https:\/\/www.europesays.com\/fr\/wp-content\/uploads\/2025\/06\/whatsapp-image-2025-06-12-at-173251-960x640.jpeg\" alt=\"La fontaine Cantini, &#10;a de nouveau de l'eau dans grand bassin pour la premi\u00e8re fois depuis 2011\" width=\"960\" height=\"640\"\/><br \/>\n    La fontaine Cantini a de nouveau de l\u2019eau dans son grand bassin pour la premi\u00e8re fois depuis 2011 (\u00a9Fabien Binacchi \/ actu Marseille)<\/p>\n<p class=\" wall-content\">L\u2019autre grand changement \u00e0 Castellane concerne la v\u00e9g\u00e9talisation de la place. Une trentaine de micocouliers ont \u00e9t\u00e9 plant\u00e9s. Ils remplacent <a href=\"https:\/\/actu.fr\/provence-alpes-cote-d-azur\/marseille_13055\/marseille-place-castellane-tous-les-palmiers-ont-disparu-dans-la-nuit_60843354.html\" rel=\"nofollow noopener\" target=\"_blank\">les anciens palmiers, coup\u00e9s lors des travaux en mars\u00a02024<\/a>.<\/p>\n<p>    <img decoding=\"async\" loading=\"lazy\" src=\"https:\/\/www.europesays.com\/fr\/wp-content\/uploads\/2025\/06\/whatsapp-image-2025-06-12-at-172309-960x640.jpeg\" alt=\"Des arbres, donnant de la fra\u00eecheur et de la vie, tr\u00f4nent sur la place Castellane.\" width=\"960\" height=\"640\"\/><br \/>\n    Des arbres, donnant de la fra\u00eecheur et de la vie, tr\u00f4nent sur la place Castellane. (\u00a9Fabien Binacchi \/ actu Marseille)<\/p>\n<p class=\" wall-content\">Symbole de cette transition vers les mobilit\u00e9s douces, <a href=\"https:\/\/actu.fr\/provence-alpes-cote-d-azur\/marseille_13055\/marseille-le-tram-roule-place-castellane-mais-sans-usager-voici-ce-qu-il-se-passe_62476380.html\" rel=\"nofollow noopener\" target=\"_blank\">le tramway T3<\/a> doit traverser d\u00e8s ce samedi 14\u00a0juin sur la place Castellane, avec des usagers \u00e0 son bord. L\u2019arr\u00eat est ainsi d\u00e9plac\u00e9 de la rue de Rome vers l\u2019avenue Jules Cantini. Pour son extension dans le sud, il faudra <strong>attendre la fin de l\u2019ann\u00e9e<\/strong>.<\/p>\n<blockquote class=\"tiktok-embed\" cite=\"https:\/\/www.tiktok.com\/@actu.frmarseille\/video\/7490542726623038742\" data-video-id=\"7490542726623038742\" data-embed-from=\"oembed\" style=\"max-width:605px; min-width:325px;\"><p>\n<a target=\"_blank\" title=\"@actu.frmarseille\" href=\"https:\/\/www.tiktok.com\/@actu.frmarseille?refer=embed\" rel=\"nofollow noopener\">@actu.frmarseille<\/a> <\/p>\n<p>Le <a title=\"tramt3\" target=\"_blank\" href=\"https:\/\/www.tiktok.com\/tag\/tramt3?refer=embed\" rel=\"nofollow noopener\">#tramT3<\/a> fonctionne \u00e0 nouveau \u00e0 <a title=\"marseille\" target=\"_blank\" href=\"https:\/\/www.tiktok.com\/tag\/marseille?refer=embed\" rel=\"nofollow noopener\">#Marseille<\/a> et les tests sont lanc\u00e9s pour la travers\u00e9e de la place <a title=\"castellane\" target=\"_blank\" href=\"https:\/\/www.tiktok.com\/tag\/castellane?refer=embed\" rel=\"nofollow noopener\">#Castellane<\/a> vers La Gaye <a title=\"rtm\" target=\"_blank\" href=\"https:\/\/www.tiktok.com\/tag\/rtm?refer=embed\" rel=\"nofollow noopener\">#RTM<\/a> <a title=\"foryou\" target=\"_blank\" href=\"https:\/\/www.tiktok.com\/tag\/foryou?refer=embed\" rel=\"nofollow noopener\">#foryou<\/a> <a title=\"fy\" target=\"_blank\" href=\"https:\/\/www.tiktok.com\/tag\/fy?refer=embed\" rel=\"nofollow noopener\">#fy<\/a> <a title=\"pourtoi\" target=\"_blank\" href=\"https:\/\/www.tiktok.com\/tag\/pourtoi?refer=embed\" rel=\"nofollow noopener\">#pourtoi<\/a> <a title=\"transport\" target=\"_blank\" href=\"https:\/\/www.tiktok.com\/tag\/transport?refer=embed\" rel=\"nofollow noopener\">#transport<\/a> <\/p>\n<p> <a target=\"_blank\" title=\"\u266c Walking Around - Instrumental Version - Eldar Kedem\" href=\"https:\/\/www.tiktok.com\/music\/Walking-Around-Instrumental-Version-6982541212746008578?refer=embed\" rel=\"nofollow noopener\">\u266c Walking Around \u2013 Instrumental Version \u2013 Eldar Kedem<\/a> <\/p>\n<\/blockquote>\n<p>Un banc spectaculaire<\/p>\n<p class=\" wall-content\">Enfin, la derni\u00e8re grande nouveaut\u00e9 de cette place r\u00e9side dans ce banc spectaculaire, <strong>long de 102\u00a0m\u00e8tres<\/strong>. <a href=\"https:\/\/actu.fr\/provence-alpes-cote-d-azur\/marseille_13055\/marseille-la-place-castellane-degradee-lors-de-la-mobilisation-des-taxis-on-est-tres-en-colere_62675344.html\" rel=\"nofollow noopener\" target=\"_blank\">Sa d\u00e9gradation lors de la mobilisation des taxis<\/a> avait fait enrager Martine Vassal et plusieurs \u00e9lus de la M\u00e9tropole.<\/p>\n<p>    <img decoding=\"async\" loading=\"lazy\" src=\"https:\/\/www.europesays.com\/fr\/wp-content\/uploads\/2025\/06\/whatsapp-image-2025-06-12-at-172713-960x640.jpeg\" alt=\"Fortement d\u00e9grad\u00e9 au mois de mai, le banc de la place Castellane est encore prot\u00e9g\u00e9 \u00e0 deux jours de l'inauguration.\" width=\"960\" height=\"640\"\/><br \/>\n    Fortement d\u00e9grad\u00e9 au mois de mai, le banc de la place Castellane est encore prot\u00e9g\u00e9 \u00e0 deux jours de l\u2019inauguration. (\u00a9Fabien Binacchi \/ actu Marseille)<\/p>\n<p class=\" wall-content\">Ce banc en pierre, baptis\u00e9 \u00ab\u2009La Paupi\u00e8re\u2009\u00bb, a \u00e9t\u00e9 imagin\u00e9 par Ora \u00cfto. \u00ab\u2009R\u00e9alis\u00e9 en pierre calcaire, il peut <strong>accueillir plus d\u2019une centaine de personnes<\/strong>\u2009\u00bb, indique l\u2019architecte dans un communiqu\u00e9 transmis \u00e0 actu Marseille.<\/p>\n<p class=\" wall-content\">Avec son design singulier, il a tout pour devenir le symbole du renouveau de la place Castellane.<\/p>\n<p class=\" wall-content\">Suivez toute l\u2019actualit\u00e9 de vos villes et m\u00e9dias favoris en vous inscrivant \u00e0 <a href=\"https:\/\/moncompte.actu.fr\" title=\"D\u00e9couvez Mon Actu\" rel=\"nofollow noopener\" data-trk=\"{&quot;cta&quot;:{&quot;action&quot;:&quot;https:\\\/\\\/moncompte.actu.fr&quot;,&quot;category&quot;:&quot;mon compte&quot;,&quot;from&quot;:&quot;article footer&quot;,&quot;name&quot;:&quot;Mon actu&quot;,&quot;type&quot;:&quot;cta&quot;}}\" target=\"_blank\">Mon Actu<\/a>.<\/p>\n<p>                <script async src=\"\/\/www.tiktok.com\/embed.js\"><\/script><\/p>\n","protected":false},"excerpt":{"rendered":"Apr\u00e8s des ann\u00e9es de travaux qui l&rsquo;ont profond\u00e9ment boulevers\u00e9, la place Castellane, dans le 6e arrondissement de Marseille,&hellip;\n","protected":false},"author":2,"featured_media":171320,"comment_status":"","ping_status":"","sticky":false,"template":"","format":"standard","meta":{"footnotes":""},"categories":[2814],"tags":[1111,11,4110,1777,674,1011,27,884,12,882,25,104,2086],"class_list":{"0":"post-171319","1":"post","2":"type-post","3":"status-publish","4":"format-standard","5":"has-post-thumbnail","7":"category-marseille","8":"tag-actu","9":"tag-actualites","10":"tag-castellane","11":"tag-eu","12":"tag-europe","13":"tag-fr","14":"tag-france","15":"tag-marseille","16":"tag-news","17":"tag-provence-alpes-cote-dazur","18":"tag-republique-francaise","19":"tag-societe","20":"tag-travaux"},"share_on_mastodon":{"url":"https:\/\/pubeurope.com\/@fr\/114671549680661650","error":""},"_links":{"self":[{"href":"https:\/\/www.europesays.com\/fr\/wp-json\/wp\/v2\/posts\/171319","targetHints":{"allow":["GET"]}}],"collection":[{"href":"https:\/\/www.europesays.com\/fr\/wp-json\/wp\/v2\/posts"}],"about":[{"href":"https:\/\/www.europesays.com\/fr\/wp-json\/wp\/v2\/types\/post"}],"author":[{"embeddable":true,"href":"https:\/\/www.europesays.com\/fr\/wp-json\/wp\/v2\/users\/2"}],"replies":[{"embeddable":true,"href":"https:\/\/www.europesays.com\/fr\/wp-json\/wp\/v2\/comments?post=171319"}],"version-history":[{"count":0,"href":"https:\/\/www.europesays.com\/fr\/wp-json\/wp\/v2\/posts\/171319\/revisions"}],"wp:featuredmedia":[{"embeddable":true,"href":"https:\/\/www.europesays.com\/fr\/wp-json\/wp\/v2\/media\/171320"}],"wp:attachment":[{"href":"https:\/\/www.europesays.com\/fr\/wp-json\/wp\/v2\/media?parent=171319"}],"wp:term":[{"taxonomy":"category","embeddable":true,"href":"https:\/\/www.europesays.com\/fr\/wp-json\/wp\/v2\/categories?post=171319"},{"taxonomy":"post_tag","embeddable":true,"href":"https:\/\/www.europesays.com\/fr\/wp-json\/wp\/v2\/tags?post=171319"}],"curies":[{"name":"wp","href":"https:\/\/api.w.org\/{rel}","templated":true}]}}