{"id":17132,"date":"2025-04-11T11:12:10","date_gmt":"2025-04-11T11:12:10","guid":{"rendered":"https:\/\/www.europesays.com\/fr\/17132\/"},"modified":"2025-04-11T11:12:10","modified_gmt":"2025-04-11T11:12:10","slug":"alain-e-braqueur-du-milieu-corso-marseillais-rattrape-apres-trois-ans-de-cavale","status":"publish","type":"post","link":"https:\/\/www.europesays.com\/fr\/17132\/","title":{"rendered":"Alain E., braqueur du milieu corso-marseillais rattrap\u00e9 apr\u00e8s trois ans de cavale"},"content":{"rendered":"<p><strong>EXCLUSIF<\/strong> &#8211; Ce voyou \u00ab\u00e0 l\u2019ancienne\u00bb s\u2019est longtemps fait conna\u00eetre dans le quartier du Panier pour ses activit\u00e9s d\u2019extorqueur en s\u00e9rie. En fuite apr\u00e8s une condamnation, il se cachait dans un petit village pr\u00e8s du Luberon.<\/p>\n<p class=\"fig-paragraph\">Assis sur le si\u00e8ge passager de la voiture qui l\u2019emm\u00e8ne dans le quartier du panier, Alain E. fait profil bas. Le sexag\u00e9naire le sait\u00a0: il est dans le radar de la\u00a0<a href=\"http:\/\/www.lefigaro.fr\/marseille\/la-traque-haletante-de-fadi-z-marseillais-suspecte-d-assassinat-et-refugie-en-andalousie-20250401\" data-fig-type=\"NewsFlash\" data-gtm-custom-categorie=\"navigation\" data-gtm-custom-action=\"crossclick\" data-gtm-custom-label=\"Contextuel\" data-gtm-event=\"customEventSPE\" data-fig-domain=\"LEFIGARO\" target=\"_blank\" rel=\"noopener\">police judiciaire marseillaise<\/a>\u00a0et de ses enqu\u00eateurs d\u00e9termin\u00e9s qui connaissent bien son profil. Entre les braquages, les extorsions et le\u00a0<a href=\"http:\/\/www.lefigaro.fr\/marseille\/c-est-quelque-chose-qu-on-ne-voyait-plus-a-marseille-de-violents-racketteurs-plonge-les-commerces-dans-la-terreur-20241128\" data-fig-type=\"NewsFlash\" data-gtm-custom-categorie=\"navigation\" data-gtm-custom-action=\"crossclick\" data-gtm-custom-label=\"Contextuel\" data-gtm-event=\"customEventSPE\" data-fig-domain=\"LEFIGARO\" target=\"_blank\" rel=\"noopener\">racket<\/a>\u00a0en s\u00e9rie, le pass\u00e9 judiciaire de ce bandit est \u00abgrav\u00e9 dans le marbre\u00bb des tableaux de la brigade des mandats et de la brigade de r\u00e9pression du banditisme (BRB) lanc\u00e9es \u00e0 sa poursuite.<\/p>\n<p class=\"fig-paragraph\">Trois ans auparavant, ce voyou n\u00e9 en 1966 et issu du\u00a0<a href=\"http:\/\/www.lefigaro.fr\/marseille\/corse-un-homme-lie-au-banditisme-marseillais-tue-a-venzolasca-20250408\" data-fig-type=\"NewsFlash\" data-gtm-custom-categorie=\"navigation\" data-gtm-custom-action=\"crossclick\" data-gtm-custom-label=\"Contextuel\" data-gtm-event=\"customEventSPE\" data-fig-domain=\"LEFIGARO\" target=\"_blank\" rel=\"noopener\">milieu corso-marseillais<\/a>\u00a0avait pli\u00e9 bagage apr\u00e8s avoir \u00e9t\u00e9 condamn\u00e9 \u00e0 sept ans de prison pour son implication dans une affaire de racket datant de 2013 et visant des \u00e9tablissements du Panier, quartier phoc\u00e9en intimement li\u00e9 \u00e0 la criminalit\u00e9 organis\u00e9e mais dont le charme attire aujourd\u2019hui les touristes. \u00abIl s\u2019est mis en cavale et on a perdu sa trace dans le secteur. Il a su se faire discret\u00a0: c\u2019est un braqueur embl\u00e9matique des ann\u00e9es 1990, qui s\u2019est\u2026<\/p>\n<p class=\"fig-premium-paywall__infos\">\n        Cet article est r\u00e9serv\u00e9 aux abonn\u00e9s.        Il vous reste 71% \u00e0 d\u00e9couvrir.\n    <\/p>\n<p>                <img  data- alt=\"Le Figaro\" class=\"fig-img--complete fig-img\"\/><\/p>\n<p class=\"fig-premium-paywall__title\">Vous avez envie de lire la suite ?<\/p>\n<p class=\"fig-premium-paywall__subtitle\">D\u00e9bloquez tous les articles imm\u00e9diatement.<\/p>\n<p class=\"fig-premium-paywall__connect\">\n                D\u00e9j\u00e0 abonn\u00e9\u00a0?                <a class=\"fig-premium-paywall__connect-link\" href=\"https:\/\/connect.lefigaro.fr\/login?client=horizon_web&amp;type=main&amp;redirect_uri=https%3A%2F%2Fwww.lefigaro.fr%2Fmarseille%2Fil-menait-sa-petite-vie-tranquille-alain-e-braqueur-du-milieu-corso-marseillais-rattrape-apres-trois-ans-de-cavale-20250411\" data-js-gtm=\"{&quot;customCategorie&quot;: &quot;conversion&quot;, &quot;customAction&quot;: &quot;before_Landing_Connexion_paywall_auto&quot;, &quot;customLabel&quot;: &quot;bGVmaWdhcm8uZnJfXzFmMDE1ZTEzLTYzNDEtNjhkYS1iY2EwLTU3MzcyMjY4NDk1OF9fTmV3c0ZsYXNo_\u00abIl menait sa petite vie tranquille\u00bb\u00a0: Alain E., braqueur du milieu corso-marseillais rattrap\u00e9 apr\u00e8s trois ans de cavale_506&quot;, &quot;customIDSPE&quot;: &quot;bGVmaWdhcm8uZnJfXzFmMDE1ZTEzLTYzNDEtNjhkYS1iY2EwLTU3MzcyMjY4NDk1OF9fTmV3c0ZsYXNo&quot;, &quot;event&quot;: &quot;customEventSPE&quot;}\" target=\"_blank\" rel=\"noopener\"><br \/>\n                    Connectez-vous<br \/>\n                <\/a>\n            <\/p>\n","protected":false},"excerpt":{"rendered":"EXCLUSIF &#8211; Ce voyou \u00ab\u00e0 l\u2019ancienne\u00bb s\u2019est longtemps fait conna\u00eetre dans le quartier du Panier pour ses activit\u00e9s&hellip;\n","protected":false},"author":2,"featured_media":17133,"comment_status":"","ping_status":"","sticky":false,"template":"","format":"standard","meta":{"footnotes":""},"categories":[2],"tags":[11,885,6941,1182,1180,1181,1011,27,6942,1184,1185,12,1177,1176,149,1072,1186,882,1178,1183,1179],"class_list":{"0":"post-17132","1":"post","2":"type-post","3":"status-publish","4":"format-standard","5":"has-post-thumbnail","7":"category-actualites","8":"tag-actualites","9":"tag-bouches-du-rhone","10":"tag-braquage","11":"tag-calanques","12":"tag-canebiere","13":"tag-cite-phoceenne","14":"tag-fr","15":"tag-france","16":"tag-grand-banditisme","17":"tag-la-timone","18":"tag-les-baumettes-mediterranee","19":"tag-news","20":"tag-notre-dame-de-la-garde","21":"tag-olympique-de-marseille","22":"tag-om","23":"tag-police","24":"tag-provence","25":"tag-provence-alpes-cote-dazur","26":"tag-saint-charles","27":"tag-sormiou","28":"tag-vieux-port"},"share_on_mastodon":{"url":"https:\/\/pubeurope.com\/@fr\/114319035242215625","error":""},"_links":{"self":[{"href":"https:\/\/www.europesays.com\/fr\/wp-json\/wp\/v2\/posts\/17132","targetHints":{"allow":["GET"]}}],"collection":[{"href":"https:\/\/www.europesays.com\/fr\/wp-json\/wp\/v2\/posts"}],"about":[{"href":"https:\/\/www.europesays.com\/fr\/wp-json\/wp\/v2\/types\/post"}],"author":[{"embeddable":true,"href":"https:\/\/www.europesays.com\/fr\/wp-json\/wp\/v2\/users\/2"}],"replies":[{"embeddable":true,"href":"https:\/\/www.europesays.com\/fr\/wp-json\/wp\/v2\/comments?post=17132"}],"version-history":[{"count":0,"href":"https:\/\/www.europesays.com\/fr\/wp-json\/wp\/v2\/posts\/17132\/revisions"}],"wp:featuredmedia":[{"embeddable":true,"href":"https:\/\/www.europesays.com\/fr\/wp-json\/wp\/v2\/media\/17133"}],"wp:attachment":[{"href":"https:\/\/www.europesays.com\/fr\/wp-json\/wp\/v2\/media?parent=17132"}],"wp:term":[{"taxonomy":"category","embeddable":true,"href":"https:\/\/www.europesays.com\/fr\/wp-json\/wp\/v2\/categories?post=17132"},{"taxonomy":"post_tag","embeddable":true,"href":"https:\/\/www.europesays.com\/fr\/wp-json\/wp\/v2\/tags?post=17132"}],"curies":[{"name":"wp","href":"https:\/\/api.w.org\/{rel}","templated":true}]}}