{"id":171321,"date":"2025-06-12T17:22:22","date_gmt":"2025-06-12T17:22:22","guid":{"rendered":"https:\/\/www.europesays.com\/fr\/171321\/"},"modified":"2025-06-12T17:22:22","modified_gmt":"2025-06-12T17:22:22","slug":"la-metropole-refute-le-manque-de-concertation","status":"publish","type":"post","link":"https:\/\/www.europesays.com\/fr\/171321\/","title":{"rendered":"la M\u00e9tropole r\u00e9fute le\u00a0manque de concertation"},"content":{"rendered":"<p>Le 2\u00a0juin dernier, trois associations de commer\u00e7ants et d\u2019acteurs \u00e9conomiques de la Croix-Rousse, exprimaient, via un communiqu\u00e9 de presse, leur surprise face \u00e0 la d\u00e9couverte du sc\u00e9nario retenu pour le r\u00e9am\u00e9nagement du boulevard de la Croix-Rousse, tel que pr\u00e9sent\u00e9 le 23\u00a0mai par la M\u00e9tropole et la Ville de Lyon.<\/p>\n<p>Plusieurs r\u00e9unions<\/p>\n<p>Lyon C\u00f4t\u00e9 Croix-Rousse, l\u2019Association du march\u00e9 de la Croix-Rousse et La Croix-Rousse le Village regrettaient en effet ne pas avoir \u00e9t\u00e9 associ\u00e9es \u00e0 la concertation,&#8230;<\/p>\n","protected":false},"excerpt":{"rendered":"Le 2\u00a0juin dernier, trois associations de commer\u00e7ants et d\u2019acteurs \u00e9conomiques de la Croix-Rousse, exprimaient, via un communiqu\u00e9 de&hellip;\n","protected":false},"author":2,"featured_media":171322,"comment_status":"","ping_status":"","sticky":false,"template":"","format":"standard","meta":{"footnotes":""},"categories":[1889],"tags":[1111,11,2430,4406,33,2757,1777,674,1011,27,2428,10928,10927,12,25],"class_list":{"0":"post-171321","1":"post","2":"type-post","3":"status-publish","4":"format-standard","5":"has-post-thumbnail","7":"category-lyon","8":"tag-actu","9":"tag-actualites","10":"tag-auvergne-rhone-alpes","11":"tag-commerce-et-services","12":"tag-economie","13":"tag-edition-lyon-villeurbanne","14":"tag-eu","15":"tag-europe","16":"tag-fr","17":"tag-france","18":"tag-lyon","19":"tag-lyon-4e","20":"tag-lyon-4e-arrondissement","21":"tag-news","22":"tag-republique-francaise"},"share_on_mastodon":{"url":"https:\/\/pubeurope.com\/@fr\/114671553523250287","error":""},"_links":{"self":[{"href":"https:\/\/www.europesays.com\/fr\/wp-json\/wp\/v2\/posts\/171321","targetHints":{"allow":["GET"]}}],"collection":[{"href":"https:\/\/www.europesays.com\/fr\/wp-json\/wp\/v2\/posts"}],"about":[{"href":"https:\/\/www.europesays.com\/fr\/wp-json\/wp\/v2\/types\/post"}],"author":[{"embeddable":true,"href":"https:\/\/www.europesays.com\/fr\/wp-json\/wp\/v2\/users\/2"}],"replies":[{"embeddable":true,"href":"https:\/\/www.europesays.com\/fr\/wp-json\/wp\/v2\/comments?post=171321"}],"version-history":[{"count":0,"href":"https:\/\/www.europesays.com\/fr\/wp-json\/wp\/v2\/posts\/171321\/revisions"}],"wp:featuredmedia":[{"embeddable":true,"href":"https:\/\/www.europesays.com\/fr\/wp-json\/wp\/v2\/media\/171322"}],"wp:attachment":[{"href":"https:\/\/www.europesays.com\/fr\/wp-json\/wp\/v2\/media?parent=171321"}],"wp:term":[{"taxonomy":"category","embeddable":true,"href":"https:\/\/www.europesays.com\/fr\/wp-json\/wp\/v2\/categories?post=171321"},{"taxonomy":"post_tag","embeddable":true,"href":"https:\/\/www.europesays.com\/fr\/wp-json\/wp\/v2\/tags?post=171321"}],"curies":[{"name":"wp","href":"https:\/\/api.w.org\/{rel}","templated":true}]}}