{"id":171327,"date":"2025-06-12T17:25:23","date_gmt":"2025-06-12T17:25:23","guid":{"rendered":"https:\/\/www.europesays.com\/fr\/171327\/"},"modified":"2025-06-12T17:25:23","modified_gmt":"2025-06-12T17:25:23","slug":"comment-lile-de-france-compte-devenir-un-centre-europeen-de-lia","status":"publish","type":"post","link":"https:\/\/www.europesays.com\/fr\/171327\/","title":{"rendered":"Comment l&rsquo;Ile-de-France compte devenir un centre europ\u00e9en de l&rsquo;IA"},"content":{"rendered":"<p>Mistral AI le francilien, \u00e9g\u00e9rie de la souverainet\u00e9 technologique tricolore, qui d\u00e9veloppe hors de France un projet d&rsquo;IA bas carbone ? Allons allons, cela aurait fait mauvais genre. \u00ab Ils ont un peu h\u00e9sit\u00e9 sur la localisation de leur site \u00bb, confie Val\u00e9rie P\u00e9cresse dans un sourire, lors de la pr\u00e9sentation des initiatives de la R\u00e9gion Ile-de-France dans l&rsquo;IA \u00e0 VivaTech, jeudi 12 juin.<\/p>\n<p>\u00ab Mais il n&rsquo;\u00e9tait pas question qu&rsquo;ils partent dans le nord de l&rsquo;Europe ou ailleurs, donc on a mis le paquet pour qu&rsquo;ils puissent rester ici\u00a0\u00bb,\u00a0se r\u00e9jouit\u00a0la pr\u00e9sidente (LR) de la r\u00e9gion. Pour retenir son grand champion, la collectivit\u00e9 a donc sorti le ch\u00e9quier et investi 3 millions d&rsquo;euros dans la licorne francilienne, pour lui permettre d&rsquo;entra\u00eener en Ile-de-France un mod\u00e8le de langage \u00ab low carbon \u00bb capable de comprendre et de g\u00e9n\u00e9rer 20 langues europ\u00e9ennes, tout\u00a0en consommant moins de ressources.<\/p>\n","protected":false},"excerpt":{"rendered":"Mistral AI le francilien, \u00e9g\u00e9rie de la souverainet\u00e9 technologique tricolore, qui d\u00e9veloppe hors de France un projet d&rsquo;IA&hellip;\n","protected":false},"author":2,"featured_media":168818,"comment_status":"","ping_status":"","sticky":false,"template":"","format":"standard","meta":{"footnotes":""},"categories":[1592],"tags":[17,1111,11,3335,20,9705,8300,1777,674,13378,1011,27,662,2804,7466,12,626,25,1807],"class_list":{"0":"post-171327","1":"post","2":"type-post","3":"status-publish","4":"format-standard","5":"has-post-thumbnail","7":"category-ile-de-france","8":"tag-17","9":"tag-actu","10":"tag-actualites","11":"tag-centre","12":"tag-comment","13":"tag-compte","14":"tag-devenir","15":"tag-eu","16":"tag-europe","17":"tag-europeen","18":"tag-fr","19":"tag-france","20":"tag-ile-de-france","21":"tag-lile-de-france","22":"tag-lia","23":"tag-news","24":"tag-paris","25":"tag-republique-francaise","26":"tag-technos-medias"},"share_on_mastodon":{"url":"https:\/\/pubeurope.com\/@fr\/114671565383024521","error":""},"_links":{"self":[{"href":"https:\/\/www.europesays.com\/fr\/wp-json\/wp\/v2\/posts\/171327","targetHints":{"allow":["GET"]}}],"collection":[{"href":"https:\/\/www.europesays.com\/fr\/wp-json\/wp\/v2\/posts"}],"about":[{"href":"https:\/\/www.europesays.com\/fr\/wp-json\/wp\/v2\/types\/post"}],"author":[{"embeddable":true,"href":"https:\/\/www.europesays.com\/fr\/wp-json\/wp\/v2\/users\/2"}],"replies":[{"embeddable":true,"href":"https:\/\/www.europesays.com\/fr\/wp-json\/wp\/v2\/comments?post=171327"}],"version-history":[{"count":0,"href":"https:\/\/www.europesays.com\/fr\/wp-json\/wp\/v2\/posts\/171327\/revisions"}],"wp:featuredmedia":[{"embeddable":true,"href":"https:\/\/www.europesays.com\/fr\/wp-json\/wp\/v2\/media\/168818"}],"wp:attachment":[{"href":"https:\/\/www.europesays.com\/fr\/wp-json\/wp\/v2\/media?parent=171327"}],"wp:term":[{"taxonomy":"category","embeddable":true,"href":"https:\/\/www.europesays.com\/fr\/wp-json\/wp\/v2\/categories?post=171327"},{"taxonomy":"post_tag","embeddable":true,"href":"https:\/\/www.europesays.com\/fr\/wp-json\/wp\/v2\/tags?post=171327"}],"curies":[{"name":"wp","href":"https:\/\/api.w.org\/{rel}","templated":true}]}}