{"id":171330,"date":"2025-06-12T17:27:13","date_gmt":"2025-06-12T17:27:13","guid":{"rendered":"https:\/\/www.europesays.com\/fr\/171330\/"},"modified":"2025-06-12T17:27:13","modified_gmt":"2025-06-12T17:27:13","slug":"risque-dorages-violents-a-paris-et-en-ile-de-france-en-fin-de-journee-de-vendredi","status":"publish","type":"post","link":"https:\/\/www.europesays.com\/fr\/171330\/","title":{"rendered":"Risque d&rsquo;orages violents \u00e0 Paris et en Ile-de-France en fin de journ\u00e9e de vendredi"},"content":{"rendered":"<p>Un risque important d&rsquo;orages est pr\u00e9vu entre la fin d&rsquo;apr\u00e8s-midi et la soir\u00e9e de ce vendredi \u00e0 Paris et en Ile-de-France avec des pluies intenses, de la gr\u00eale et de fortes rafales de vent sous les cellules orageuses les plus actives. Prenez vos pr\u00e9cautions&#8230;<\/p>\n<p><a class=\"link\" href=\"https:\/\/actualite.lachainemeteo.com\/actualite-meteo\/2025-06-12\/risque-d-orages-violents-a-paris-et-en-ile-de-france-en-fin-de-journee-de-vendredi-78917\" data-ylk=\"\" target=\"_blank\" rel=\"noopener\"><img decoding=\"async\" class=\"caas-img caas-lazy\" alt=\"video\" src=\"https:\/\/www.europesays.com\/fr\/wp-content\/uploads\/2025\/06\/de788d940f2c30cbffcf4f3928d510ad.jpeg\"\/><\/a><\/p>\n<p>\ud83c\udfac Vid\u00e9o &#8211; La Cha\u00eene M\u00e9t\u00e9o &#8211; Risque d&rsquo;orages violents en Ile-de-France vendredi soir<\/p>\n<p>Les orages sont l&rsquo;un des ph\u00e9nom\u00e8nes m\u00e9t\u00e9o les plus redout\u00e9s mais aussi les plus difficiles \u00e0 pr\u00e9voir car il s&rsquo;agit de ph\u00e9nom\u00e8nes souvent tr\u00e8s localis\u00e9s dont la trajectoire et l&rsquo;activit\u00e9 peuvent varier tr\u00e8s vite dans l&rsquo;espace et dans le temps.<\/p>\n<p>Ce vendredi entre la fin d&rsquo;apr\u00e8s-midi et la soir\u00e9e, les conditions m\u00e9t\u00e9o seront propices aux orages en Ile-de-France car de l&rsquo;air humide et instable en provenance de l&rsquo;Atlantique rentrera en contact avec de l&rsquo;air tr\u00e8s chaud remontant d&rsquo;Afrique du Nord. Un minimum d\u00e9pressionnaire circulera du Val de Loire vers la Belgique, en lien avec ce conflit de masse d&rsquo;air et sous l&rsquo;influence d&rsquo;un courant Jet rapide en altitude. Une situation explosive et propice \u00e0 de violents orages entre la Normandie et l&rsquo;ouest du Bassin parisien.<\/p>\n<p><strong>Des orages attendus en fin de journ\u00e9e<\/strong><\/p>\n<p>Quelques incertitudes subsistent encore sur le timing pr\u00e9cis de la d\u00e9gradation orageuse. Certains mod\u00e8les m\u00e9t\u00e9o envisagent l&rsquo;arriv\u00e9e des orages d\u00e8s la fin d&rsquo;apr\u00e8s-midi, d&rsquo;autres sc\u00e9narios les pr\u00e9voient plus tardivement, dans la soir\u00e9e. Notre mod\u00e8le Meteo Consult qui retient le sc\u00e9nario le plus probable voit arriver les orages vers 21h sur la capitale. L&rsquo;ouest de l&rsquo;Ile-de-France serait touch\u00e9 d\u00e8s 20 heures et la partie est de l&rsquo;Ile-de-France vers 22 heures. Si l&rsquo;on tient compte de l&rsquo;ensemble des mod\u00e8les, c&rsquo;est un intervalle de temps qui s&rsquo;\u00e9tend de 17h \u00e0 23 h, ce qui montre la fiabilit\u00e9 encore limit\u00e9e du passage des orages.<\/p>\n<p><strong>Encore des incertitudes concernant l&rsquo;activit\u00e9 des orages<\/strong><\/p>\n<p>Selon les mod\u00e8les m\u00e9t\u00e9o la trajectoire pr\u00e9cise et l&rsquo;activit\u00e9 des orages pr\u00e9sente \u00e9galement des incertitudes. Si les d\u00e9partements normands sont les plus expos\u00e9s aux orages violents (alerte orange), <a href=\"https:\/\/actualite.lachainemeteo.com\/alerte-meteo\/8516-violents-orages-au-nord-ouest-et-au-sud-ouest-vendredi-soir\" rel=\"nofollow noopener\" target=\"_blank\" data-ylk=\"slk:notre alerte de niveau jaune en Ile-de-France;elm:context_link;itc:0;sec:content-canvas\" class=\"link \">notre alerte de niveau jaune en Ile-de-France<\/a> traduit un moindre risque d&rsquo;orages violents. Notre sc\u00e9nario probabiliste Meteo Consult envisage des orages violents sur la Normandie, d\u00e9bordant sur la frange ouest de l&rsquo;Ile-de-France (plateaux du Vexin, Mantois). Les orages seraient moins actifs sur le reste de l&rsquo;Ile-de-France avec de fortes pluies passag\u00e8res mais un moindre risque de gr\u00eale et de violentes rafales de vent. Les prochaines r\u00e9actualisations des mod\u00e8les m\u00e9t\u00e9o d&rsquo;ici demain matin seront d\u00e9terminantes. Un \u00e9ventuel passage en alerte orange n&rsquo;est donc pas exclu pour l&rsquo;Ile-de-France si les sc\u00e9narios envisagent une aggravation des orages et une trajectoire un peu plus sud des ph\u00e9nom\u00e8nes violents.<\/p>\n<p><a href=\"https:\/\/actualite.lachainemeteo.com\/actualite-meteo\/2025-06-12\/risque-d-orages-violents-a-paris-et-en-ile-de-france-en-fin-de-journee-de-vendredi-78917\" rel=\"nofollow noopener\" target=\"_blank\" data-ylk=\"slk:Article original publi\u00e9 sur La Cha\u00eene M\u00e9t\u00e9o;elm:context_link;itc:0;sec:content-canvas\" class=\"link \">Article original publi\u00e9 sur La Cha\u00eene M\u00e9t\u00e9o<\/a><\/p>\n","protected":false},"excerpt":{"rendered":"Un risque important d&rsquo;orages est pr\u00e9vu entre la fin d&rsquo;apr\u00e8s-midi et la soir\u00e9e de ce vendredi \u00e0 Paris&hellip;\n","protected":false},"author":2,"featured_media":171331,"comment_status":"","ping_status":"","sticky":false,"template":"","format":"standard","meta":{"footnotes":""},"categories":[1888],"tags":[1111,1928,11,1927,1777,674,4701,1011,27,662,2804,12,1926,30628,626,1925,11008,8542,25,30629],"class_list":{"0":"post-171330","1":"post","2":"type-post","3":"status-publish","4":"format-standard","5":"has-post-thumbnail","7":"category-paris","8":"tag-actu","9":"tag-actu-paris","10":"tag-actualites","11":"tag-actualites-paris","12":"tag-eu","13":"tag-europe","14":"tag-fin-dapres-midi","15":"tag-fr","16":"tag-france","17":"tag-ile-de-france","18":"tag-lile-de-france","19":"tag-news","20":"tag-news-paris","21":"tag-orages-violents","22":"tag-paris","23":"tag-paris-news","24":"tag-phenomenes-meteo","25":"tag-rafales-de-vent","26":"tag-republique-francaise","27":"tag-violents-orages"},"share_on_mastodon":{"url":"https:\/\/pubeurope.com\/@fr\/114671573278118865","error":""},"_links":{"self":[{"href":"https:\/\/www.europesays.com\/fr\/wp-json\/wp\/v2\/posts\/171330","targetHints":{"allow":["GET"]}}],"collection":[{"href":"https:\/\/www.europesays.com\/fr\/wp-json\/wp\/v2\/posts"}],"about":[{"href":"https:\/\/www.europesays.com\/fr\/wp-json\/wp\/v2\/types\/post"}],"author":[{"embeddable":true,"href":"https:\/\/www.europesays.com\/fr\/wp-json\/wp\/v2\/users\/2"}],"replies":[{"embeddable":true,"href":"https:\/\/www.europesays.com\/fr\/wp-json\/wp\/v2\/comments?post=171330"}],"version-history":[{"count":0,"href":"https:\/\/www.europesays.com\/fr\/wp-json\/wp\/v2\/posts\/171330\/revisions"}],"wp:featuredmedia":[{"embeddable":true,"href":"https:\/\/www.europesays.com\/fr\/wp-json\/wp\/v2\/media\/171331"}],"wp:attachment":[{"href":"https:\/\/www.europesays.com\/fr\/wp-json\/wp\/v2\/media?parent=171330"}],"wp:term":[{"taxonomy":"category","embeddable":true,"href":"https:\/\/www.europesays.com\/fr\/wp-json\/wp\/v2\/categories?post=171330"},{"taxonomy":"post_tag","embeddable":true,"href":"https:\/\/www.europesays.com\/fr\/wp-json\/wp\/v2\/tags?post=171330"}],"curies":[{"name":"wp","href":"https:\/\/api.w.org\/{rel}","templated":true}]}}