{"id":171332,"date":"2025-06-12T17:28:11","date_gmt":"2025-06-12T17:28:11","guid":{"rendered":"https:\/\/www.europesays.com\/fr\/171332\/"},"modified":"2025-06-12T17:28:11","modified_gmt":"2025-06-12T17:28:11","slug":"il-y-a-2-000-ans-les-luteciens-mangeaient-des-huitres-et-du-raisin-et-aimaient-le-jaune-et-le-rouge","status":"publish","type":"post","link":"https:\/\/www.europesays.com\/fr\/171332\/","title":{"rendered":"il y a 2 000 ans, les Lut\u00e9ciens mangeaient des hu\u00eetres et du raisin et aimaient le jaune et le rouge"},"content":{"rendered":"<p>            Par<br \/>\n        <strong><br \/>\n            <a href=\"https:\/\/actu.fr\/auteur\/dorinegoth\" title=\"Consulter tous les articles de Dorine Goth\" target=\"_blank\" rel=\"noopener\">Dorine Goth<\/a><br \/>\n        <\/strong><\/p>\n<p>        Publi\u00e9 le<\/p>\n<p>            12 juin 2025 \u00e0 19h22        <\/p>\n<p>Les sous-sols de Paris n\u2019ont pas fini de parler. \u00ab\u2009R\u00e9cemment, on a d\u00e9couvert 1\u2009000 ossements de b\u0153ufs lors des fouilles de la rue Cujas\u2009\u00bb, pointe C\u00e9line Berthenet, m\u00e9diatrice au p\u00f4le arch\u00e9ologie de la ville de Paris. Depuis 2004, le <a href=\"https:\/\/actu.fr\/loisirs-culture\/une-necropole-antique-du-iie-siecle-decouverte-en-plein-coeur-de-paris_59061196.html\" target=\"_blank\" rel=\"noopener\"><strong>d\u00e9partement d\u2019histoire de l\u2019architecture et d\u2019arch\u00e9ologie<\/strong><\/a> de Paris fouille, \u00e9tudie et entrepose les vestiges de la ville dans le 18e arrondissement. Au total, plus de <strong>100\u2009000 enregistrements<\/strong>, individuels ou en lots sont stock\u00e9s sur<strong> 800 m\u00b2<\/strong>. Autant d\u2019\u00e9l\u00e9ments qui permettent d\u2019en apprendre \u00e0 chaque fois un peu plus sur le mode de vie <a href=\"https:\/\/actu.fr\/ile-de-france\/paris_75056\/pourquoi-paris-s-appelle-paris-et-pas-lutece_39955481.html\" target=\"_blank\" rel=\"noopener\">des Lut\u00e9ciens<\/a> sous l\u2019Antiquit\u00e9, puis des Parisiens. \u00ab\u2009\u00c0 force de fouiller, on fait des d\u00e9couvertes majeures\u2009\u00bb, souligne Karen Ta\u00ebib, adjointe en charge du patrimoine, de l\u2019histoire de Paris et des relations avec les cultes.<\/p>\n<p>Des fouilles pr\u00e9ventives riches en enseignement<\/p>\n<p class=\" wall-content\">Celles-ci ont lieu principalement lors des <a href=\"https:\/\/actu.fr\/ile-de-france\/paris_75056\/paris-le-passe-gallo-romain-de-lutece-se-devoile-sur-la-montagne-sainte-genevieve_61190596.html\" target=\"_blank\" rel=\"noopener\">fouilles pr\u00e9ventives<\/a>, d\u00e9sormais men\u00e9es lors des chantiers. C\u2019est comme \u00e7a qu\u2019en 2022, les arch\u00e9ologues ont mis la main sur des milliers de coquilles d\u2019hu\u00eetres et de carcasses de b\u0153ufs datant depuis l\u2019ann\u00e9e 27 avant J-C, lors du chantier de r\u00e9fection d\u2019un h\u00f4tel au 20, rue Cujas.<\/p>\n<p class=\" wall-content\">\u00ab\u2009Les Lut\u00e9ciens avaient un go\u00fbt prononc\u00e9 pour les hu\u00eetres\u2009\u00bb, commente C\u00e9line Berthenet. Qu\u2019importe si les c\u00f4tes les plus proches se situent \u00e0 200\u00a0km de l\u00e0. \u00ab\u2009Il y avait \u00e0 l\u2019\u00e9poque, plus qu\u2019au Moyen-\u00c2ge, un r\u00e9seau de routes commerciales tr\u00e8s d\u00e9velopp\u00e9 avec des \u00e9changes tr\u00e8s riches entre les cit\u00e9s\u2009\u00bb, poursuit-elle. Quant au b\u0153uf, la recherche n\u2019en est qu\u2019au stade d\u2019hypoth\u00e8se. \u00ab\u2009On \u00e9tait \u00e0 30\u00a0m\u00e8tres du <a href=\"https:\/\/actu.fr\/ile-de-france\/paris_75056\/les-arenes-de-lutece-un-vestige-de-l-empire-romain-toujours-debout-a-paris_50920489.html\" target=\"_blank\" rel=\"noopener\">forum de Lut\u00e8ce<\/a> avec des boutiques et en son centre un temple. On peut penser que les b\u0153ufs \u00e9taient sacrifi\u00e9s au temple\u2009\u00bb, pose la m\u00e9diatrice.<\/p>\n<p class=\" wall-content\">Plus bas, sur l\u2019<a href=\"https:\/\/actu.fr\/ile-de-france\/paris_75056\/a-paris-l-ile-de-la-cite-se-vegetalise-l-un-des-derniers-endroits-ou-l-on-peut-encore-planter-des-arbres_62654212.html\" target=\"_blank\" rel=\"noopener\">\u00eele de la Cit\u00e9<\/a>, ce sont des milliers de p\u00e9pins de raisins qui donnent un indice sur les habitudes alimentaires. Ce savoir-faire sera mis en avant dans les jardins du Palais Royal, du vendredi\u00a013 au dimanche 15\u00a0juin 2025 lors des <a href=\"https:\/\/actu.fr\/loisirs-culture\/16e-edition-des-journees-europeennes-de-larcheologie-le-programme-dans-le-lot_62754001.html\" target=\"_blank\" rel=\"noopener\">Journ\u00e9es europ\u00e9ennes de l\u2019arch\u00e9ologie<\/a>.<\/p>\n<p class=\" wall-content\">D\u2019autres trouvailles permettent d\u2019en apprendre plus sur les go\u00fbts des habitants de l\u2019\u00e9poque. Sur les objets, le jaune, le rouge et le vert ont l\u2019avantage. C\u2019\u00e9taient les couleurs \u00e0 la mode. Mais Lut\u00e8ce n\u2019avait pas le <a href=\"https:\/\/actu.fr\/ile-de-france\/paris_75056\/fashion-week-a-paris-une-fan-zone-creee-pour-suivre-le-defile-de-ce-createur-francais-tres-connu_62168640.html\" target=\"_blank\" rel=\"noopener\">r\u00f4le de prescripteur<\/a> que peut avoir Paris aujourd\u2019hui, au contraire. \u00ab\u2009On voit qu\u2019on est dans une cit\u00e9 de second rang par rapport \u00e0 Rome\u2009\u00bb, \u00e9claire C\u00e9line Berthenet avant d\u2019ajouter\u2009: \u00ab\u2009\u00c7a a un caract\u00e8re \u00e9motionnel, on parle de la vie des Parisiens\u2009\u00bb, C\u00e9line Berthenet. \u00ab\u2009Les Parisiens aiment conna\u00eetre leur histoire\u2009\u00bb, abonde Karen Ta\u00efeb.<\/p>\n<p>Des t\u00e9moins conserv\u00e9s \u00e0 l\u2019abris des regards<\/p>\n<p class=\" wall-content\">Certains chantiers permettent de remonter \u00e0 une \u00e9poque moins lointaine. La <strong>plus vieille st\u00e8le chr\u00e9tienne<\/strong> datant du 5e si\u00e8cle est d\u00e9couverte dans le quartier Saint-Marcel. Plus surprenant, la<strong> d\u00e9pouille de la duchesse de Retz<\/strong>, dame d\u2019honneur de Catherine de M\u00e9dicis au 17e si\u00e8cle, a \u00e9t\u00e9 retrouv\u00e9e lors de la r\u00e9fection du lyc\u00e9e Charlemagne, dans le 4e arrondissement.<\/p>\n<p class=\" wall-content\">Enterr\u00e9 dans un sarcophage en plomb, son squelette \u00e9tait remarquablement conserv\u00e9 avec la pr\u00e9sence de cheveux sur le cr\u00e2ne, pr\u00e8s de 400 ans apr\u00e8s sa mort. Plus r\u00e9cemment, c\u2019est un bout de l\u2019enceinte de Thiers qui \u00e9tait mise au jour lors du chantier de construction de <a href=\"https:\/\/actu.fr\/tag\/adidas-arena\" target=\"_blank\" rel=\"noopener\">l\u2019Addidas Arena<\/a>, dans le 18e arrondissement.<\/p>\n<p class=\" wall-content\">Conserv\u00e9es jalousement au sein des r\u00e9serves arch\u00e9ologiques de la ville, ces t\u00e9moins de l\u2019histoire ne sont pr\u00e9sent\u00e9es qu\u2019\u00e0 de rares occasions au public. Une partie est expos\u00e9e au <a href=\"https:\/\/actu.fr\/ile-de-france\/paris_75056\/reouverture-du-musee-carnavalet-a-paris-apres-quatre-ans-de-travaux-la-billetterie-ouverte_41886436.html\" target=\"_blank\" rel=\"noopener\">mus\u00e9e Carnavalet<\/a>, comme le fac-simil\u00e9 de la mandibule du plus vieux Parisien (entre -10\u2009000 et \u2013 8\u2009000 avant J-C, d\u00e9couvert rue Farman, dans le 15e arrondissement. Quant aux r\u00e9serves, elles ouvrent r\u00e9guli\u00e8rement \u00e0 l\u2019occasion des Journ\u00e9es du Patrimoine et des Journ\u00e9es de l\u2019arch\u00e9ologie.<\/p>\n<p class=\" wall-content\">Suivez toute l\u2019actualit\u00e9 de vos villes et m\u00e9dias favoris en vous inscrivant \u00e0 <a href=\"https:\/\/moncompte.actu.fr\" title=\"D\u00e9couvez Mon Actu\" rel=\"nofollow noopener\" data-trk=\"{&quot;cta&quot;:{&quot;action&quot;:&quot;https:\\\/\\\/moncompte.actu.fr&quot;,&quot;category&quot;:&quot;mon compte&quot;,&quot;from&quot;:&quot;article footer&quot;,&quot;name&quot;:&quot;Mon actu&quot;,&quot;type&quot;:&quot;cta&quot;}}\" target=\"_blank\">Mon Actu<\/a>.<\/p>\n","protected":false},"excerpt":{"rendered":"Par Dorine Goth Publi\u00e9 le 12 juin 2025 \u00e0 19h22 Les sous-sols de Paris n\u2019ont pas fini de&hellip;\n","protected":false},"author":2,"featured_media":171333,"comment_status":"","ping_status":"","sticky":false,"template":"","format":"standard","meta":{"footnotes":""},"categories":[1888],"tags":[11,730,1777,674,1011,27,1652,12,626,2551,25],"class_list":{"0":"post-171332","1":"post","2":"type-post","3":"status-publish","4":"format-standard","5":"has-post-thumbnail","7":"category-paris","8":"tag-actualites","9":"tag-archeologie","10":"tag-eu","11":"tag-europe","12":"tag-fr","13":"tag-france","14":"tag-loisirs-culture","15":"tag-news","16":"tag-paris","17":"tag-patrimoine","18":"tag-republique-francaise"},"share_on_mastodon":{"url":"https:\/\/pubeurope.com\/@fr\/114671577838910174","error":""},"_links":{"self":[{"href":"https:\/\/www.europesays.com\/fr\/wp-json\/wp\/v2\/posts\/171332","targetHints":{"allow":["GET"]}}],"collection":[{"href":"https:\/\/www.europesays.com\/fr\/wp-json\/wp\/v2\/posts"}],"about":[{"href":"https:\/\/www.europesays.com\/fr\/wp-json\/wp\/v2\/types\/post"}],"author":[{"embeddable":true,"href":"https:\/\/www.europesays.com\/fr\/wp-json\/wp\/v2\/users\/2"}],"replies":[{"embeddable":true,"href":"https:\/\/www.europesays.com\/fr\/wp-json\/wp\/v2\/comments?post=171332"}],"version-history":[{"count":0,"href":"https:\/\/www.europesays.com\/fr\/wp-json\/wp\/v2\/posts\/171332\/revisions"}],"wp:featuredmedia":[{"embeddable":true,"href":"https:\/\/www.europesays.com\/fr\/wp-json\/wp\/v2\/media\/171333"}],"wp:attachment":[{"href":"https:\/\/www.europesays.com\/fr\/wp-json\/wp\/v2\/media?parent=171332"}],"wp:term":[{"taxonomy":"category","embeddable":true,"href":"https:\/\/www.europesays.com\/fr\/wp-json\/wp\/v2\/categories?post=171332"},{"taxonomy":"post_tag","embeddable":true,"href":"https:\/\/www.europesays.com\/fr\/wp-json\/wp\/v2\/tags?post=171332"}],"curies":[{"name":"wp","href":"https:\/\/api.w.org\/{rel}","templated":true}]}}