{"id":171340,"date":"2025-06-12T17:32:10","date_gmt":"2025-06-12T17:32:10","guid":{"rendered":"https:\/\/www.europesays.com\/fr\/171340\/"},"modified":"2025-06-12T17:32:10","modified_gmt":"2025-06-12T17:32:10","slug":"le-cac-40-en-baisse-duel-usa-contre-chine-le-journal-de-la-bourse-du-11-juin-2025-moneyvox","status":"publish","type":"post","link":"https:\/\/www.europesays.com\/fr\/171340\/","title":{"rendered":"Le CAC 40 en baisse, duel USA contre Chine&#8230; Le Journal de la Bourse du 11 juin 2025 &#8211; MoneyVox"},"content":{"rendered":"<ol>\n<li><a href=\"https:\/\/news.google.com\/rss\/articles\/CBMiygFBVV95cUxPVkhUTmJvWWxYNE5DRkZvTkFlYzJsdF91OGtvdzZiNlJFNjBIYlF5YUYxUzV5dDh1a3RPWng1N2xfQl9QMDFiYXljNHFXYUh2M3FOQkw2U2FyMzBnTjlrNkNyeGNWNHFMRXI5dXV5eDFSSE9BcUNSbktrSldwSU1iaWZILUJibGl3NmVyZGItNzdUSC1JRjJsLU1YRWMzSWdLVkcwVmpRRGFCUTBhVjRueXMyY0xROU5OcU1IUmpBOUN0dTViWm9WMFRn?oc=5\" target=\"_blank\" rel=\"noopener\">Le CAC 40 en baisse, duel USA contre Chine&#8230; Le Journal de la Bourse du 11 juin 2025<\/a>&nbsp;&nbsp;MoneyVox<\/li>\n<li><a href=\"https:\/\/news.google.com\/rss\/articles\/CBMi8gFBVV95cUxPQjM2Tzg4aEZ5djNKdGhxYXlaQjJocFdrNHpRUXNSMEctajFsWkY3N3BhWFBTQmVMQTZBVDFrMFp0SnFCZEdiZGFpRGRVQ2hCQ0JPakxsOEhKcmUwdUprSlhjZnZtWW5IOE5IelhZM3h5R1U5R2NYMmtxazc5eWVLdmVhQ1J1NWhBb1lSWWkwUm5pMFY2ZV9PMnZlMTM3ZU9JSkVFdDBOM29mdXU5SHVMempuZmhEVF9tSHZPSF9MVTMyTDZKaWs2RlFOaWpSSmFTUHpiNXgwUVgwalBwZ1NsclZVUWZnRUdnSEk1ajhrQlFFUdIB9wFBVV95cUxPQm9wS3VuX2VfQVR1dVJVSXV1VFg5cXlpNkFqaHlfUEx0c2ltcUxvUS10RWZqZkNqRk14TVE0S1pfTnFaVV9HbUlOSFFGaE8xRktzRVJxLW9BQ0cyZTRwNHhLZElSQ2dZMC1GWVJacWtjZ1ljWXA4WHdwZ1JETXlRNF9xZmxLNnVHSHBLZGdreDBLbGkyYm5hLTJTbDRHR19lc1MxX1VoZXJ1LVJDY0Z5ZHNkMUV5Ulp6cmpkZi0ta3NWTjZkckVtOTZ4MnQ3R2lLT2kxaGc1cFFkNm1GeUcyNWNZNWVYd1paMDV0NU5SUDQzNW9TVHlF?oc=5\" target=\"_blank\" rel=\"noopener\">L&rsquo;Europe finit dans le rouge, l&rsquo;Iran et la fragilit\u00e9 des progr\u00e8s commerciaux p\u00e8sent<\/a>&nbsp;&nbsp;Boursorama<\/li>\n<li><a href=\"https:\/\/news.google.com\/rss\/articles\/CBMimwFBVV95cUxOM195MzB1dVV5VXRRaTNsOEFzdHNHOE00X1M5NlZfTHZma1dvMlNJX3dVWUU2MHM5RFZ1bFo3cXJDdkdHRE1FS3l1cW5OMGFFZkc2M1JhTXNXLVFhdEhQaW13d2l6ZG1QaWFZX1NsckVaQ1ljanZhbE9oQ0RWT3k1Mmk1TndEbzZma2pFeWhQcE1IMUFCb3oyampINA?oc=5\" target=\"_blank\" rel=\"noopener\">La Bourse de Paris termine en l\u00e9g\u00e8re baisse<\/a>&nbsp;&nbsp;Orange<\/li>\n<li><a href=\"https:\/\/news.google.com\/rss\/articles\/CBMioAFBVV95cUxNX2phZHR3ZmU1UU90bW1LU3ptdUlQaUxrbjUzdVRvNDhDZUx1ODNSRk9wRHBTek9paERIbGNLOWdUSzVwS1B6VFlwdzhScG5VNFNPcUtnWnJCTUREZnF2S2NMdDFqWEstTWtJNE1oUkI1cFF4MlJ0QnRuM1ZZVjZSMXc1U0ZueDlnVDhQVDBnVWQzZnllV1hOUTlDaHExZnB00gGmAUFVX3lxTE5PVWJCMFRuSUI5eEFnd2xYQk9QNkh2MjVFZUJXcHlRQVV2OWFzb2twY2N0aXZBalliVWRqY3VadWg4WEZpbURldDU3UXphd2FmcVVPYXVnajR6ZU1jSzRteHR3ZTZQMkVEVUpfOHZpUEF3dDEwZDYySUpPTnhBZUk4RzZiMVlOTmNmak94cGFBQ0lnanhvSnBycldRTnJ5MzBkN1Y4N0E?oc=5\" target=\"_blank\" rel=\"noopener\">CAC40: reprend +1% sur ses planchers, le $ plonge vers 1,16E&#8230;<\/a>&nbsp;&nbsp;Fortuneo Bourse<\/li>\n<li><a href=\"https:\/\/news.google.com\/rss\/articles\/CBMiqgFBVV95cUxOclFvNUo3T0ZhUm5VUVRSNlJESmpkTTdmTXF6bVp4NWJnNzJUYlRFQkhfRkJfbmhHV0prMzJqMkZNS1VMdGZiOWZEOUZGU1pTSG5vRWdNSWRQcDRtVmgwdFdDWXhkRW1IWHRMNXJoSXBrSnlqdkE0Z3F2a3lGYm5HcHlyQnZVTTM0WTNCSEtNWHEyVXBpOURlUFYzMlRRTmYyZlpDWUZJcFJmZw?oc=5\" target=\"_blank\" rel=\"noopener\">Les Bourses europ\u00e9ennes terminent sans \u00e9lan<\/a>&nbsp;&nbsp;France 24<\/li>\n<\/ol>\n","protected":false},"excerpt":{"rendered":"Le CAC 40 en baisse, duel USA contre Chine&#8230; Le Journal de la Bourse du 11 juin 2025&nbsp;&nbsp;MoneyVox&hellip;\n","protected":false},"author":2,"featured_media":171341,"comment_status":"","ping_status":"","sticky":false,"template":"","format":"standard","meta":{"footnotes":""},"categories":[1589],"tags":[11,130,73,1866,9345,12,1864,1865,1863,308],"class_list":{"0":"post-171340","1":"post","2":"type-post","3":"status-publish","4":"format-standard","5":"has-post-thumbnail","7":"category-etats-unis","8":"tag-actualites","9":"tag-consommation","10":"tag-etats-unis","11":"tag-etats-unis-damerique","12":"tag-inflation","13":"tag-news","14":"tag-united-states","15":"tag-united-states-of-america","16":"tag-us","17":"tag-usa"},"share_on_mastodon":{"url":"https:\/\/pubeurope.com\/@fr\/114671593150954113","error":""},"_links":{"self":[{"href":"https:\/\/www.europesays.com\/fr\/wp-json\/wp\/v2\/posts\/171340","targetHints":{"allow":["GET"]}}],"collection":[{"href":"https:\/\/www.europesays.com\/fr\/wp-json\/wp\/v2\/posts"}],"about":[{"href":"https:\/\/www.europesays.com\/fr\/wp-json\/wp\/v2\/types\/post"}],"author":[{"embeddable":true,"href":"https:\/\/www.europesays.com\/fr\/wp-json\/wp\/v2\/users\/2"}],"replies":[{"embeddable":true,"href":"https:\/\/www.europesays.com\/fr\/wp-json\/wp\/v2\/comments?post=171340"}],"version-history":[{"count":0,"href":"https:\/\/www.europesays.com\/fr\/wp-json\/wp\/v2\/posts\/171340\/revisions"}],"wp:featuredmedia":[{"embeddable":true,"href":"https:\/\/www.europesays.com\/fr\/wp-json\/wp\/v2\/media\/171341"}],"wp:attachment":[{"href":"https:\/\/www.europesays.com\/fr\/wp-json\/wp\/v2\/media?parent=171340"}],"wp:term":[{"taxonomy":"category","embeddable":true,"href":"https:\/\/www.europesays.com\/fr\/wp-json\/wp\/v2\/categories?post=171340"},{"taxonomy":"post_tag","embeddable":true,"href":"https:\/\/www.europesays.com\/fr\/wp-json\/wp\/v2\/tags?post=171340"}],"curies":[{"name":"wp","href":"https:\/\/api.w.org\/{rel}","templated":true}]}}