{"id":171361,"date":"2025-06-12T17:46:17","date_gmt":"2025-06-12T17:46:17","guid":{"rendered":"https:\/\/www.europesays.com\/fr\/171361\/"},"modified":"2025-06-12T17:46:17","modified_gmt":"2025-06-12T17:46:17","slug":"du-jamais-vu-depuis-10-ans","status":"publish","type":"post","link":"https:\/\/www.europesays.com\/fr\/171361\/","title":{"rendered":"du jamais vu depuis 10 ans\u00a0!"},"content":{"rendered":"<p>Si certains se demandent encore si <a href=\"https:\/\/fr.motorsport.com\/driver\/marc-marquez\/92646\/\" target=\"_blank\" rel=\"noopener\">Marc M\u00e1rquez<\/a> est redevenu \u00ab\u00a0la meilleure version de lui-m\u00eame\u00a0\u00bb, selon l&rsquo;expression que l&rsquo;Espagnol en personne aime \u00e0 utiliser depuis qu&rsquo;il a entam\u00e9 un long parcours devant le ramener en forme physiquement, disons qu&rsquo;ils ont un train de retard. Un train \u00e0 grande vitesse, cela va sans dire.<\/p>\n<p>Celui qui fut autrefois le leader embl\u00e9matique de Honda et qui est aujourd&rsquo;hui le plus fort repr\u00e9sentant de Ducati n&rsquo;a pas franchement fait dans la demi-mesure le week-end dernier, lorsqu&rsquo;il a retrouv\u00e9 un de ses circuits f\u00e9tiches. Son passage par Austin, il y a deux mois et demi, avait \u00e9t\u00e9 pr\u00e9c\u00e9d\u00e9 par les m\u00eames attentes mais finalement conclu sur la d\u00e9ception d&rsquo;une chute par exc\u00e8s de confiance. Cette fois, la copie rendue a, au contraire, \u00e9t\u00e9 irr\u00e9prochable.<\/p>\n<p>\u00c0 tel point m\u00eame que les statistiques s&rsquo;en souviendront pendant longtemps. M\u00e1rquez ne s&rsquo;est pas content\u00e9, en effet, de gagner ce Grand Prix d&rsquo;Arag\u00f3n pour lequel il \u00e9tait si attendu. Il a tout bonnement \u00e9t\u00e9 le plus rapide de toutes les s\u00e9ances auxquelles il a particip\u00e9\u00a0\u2013\u00a0il n&rsquo;y a, logiquement, qu&rsquo;\u00e0 la Q1 qu&rsquo;il n&rsquo;a pas pris part.<\/p>\n<p>Cela faisait dix ans que l&rsquo;on n&rsquo;avait pas vu cela, plus pr\u00e9cis\u00e9ment depuis le GP d&rsquo;Allemagne 2015 sur un autre de ses circuits f\u00e9tiches, celui du Sachsenring\u00a0\u2013\u00a0o\u00f9 le championnat se rendra le mois prochain. Ce week-end-l\u00e0, il d\u00e9crochait \u00ab\u00a0seulement\u00a0\u00bb sa deuxi\u00e8me victoire en neuf \u00e9preuves, avec pour plus proche poursuivant <a href=\"https:\/\/fr.motorsport.com\/driver\/dani-pedrosa\/92566\/\" target=\"_blank\" rel=\"noopener\">Dani Pedrosa<\/a>.<\/p>\n<p>   <img decoding=\"async\" draggable=\"false\" src=\"https:\/\/www.europesays.com\/fr\/wp-content\/uploads\/2025\/06\/motogp-german-gp-2015-marc-marquez-repsol-honda-team.jpg\" alt=\"En 2015, Marc Marquez avait impos\u00e9 une domination similaire en Allemagne.\" width=\"1200\" height=\"800\" loading=\"lazy\"\/> <\/p>\n<p class=\"title\">En 2015, Marc Marquez avait impos\u00e9 une domination similaire en Allemagne.<\/p>\n<p class=\"photographer\">Photo de: Repsol Media<\/p>\n<p>Lors de l&rsquo;\u00e9preuve allemande en 2015, Marc M\u00e1rquez n&rsquo;avait en r\u00e9alit\u00e9 pas affich\u00e9 exactement le m\u00eame degr\u00e9 de perfection que le week-end dernier \u00e0 Alca\u00f1iz. D&rsquo;une part, car il n&rsquo;avait pas r\u00e9ussi \u00e0 mener l&rsquo;int\u00e9gralit\u00e9 des tours de la course\u00a0:\u00a0c&rsquo;est <a href=\"https:\/\/fr.motorsport.com\/driver\/jorge-lorenzo\/80193\/\" target=\"_blank\" rel=\"noopener\">Jorge Lorenzo<\/a> qui avait boucl\u00e9 les quatre premiers en leader.<\/p>\n<p>Et puis, l&rsquo;\u00e9poque a chang\u00e9, et il est aujourd&rsquo;hui beaucoup plus compliqu\u00e9 de ne rien laisser \u00e9chapper sachant que l&rsquo;introduction du sprint a rajout\u00e9 une course \u00e0 disputer dans le week-end. C&rsquo;est d&rsquo;ailleurs le seul moment, samedi dernier, o\u00f9 il a laiss\u00e9 un peu de terrain \u00e0 la concurrence, puisqu&rsquo;<a href=\"https:\/\/fr.motorsport.com\/driver\/alex-marquez\/96324\/\" target=\"_blank\" rel=\"noopener\">\u00c1lex M\u00e1rquez<\/a> a pu boucler cinq tours du sprint en t\u00eate (avec le meilleur temps \u00e0 la cl\u00e9) et que <a href=\"https:\/\/fr.motorsport.com\/driver\/franco-morbidelli\/109417\/\" target=\"_blank\" rel=\"noopener\">Franco Morbidelli<\/a> aussi devan\u00e7ait le #93 sur la ligne de chronom\u00e9trage apr\u00e8s le premier de ces tours. Mais aucun d&rsquo;eux n&rsquo;a finalement pu tenir bien longtemps face \u00e0 l&rsquo;ogre.<\/p>\n<p>Lire aussi :<\/p>\n<p>La prouesse r\u00e9alis\u00e9e par le pilote Ducati frappe aussi par les \u00e9carts affich\u00e9s. D\u00e8s les premiers essais du week-end, il avait pratiquement une seconde de marge sur le deuxi\u00e8me\u00a0!\u00a0Par la suite, il a battu le record absolu de la piste (d&rsquo;un dixi\u00e8me) et le record en course (de plus d&rsquo;une seconde).<\/p>\n<p>\u00ab\u00a0Il en avait encore en r\u00e9serve\u00a0\u00bb<\/p>\n<p>\u00ab\u00a0Une course men\u00e9e du premier au dernier tour, au cours d&rsquo;un week-end domin\u00e9 de bout en bout\u00a0:\u00a0essais, qualifications, courses sprint et GP, avec le meilleur tour en prime\u00a0\u00bb, \u00e9num\u00e8re Gigi Dall&rsquo;Igna, admiratif. \u00ab\u00a0Un week-end sans adversaire, parfait, qui met en valeur son talent, un calme et une aisance d\u00e9sarmants qui condensent un nouveau chef-d&rsquo;\u0153uvre, une victoire facile qui ne doit pas faire oublier l&rsquo;excellence dont il a fait preuve.\u00a0\u00bb<\/p>\n<p>\u00ab\u00a0Dimanche, Marc en avait encore en r\u00e9serve et on sent qu&rsquo;il aurait pu dominer encore plus\u00a0:\u00a0sur un circuit qui lui appartient tout bonnement, il a su g\u00e9rer et pousser dans les moments d\u00e9cisifs, en gardant toujours le contr\u00f4le, en s&rsquo;imposant avec une approche rationnelle et pas seulement instinctive, comme un champion absolu.\u00a0\u00bb<\/p>\n<p>Voici donc Marc M\u00e1rquez redevenu ce dominateur que l&rsquo;on a connu \u00e0 sa plus glorieuse \u00e9poque avec Honda. Pour sa premi\u00e8re ann\u00e9e sous les couleurs officielles de Ducati, il a d\u00e9j\u00e0 d\u00e9croch\u00e9 sept victoires en sprint sur les neuf possibles, ainsi que quatre succ\u00e8s dans les courses longues. Il m\u00e8ne le <a href=\"https:\/\/fr.motorsport.com\/motogp\/news\/championnat-marquez-envole-bagnaia-trois-ans\/10730647\/\" target=\"_self\" rel=\"noopener\">championnat<\/a> et affiche d\u00e9sormais 32 points d&rsquo;avance sur le deuxi\u00e8me, son fr\u00e8re \u00c1lex, et d\u00e9j\u00e0 93 sur son co\u00e9quipier, <a href=\"https:\/\/fr.motorsport.com\/driver\/pecco-bagnaia\/109394\/\" target=\"_blank\" rel=\"noopener\">Pecco Bagnaia<\/a>.<\/p>\n<p>   <img decoding=\"async\" draggable=\"false\" src=\"https:\/\/www.europesays.com\/fr\/wp-content\/uploads\/2025\/06\/1749750377_625_marc-marquez-ducati-team.jpg\" alt=\"Marc M\u00e1rquez, Ducati Team\" width=\"1200\" height=\"800\" loading=\"lazy\"\/> <\/p>\n<p class=\"title\">Marc M\u00e1rquez s&rsquo;envole !<\/p>\n<p class=\"photographer\">Photo de : Lluis Gene \/ AFP via Getty Images<\/p>\n<p>Dans cet article<\/p>\n<p>    L\u00e9na Buffa\n<\/p>\n<p>    MotoGP\n<\/p>\n<p>    Marc M\u00e1rquez\n<\/p>\n<p>    Ducati Team\n<\/p>\n<p>Soyez le premier inform\u00e9 et souscrivez aux alertes mails pour recevoir les infos en temps r\u00e9el<\/p>\n<p>    S&rsquo;abonner aux alertes de news<\/p>\n","protected":false},"excerpt":{"rendered":"Si certains se demandent encore si Marc M\u00e1rquez est redevenu \u00ab\u00a0la meilleure version de lui-m\u00eame\u00a0\u00bb, selon l&rsquo;expression que&hellip;\n","protected":false},"author":2,"featured_media":171362,"comment_status":"","ping_status":"","sticky":false,"template":"","format":"standard","meta":{"footnotes":""},"categories":[1413],"tags":[4950,1011,27,26452,5038,1457,1456,1458,26453,60],"class_list":{"0":"post-171361","1":"post","2":"type-post","3":"status-publish","4":"format-standard","5":"has-post-thumbnail","7":"category-moto","8":"tag-ducati-team","9":"tag-fr","10":"tag-france","11":"tag-gp-daragu00f3n","12":"tag-marc-mu00e1rquez","13":"tag-moto","14":"tag-motocycle","15":"tag-motogp","16":"tag-motorland-aragu00f3n","17":"tag-sports"},"share_on_mastodon":{"url":"https:\/\/pubeurope.com\/@fr\/114671647765956167","error":""},"_links":{"self":[{"href":"https:\/\/www.europesays.com\/fr\/wp-json\/wp\/v2\/posts\/171361","targetHints":{"allow":["GET"]}}],"collection":[{"href":"https:\/\/www.europesays.com\/fr\/wp-json\/wp\/v2\/posts"}],"about":[{"href":"https:\/\/www.europesays.com\/fr\/wp-json\/wp\/v2\/types\/post"}],"author":[{"embeddable":true,"href":"https:\/\/www.europesays.com\/fr\/wp-json\/wp\/v2\/users\/2"}],"replies":[{"embeddable":true,"href":"https:\/\/www.europesays.com\/fr\/wp-json\/wp\/v2\/comments?post=171361"}],"version-history":[{"count":0,"href":"https:\/\/www.europesays.com\/fr\/wp-json\/wp\/v2\/posts\/171361\/revisions"}],"wp:featuredmedia":[{"embeddable":true,"href":"https:\/\/www.europesays.com\/fr\/wp-json\/wp\/v2\/media\/171362"}],"wp:attachment":[{"href":"https:\/\/www.europesays.com\/fr\/wp-json\/wp\/v2\/media?parent=171361"}],"wp:term":[{"taxonomy":"category","embeddable":true,"href":"https:\/\/www.europesays.com\/fr\/wp-json\/wp\/v2\/categories?post=171361"},{"taxonomy":"post_tag","embeddable":true,"href":"https:\/\/www.europesays.com\/fr\/wp-json\/wp\/v2\/tags?post=171361"}],"curies":[{"name":"wp","href":"https:\/\/api.w.org\/{rel}","templated":true}]}}