{"id":171375,"date":"2025-06-12T17:53:14","date_gmt":"2025-06-12T17:53:14","guid":{"rendered":"https:\/\/www.europesays.com\/fr\/171375\/"},"modified":"2025-06-12T17:53:14","modified_gmt":"2025-06-12T17:53:14","slug":"itc-du-13-juin-2025-en-avance-linstitut-perd-sa-reputation","status":"publish","type":"post","link":"https:\/\/www.europesays.com\/fr\/171375\/","title":{"rendered":"ITC du 13 juin 2025 en avance &#8211; L&rsquo;Institut perd sa r\u00e9putation !"},"content":{"rendered":"<p id=\"descriptionPanel\" aria-labelledby=\"descriptionArrow\" aria-expanded=\"false\" class=\"mr-2 line-clamp-2 pr-2.5 text-secondary overflow-visible\">La situation de l&rsquo;Institut est plus que tendue. M\u00eame si l&rsquo;\u00e9cole a pu rouvrir ses portes, le scandale sanitaire qu&rsquo;elle vient de traverser n&rsquo;est pas rest\u00e9 sans cons\u00e9quence&#8230; La presse a mis \u00e0 mal la r\u00e9putation de l&rsquo;Institut dans les m\u00e9dias, si bien que Teyssier et son \u00e9quipe font face \u00e0 une situation sans pr\u00e9c\u00e9dent : personne n&rsquo;a r\u00e9serv\u00e9 de table au Double A pour la r\u00e9ouverture&#8230; Heureusement, Ana\u00efs Grimbert se montre un peu plus optimiste que les autres. Elle a peut-\u00eatre une id\u00e9e pour sauver l&rsquo;Institut ! Premi\u00e8res minutes de l&rsquo;\u00e9pisode 1197 du 13 juin 2025 en avance. Retrouvez \u00ab\u00a0Ici tout commence\u00a0\u00bb, du lundi au vendredi \u00e0 18h35 sur TF1. Retrouvez tous les \u00e9pisodes, extraits et bonus tous les jours sur TF1+.<\/p>\n<p><a class=\"shrink-0\" href=\"https:\/\/www.tf1.fr\/tf1\/ici-tout-commence\" target=\"_blank\" rel=\"noopener\"><img decoding=\"async\" src=\"https:\/\/www.europesays.com\/fr\/wp-content\/uploads\/2025\/05\/program-card-portrait-1-0d2bc5-87b354-0@1x.jpg\" width=\"138\" height=\"184\" alt=\"\" loading=\"eager\" fetchpriority=\"auto\" class=\"aspect-[3\/4] h-24 w-auto rounded-3px\" aria-hidden=\"true\"\/><\/a><\/p>\n","protected":false},"excerpt":{"rendered":"La situation de l&rsquo;Institut est plus que tendue. M\u00eame si l&rsquo;\u00e9cole a pu rouvrir ses portes, le scandale&hellip;\n","protected":false},"author":2,"featured_media":171376,"comment_status":"","ping_status":"","sticky":false,"template":"","format":"standard","meta":{"footnotes":""},"categories":[1356],"tags":[58,59,3483,14231,1011,27,620,14232,14234,252,1364,14235,14233],"class_list":{"0":"post-171375","1":"post","2":"type-post","3":"status-publish","4":"format-standard","5":"has-post-thumbnail","7":"category-television","8":"tag-divertissement","9":"tag-entertainment","10":"tag-extrait","11":"tag-extrait-ici-tout-commence","12":"tag-fr","13":"tag-france","14":"tag-ici-tout-commence","15":"tag-ici-tout-commence-extrait","16":"tag-streaming-ici-tout-commence","17":"tag-television","18":"tag-tv","19":"tag-video-en-streaming-ici-tout-commence","20":"tag-video-ici-tout-commence"},"share_on_mastodon":{"url":"https:\/\/pubeurope.com\/@fr\/114671675263267560","error":""},"_links":{"self":[{"href":"https:\/\/www.europesays.com\/fr\/wp-json\/wp\/v2\/posts\/171375","targetHints":{"allow":["GET"]}}],"collection":[{"href":"https:\/\/www.europesays.com\/fr\/wp-json\/wp\/v2\/posts"}],"about":[{"href":"https:\/\/www.europesays.com\/fr\/wp-json\/wp\/v2\/types\/post"}],"author":[{"embeddable":true,"href":"https:\/\/www.europesays.com\/fr\/wp-json\/wp\/v2\/users\/2"}],"replies":[{"embeddable":true,"href":"https:\/\/www.europesays.com\/fr\/wp-json\/wp\/v2\/comments?post=171375"}],"version-history":[{"count":0,"href":"https:\/\/www.europesays.com\/fr\/wp-json\/wp\/v2\/posts\/171375\/revisions"}],"wp:featuredmedia":[{"embeddable":true,"href":"https:\/\/www.europesays.com\/fr\/wp-json\/wp\/v2\/media\/171376"}],"wp:attachment":[{"href":"https:\/\/www.europesays.com\/fr\/wp-json\/wp\/v2\/media?parent=171375"}],"wp:term":[{"taxonomy":"category","embeddable":true,"href":"https:\/\/www.europesays.com\/fr\/wp-json\/wp\/v2\/categories?post=171375"},{"taxonomy":"post_tag","embeddable":true,"href":"https:\/\/www.europesays.com\/fr\/wp-json\/wp\/v2\/tags?post=171375"}],"curies":[{"name":"wp","href":"https:\/\/api.w.org\/{rel}","templated":true}]}}