{"id":171377,"date":"2025-06-12T17:54:14","date_gmt":"2025-06-12T17:54:14","guid":{"rendered":"https:\/\/www.europesays.com\/fr\/171377\/"},"modified":"2025-06-12T17:54:14","modified_gmt":"2025-06-12T17:54:14","slug":"podcast-2-minutes-chrono-comment-dans-les-yeux-demilie-de-joe-dassin-est-elle-devenu-le-tube-des-ferias","status":"publish","type":"post","link":"https:\/\/www.europesays.com\/fr\/171377\/","title":{"rendered":"PODCAST \u00ab\u00a02 minutes chrono\u00a0!\u00a0\u00bb\u00a0: comment \u201cDans les yeux d\u2019\u00c9milie\u201d de Joe Dassin est-elle devenu le tube des ferias\u00a0?"},"content":{"rendered":"<p>\n                                                                \u00ab\u00a02 minutes chrono\u00a0!\u00a0\u00bb, c\u2019est le nouveau podcast original de \u00ab\u00a0Midi Libre\u00a0\u00bb. Un format court et ludique pour r\u00e9pondre \u00e0 toutes les questions que vous vous posez au quotidien. Dans cet \u00e9pisode, on se demande \u00ab\u00a0comment \u201cDans les yeux d\u2019\u00c9milie\u201d de Joe Dassin est devenu le tube des ferias\u00a0\u00bb. Bonne \u00e9coute\u00a0!\n                            <\/p>\n<p><a href=\"https:\/\/www.midilibre.fr\/culture-et-loisirs\/ferias\/\" target=\"_self\" rel=\"noopener\">L\u2019\u00e9t\u00e9, c\u2019est les ferias<\/a>. L\u2019\u00e9t\u00e9, c\u2019est aussi <a href=\"https:\/\/www.midilibre.fr\/2021\/08\/09\/il-y-a-50-ans-a-sete-joe-dassin-a-justifie-son-titre-de-vedette-9722656.php\" target=\"_self\" rel=\"noopener\">Joe Dassin<\/a>, notamment depuis 2013 et la reprise du tube\u00a0Dans les yeux d\u2019\u00c9milie par le\u00a0groupe Collectif M\u00e9tiss\u00e9. Mais avant de devenir un hymne sur lequel on s\u2019\u00e9poumone\u00a0dans les bodegas, Dans les yeux d\u2019\u00c9milie c\u2019est d\u2019abord une ballade sortie en 1978, \u00e9crite par Pierre Delano\u00eb et Claude Lemesle, les m\u00eames paroliers que L\u2019\u00c9t\u00e9 indien. Une chanson d\u2019amour\u00a0compos\u00e9e par Yvon Ouazana et Vivien Vallay.<\/p>\n<p>Joe Dassin y raconte, avec tendresse et m\u00e9lancolie, ses souvenirs d\u2019\u00c9milie, cette jeune Qu\u00e9b\u00e9coise qui s\u2019efface avec le printemps. \u00c0 sa sortie, le titre rencontre un large succ\u00e8s\u00a0: c\u2019est l\u2019un des moments forts de l\u2019album Les Femmes de ma vie. Puis, gr\u00e2ce \u00e0 son refrain entra\u00eenant, presque dansant, la chanson quitte les salons pour les stades. Dans les ann\u00e9es 2000, les f\u00e9rias du Sud-Ouest et les tribunes de rugby et de football s\u2019en emparent. \u00c0 Toulouse, \u00e0 Lens, ou \u00e0 Bayonne, le public reprend Dans les yeux d\u2019\u00c9milie \u00e0 tue-t\u00eate.<\/p>\n<p><a href=\"https:\/\/www.midilibre.fr\/culture-et-loisirs\/ferias\/\" target=\"_self\" rel=\"noopener\">Tous nos articles sur les f\u00e9rias 2025<\/a><\/p>\n<p>Pour le reste de l\u2019histoire de ce tube des ferias, c\u2019est dans notre podcast\u00a0Midi Libre\u00a0orchestr\u00e9 par Philippe Dalgues et on vous explique donc tout en \u00ab\u00a02 minutes chrono\u00a0\u00bb.\u00a0Bonne \u00e9coute.<\/p>\n<p dir=\"ltr\"><strong id=\"docs-internal-guid-26e33cc0-7fff-782e-4c74-066299f0a67b\"><a href=\"https:\/\/www.midilibre.fr\/podcasts\/\" target=\"_blank\" rel=\"noopener\">\u00ab\u00a02 minutes chrono\u00a0\u00bb<\/a> est un podcast original de <a href=\"https:\/\/www.midilibre.fr\/actu\/rendez-vous-de-la-redaction\/podcast\/\" target=\"_blank\" rel=\"noopener\">Midi Libre<\/a>\u00a0!<br \/>Suivez-nous gratuitement sur<a href=\"https:\/\/www.deezer.com\/fr\/show\/1001803511\" target=\"_blank\" rel=\"noopener\"> Deezer<\/a>, <a href=\"https:\/\/open.spotify.com\/show\/6YHZ4Xqh7eiXaNBf1OMLIB\" target=\"_blank\" rel=\"noopener\">Spotify<\/a> et <a href=\"https:\/\/www.youtube.com\/playlist?list=PLTRls2MMXSzY2NZ5rLvsTH-NettxCR-Fz\" target=\"_blank\" rel=\"noopener\">YouTube<\/a>. Et retrouvez tous les podcasts sur notre site \u00e0 la rubrique <a href=\"https:\/\/www.midilibre.fr\/podcasts\/\" target=\"_blank\" rel=\"noopener\">\u00ab\u00a0Podcasts\u00a0\u00bb<\/a>.<\/strong><\/p>\n<p>\u00a0<\/p>\n","protected":false},"excerpt":{"rendered":"\u00ab\u00a02 minutes chrono\u00a0!\u00a0\u00bb, c\u2019est le nouveau podcast original de \u00ab\u00a0Midi Libre\u00a0\u00bb. Un format court et ludique pour r\u00e9pondre&hellip;\n","protected":false},"author":2,"featured_media":171378,"comment_status":"","ping_status":"","sticky":false,"template":"","format":"standard","meta":{"footnotes":""},"categories":[1355],"tags":[58,59,1011,27,1361,873],"class_list":{"0":"post-171377","1":"post","2":"type-post","3":"status-publish","4":"format-standard","5":"has-post-thumbnail","7":"category-musique","8":"tag-divertissement","9":"tag-entertainment","10":"tag-fr","11":"tag-france","12":"tag-music","13":"tag-musique"},"share_on_mastodon":{"url":"https:\/\/pubeurope.com\/@fr\/114671679144536178","error":""},"_links":{"self":[{"href":"https:\/\/www.europesays.com\/fr\/wp-json\/wp\/v2\/posts\/171377","targetHints":{"allow":["GET"]}}],"collection":[{"href":"https:\/\/www.europesays.com\/fr\/wp-json\/wp\/v2\/posts"}],"about":[{"href":"https:\/\/www.europesays.com\/fr\/wp-json\/wp\/v2\/types\/post"}],"author":[{"embeddable":true,"href":"https:\/\/www.europesays.com\/fr\/wp-json\/wp\/v2\/users\/2"}],"replies":[{"embeddable":true,"href":"https:\/\/www.europesays.com\/fr\/wp-json\/wp\/v2\/comments?post=171377"}],"version-history":[{"count":0,"href":"https:\/\/www.europesays.com\/fr\/wp-json\/wp\/v2\/posts\/171377\/revisions"}],"wp:featuredmedia":[{"embeddable":true,"href":"https:\/\/www.europesays.com\/fr\/wp-json\/wp\/v2\/media\/171378"}],"wp:attachment":[{"href":"https:\/\/www.europesays.com\/fr\/wp-json\/wp\/v2\/media?parent=171377"}],"wp:term":[{"taxonomy":"category","embeddable":true,"href":"https:\/\/www.europesays.com\/fr\/wp-json\/wp\/v2\/categories?post=171377"},{"taxonomy":"post_tag","embeddable":true,"href":"https:\/\/www.europesays.com\/fr\/wp-json\/wp\/v2\/tags?post=171377"}],"curies":[{"name":"wp","href":"https:\/\/api.w.org\/{rel}","templated":true}]}}