{"id":171381,"date":"2025-06-12T17:56:13","date_gmt":"2025-06-12T17:56:13","guid":{"rendered":"https:\/\/www.europesays.com\/fr\/171381\/"},"modified":"2025-06-12T17:56:13","modified_gmt":"2025-06-12T17:56:13","slug":"dapres-des-chercheurs-ce-legume-riche-en-antioxydants-aide-a-ralentir-la-progression-de-la-maladie","status":"publish","type":"post","link":"https:\/\/www.europesays.com\/fr\/171381\/","title":{"rendered":"d&rsquo;apr\u00e8s des chercheurs, ce l\u00e9gume riche en antioxydants aide \u00e0 ralentir la progression de la maladie"},"content":{"rendered":"<p>Imaginez un l\u00e9gume, simple, discret et pourtant r\u00e9volutionnaire. Selon une \u00e9tude r\u00e9v\u00e9l\u00e9e par Top Sant\u00e9, des chercheurs du prestigieux Cold Spring Harbor Laboratory ont identifi\u00e9 <strong>un aliment insoup\u00e7onn\u00e9 capable de ralentir la progression du cancer de la prostate<\/strong>. Entre surprise et promesse scientifique, zoom sur une d\u00e9couverte qui pourrait bien chambouler la recherche, et nos routines alimentaires.<\/p>\n<p>Ce l\u00e9gume miracle que personne n&rsquo;avait vu venir<\/p>\n<p>L&rsquo;histoire d\u00e9bute par une \u00e9tonnante d\u00e9ception. Le National Cancer Institute place initialement ses espoirs sur la vitamine E, cens\u00e9e pr\u00e9venir le cancer de la prostate. Pourtant, au bout de trois ans, les scientifiques sont face \u00e0 un mur. En effet, non seulement elle ne prot\u00e8ge pas,<strong> mais elle augmente malheureusement le risque<\/strong> ! Plut\u00f4t que de jeter l&rsquo;\u00e9ponge, les chercheurs changent de strat\u00e9gie : \u00ab\u00a0Si un antioxydant ne fonctionne pas, peut-\u00eatre qu&rsquo;un pro-oxydant fonctionnera\u00a0\u00bb, expliquent-ils avec malice. C&rsquo;est ainsi que na\u00eet l&rsquo;id\u00e9e d&rsquo;\u00e9tudier la m\u00e9nadione, une myst\u00e9rieuse mol\u00e9cule pr\u00e9sente dans certains l\u00e9gumes. Tr\u00e8s vite, chez les souris, l&rsquo;effet est bluffant. On d\u00e9couvre que<strong> la m\u00e9nadione parvient \u00e0 perturber les cellules canc\u00e9reuses en s&rsquo;attaquant \u00e0 un lipide cl\u00e9, le PI(3)P<\/strong>, freinant consid\u00e9rablement l&rsquo;avanc\u00e9e du cancer. Une r\u00e9v\u00e9lation inattendue et on ne peut plus excitante pour les chercheurs.<\/p>\n<p>Pourquoi ce l\u00e9gume pourrait tout changer ?<\/p>\n<p>Et le secret de la m\u00e9nadione, o\u00f9 le trouve-t-on ? En (&#8230;)<\/p>\n<p><a href=\"https:\/\/www.grazia.fr\/beaute\/forme-minceur\/tue-cellules-cancereuses-dapres-chercheurs-legume-riche-antioxydants-aide-ralentir-progression-maladie-1165348.html?utm_campaign=partenariat&amp;utm_source=yahoo-articles&amp;utm_medium=flux\" rel=\"nofollow noopener\" target=\"_blank\" data-ylk=\"slk:Lire la suite sur Grazia;elm:context_link;itc:0;sec:content-canvas\" class=\"link \">Lire la suite sur Grazia<\/a><\/p>\n<p><a href=\"https:\/\/www.grazia.fr\/mode\/chaussure\/adieu-les-ballerines-ces-chaussures-vues-sur-toutes-les-scandinaves-seront-les-plus-stylees-de-lete-1164895.html?utm_campaign=partenariat&amp;utm_source=yahoo-articles&amp;utm_medium=flux\" rel=\"nofollow noopener\" target=\"_blank\" data-ylk=\"slk:Adieu les ballerines : ces chaussures vues sur toutes les Scandinaves seront les plus styl\u00e9es de l&#039;\u00e9t\u00e9;elm:context_link;itc:0;sec:content-canvas\" class=\"link \">Adieu les ballerines : ces chaussures vues sur toutes les Scandinaves seront les plus styl\u00e9es de l&rsquo;\u00e9t\u00e9<\/a><br \/><a href=\"https:\/\/www.grazia.fr\/beaute\/soins-visage-corps\/fini-jambes-lourdes-ete-huile-fait-miracles-ameliorer-circulation-1165331.html?utm_campaign=partenariat&amp;utm_source=yahoo-articles&amp;utm_medium=flux\" rel=\"nofollow noopener\" target=\"_blank\" data-ylk=\"slk:Fini les jambes lourdes en \u00e9t\u00e9 : cette huile fait des miracles pour am\u00e9liorer la circulation;elm:context_link;itc:0;sec:content-canvas\" class=\"link \">Fini les jambes lourdes en \u00e9t\u00e9 : cette huile fait des miracles pour am\u00e9liorer la circulation<\/a><br \/><a href=\"https:\/\/www.grazia.fr\/mode\/tendances-mode\/adieu-shorts-jean-voici-lalternative-plus-confortable-tendance-tout-monde-porter-ete-1165320.html?utm_campaign=partenariat&amp;utm_source=yahoo-articles&amp;utm_medium=flux\" rel=\"nofollow noopener\" target=\"_blank\" data-ylk=\"slk:Adieu les shorts en jean, voici l&#039;alternative plus confortable et tendance que tout le monde va porter cet \u00e9t\u00e9;elm:context_link;itc:0;sec:content-canvas\" class=\"link \">Adieu les shorts en jean, voici l&rsquo;alternative plus confortable et tendance que tout le monde va porter cet \u00e9t\u00e9<\/a><br \/><a href=\"https:\/\/www.grazia.fr\/decoration\/selon-architecte-dinterieur-faut-surtout-pas-placer-lit-endroit-chambre-1165329.html?utm_campaign=partenariat&amp;utm_source=yahoo-articles&amp;utm_medium=flux\" rel=\"nofollow noopener\" target=\"_blank\" data-ylk=\"slk:Selon une architecte d&#039;int\u00e9rieur, il ne faut surtout pas placer son lit \u00e0 cet endroit dans une chambre;elm:context_link;itc:0;sec:content-canvas\" class=\"link \">Selon une architecte d&rsquo;int\u00e9rieur, il ne faut surtout pas placer son lit \u00e0 cet endroit dans une chambre<\/a><br \/><a href=\"https:\/\/www.grazia.fr\/people\/brad-pitt-en-rupture-avec-ses-fils-maddox-et-pax-leur-relation-est-irreparable-1165662.html?utm_campaign=partenariat&amp;utm_source=yahoo-articles&amp;utm_medium=flux\" rel=\"nofollow noopener\" target=\"_blank\" data-ylk=\"slk:Brad Pitt en rupture avec ses fils Maddox et Pax, leur relation est &quot;irr\u00e9parable&quot;;elm:context_link;itc:0;sec:content-canvas\" class=\"link \">Brad Pitt en rupture avec ses fils Maddox et Pax, leur relation est \u00ab\u00a0irr\u00e9parable\u00a0\u00bb<\/a><\/p>\n","protected":false},"excerpt":{"rendered":"Imaginez un l\u00e9gume, simple, discret et pourtant r\u00e9volutionnaire. Selon une \u00e9tude r\u00e9v\u00e9l\u00e9e par Top Sant\u00e9, des chercheurs du&hellip;\n","protected":false},"author":2,"featured_media":171382,"comment_status":"","ping_status":"","sticky":false,"template":"","format":"standard","meta":{"footnotes":""},"categories":[10],"tags":[5474,7079,29422,1011,27,72,30631,30632,71],"class_list":{"0":"post-171381","1":"post","2":"type-post","3":"status-publish","4":"format-standard","5":"has-post-thumbnail","7":"category-sante","8":"tag-cancer-de-la-prostate","9":"tag-chercheurs","10":"tag-cold-spring-harbor-laboratory","11":"tag-fr","12":"tag-france","13":"tag-health","14":"tag-le-national-cancer-institute","15":"tag-legume","16":"tag-sante"},"share_on_mastodon":{"url":"https:\/\/pubeurope.com\/@fr\/114671687180677517","error":""},"_links":{"self":[{"href":"https:\/\/www.europesays.com\/fr\/wp-json\/wp\/v2\/posts\/171381","targetHints":{"allow":["GET"]}}],"collection":[{"href":"https:\/\/www.europesays.com\/fr\/wp-json\/wp\/v2\/posts"}],"about":[{"href":"https:\/\/www.europesays.com\/fr\/wp-json\/wp\/v2\/types\/post"}],"author":[{"embeddable":true,"href":"https:\/\/www.europesays.com\/fr\/wp-json\/wp\/v2\/users\/2"}],"replies":[{"embeddable":true,"href":"https:\/\/www.europesays.com\/fr\/wp-json\/wp\/v2\/comments?post=171381"}],"version-history":[{"count":0,"href":"https:\/\/www.europesays.com\/fr\/wp-json\/wp\/v2\/posts\/171381\/revisions"}],"wp:featuredmedia":[{"embeddable":true,"href":"https:\/\/www.europesays.com\/fr\/wp-json\/wp\/v2\/media\/171382"}],"wp:attachment":[{"href":"https:\/\/www.europesays.com\/fr\/wp-json\/wp\/v2\/media?parent=171381"}],"wp:term":[{"taxonomy":"category","embeddable":true,"href":"https:\/\/www.europesays.com\/fr\/wp-json\/wp\/v2\/categories?post=171381"},{"taxonomy":"post_tag","embeddable":true,"href":"https:\/\/www.europesays.com\/fr\/wp-json\/wp\/v2\/tags?post=171381"}],"curies":[{"name":"wp","href":"https:\/\/api.w.org\/{rel}","templated":true}]}}