{"id":171383,"date":"2025-06-12T17:57:13","date_gmt":"2025-06-12T17:57:13","guid":{"rendered":"https:\/\/www.europesays.com\/fr\/171383\/"},"modified":"2025-06-12T17:57:13","modified_gmt":"2025-06-12T17:57:13","slug":"canal-soumet-deux-offres-a-la-lfp-pour-sa-chaine-100-ligue-1-les-choses-se-precisent","status":"publish","type":"post","link":"https:\/\/www.europesays.com\/fr\/171383\/","title":{"rendered":"Canal+\u00a0soumet deux offres \u00e0 la LFP pour sa cha\u00eene 100\u00a0% Ligue 1, les choses se pr\u00e9cisent"},"content":{"rendered":"<p>Un courrier de Canal+\u00a0adress\u00e9 \u00e0 la Ligue de football professionnel et qui n\u2019est pas une assignation en justice, voil\u00e0 qui a d\u00fb en surprendre plus d\u2019un du c\u00f4t\u00e9 de la LFP. En pleine r\u00e9volution sur la question des <a href=\"https:\/\/www.20minutes.fr\/dossier\/droits_tv\" target=\"_blank\" class=\"color-ultramarine c-link\" rel=\"nofollow noopener\">droits TV<\/a>, l\u2019instance aurait en effet re\u00e7u deux propositions \u00e9manant de la cha\u00eene crypt\u00e9e, alors que les deux camps ne se parlent plus depuis plusieurs ann\u00e9es, quand la LFP a sciemment pouss\u00e9 Canal+\u00a0vers la sortie du jeu des droits t\u00e9l\u00e9visuels \u00e0 l\u2019\u00e9poque de la folie Mediapro et de son milliard dont on ne verra jamais la couleur.<\/p>\n<p>Mais apr\u00e8s plusieurs saisons \u00e0 se casser les dents avec ses diffuseurs successifs (Prime Vid\u00e9o, DAZN), et alors que la LFP a bel et bien choisi de lancer sa propre cha\u00eene pour diffuser la Ligue 1 d\u00e8s la saison prochaine, les relations seraient en passe de se r\u00e9chauffer et Canal pourrait bien refaire un retour fracassant dans les semaines \u00e0 venir. Sur la table, selon <a href=\"https:\/\/www.lequipe.fr\/Medias\/Article\/Canal-a-fait-deux-offres-a-lfp-media-pour-la-chaine-de-la-ligue-1\/1569635\" rel=\"nofollow noopener\" target=\"_blank\" class=\"color-ultramarine c-link\">L\u2019Equipe<\/a>, deux propositions.<\/p>\n<p>Canal+\u00a0soumet deux propositions \u00e0 la Ligue<\/p>\n<p>Un plan A qui consisterait pour le groupe d\u00e9tenu par Vincent Bollor\u00e9 \u00e0 devenir le mandataire exclusif de la distribution de la nouvelle cha\u00eene 100\u00a0% Ligue 1 pour les quatre prochaines saisons, celle-ci se chargeant ensuite de commercialiser elle-m\u00eame la cha\u00eene aupr\u00e8s de tous les distributeurs (Free, Orange, SFR, Bouygues,\u00a0etc). Canal+\u00a0se dit pr\u00eat \u00e0 mettre sur la table un minimum garanti \u00e0 la LFP &#8211; dont le montant n\u2019a pas \u00e9t\u00e9 \u00e9voqu\u00e9 \u2013, le reste des revenus \u00e9tant partag\u00e9 entre l\u2019instance et Canal au-del\u00e0 d\u2019un certain seuil.<\/p>\n<blockquote class=\"twitter-tweet\" align=\"center\" data-lang=\"fr_FR\">\n<p lang=\"fr\" dir=\"ltr\">\ud83d\udea8\ud83d\udcfa\u26bd\ufe0f<\/p>\n<p>Info <a href=\"https:\/\/twitter.com\/lequipe?ref_src=twsrc%5Etfw\" rel=\"nofollow noopener\" target=\"_blank\">@lequipe<\/a> <\/p>\n<p>Canal+ a transmis 2 propositions \u00e9crites \u00e0 LFP Media pour accompagner le d\u00e9veloppement de la cha\u00eene Ligue 1. <\/p>\n<p>L\u2019une d\u2019elle consiste notamment \u00e0 g\u00e9rer en exclu sa distribution et \u00e0 co-diffuser l\u2019affiche du dimanche soir sur Canal. <a href=\"https:\/\/t.co\/HKurcF7z8I\" rel=\"nofollow\">https:\/\/t.co\/HKurcF7z8I<\/a><\/p>\n<p>\u2014 Sacha Nokovitch (@SachaNoko) <a href=\"https:\/\/twitter.com\/SachaNoko\/status\/1933185936390603083?ref_src=twsrc%5Etfw\" rel=\"nofollow noopener\" target=\"_blank\">June 12, 2025<\/a><\/p><\/blockquote>\n<p class=\"mb-m@xs text-l@xs\">En cliquant sur\u00ab J\u2019accepte \u00bb, vous acceptez le d\u00e9p\u00f4t de cookies par des services externes et aurez ainsi acc\u00e8s aux contenus de nos partenaires.<\/p>\n<p class=\"mb-xl@xs text-s@xs\">Plus d\u2019informations sur la page<a href=\"https:\/\/www.20minutes.fr\/gestion-cookies\" class=\"mx-xxs@xs color-ultramarine\" rel=\"nofollow noopener\" target=\"_blank\">Politique de gestion des cookies<\/a><\/p>\n<p>J\u2019accepte<\/p>\n<p>\u00ab\u00a0Mais ce n\u2019est pas tout, \u00e9crivent nos confr\u00e8res, Canal+\u00a0demande \u00e0 pouvoir co-diffuser l\u2019affiche de Ligue 1 du dimanche soir sur sa cha\u00eene. Une fa\u00e7on, selon elle, de remettre en majest\u00e9 cette case et de redonner de la visibilit\u00e9 et de la valeur au produit. Le tout lanc\u00e9 par un Canal Football Club en clair de nouveau tourn\u00e9 vers le Championnat de France.\u00a0\u00bb<\/p>\n<p>La LFP pencherait pour le plan B<\/p>\n<p>En cas de refus de la Ligue, la cha\u00eene crypt\u00e9e aurait soumis un plan B consistant en une distribution plus classique de la Cha\u00eene 100\u00a0% L1. Selon la note transmise \u00e0 LFP Media, Canal viserait rapidement un nombre d\u2019abonn\u00e9s compris entre 800.000 et un million. Si la LFP se dit de nouveau pr\u00eate \u00e0 travailler avec Canal+, elle refusera en revanche de revenir sur le litige qui l\u2019oppose au groupe de Bollor\u00e9 au sujet des droits TV apr\u00e8s le d\u00e9sengagement de Mediapro et l\u2019arriv\u00e9e sur le fil de Prime Vid\u00e9o.<\/p>\n<p>Selon L\u2019Equipe, les dirigeants de l\u2019instance et <a href=\"https:\/\/www.20minutes.fr\/sport\/football\/4149991-20250423-lfp-media-nicolas-tavernost-nomme-directeur-general-pleine-tempete-droits-tv\" target=\"_blank\" class=\"color-ultramarine c-link\" rel=\"nofollow noopener\">le nouveau directeur g\u00e9n\u00e9ral de LFP Media<\/a>, Nicolas de Tavernost, pencheraient plus pour le plan B. Et s\u2019il faudra encore se montrer un peu patient avant que cette telenovela des droits TV ne prenne fin, le retour de Canal+\u00a0dans le grand feuilleton de la Ligue 1 semble de moins en moins fantasm\u00e9.<\/p>\n<p><script async src=\"https:\/\/platform.twitter.com\/widgets.js\" charset=\"utf-8\"><\/script><\/p>\n","protected":false},"excerpt":{"rendered":"Un courrier de Canal+\u00a0adress\u00e9 \u00e0 la Ligue de football professionnel et qui n\u2019est pas une assignation en justice,&hellip;\n","protected":false},"author":2,"featured_media":171384,"comment_status":"","ping_status":"","sticky":false,"template":"","format":"standard","meta":{"footnotes":""},"categories":[9],"tags":[10474,10475,63,1011,27,2330,66,30633,517,60],"class_list":{"0":"post-171383","1":"post","2":"type-post","3":"status-publish","4":"format-standard","5":"has-post-thumbnail","7":"category-sports","8":"tag-canal","9":"tag-droits-tv","10":"tag-football","11":"tag-fr","12":"tag-france","13":"tag-lfp","14":"tag-ligue-1","15":"tag-mediapro","16":"tag-sport","17":"tag-sports"},"share_on_mastodon":{"url":"https:\/\/pubeurope.com\/@fr\/114671690947104758","error":""},"_links":{"self":[{"href":"https:\/\/www.europesays.com\/fr\/wp-json\/wp\/v2\/posts\/171383","targetHints":{"allow":["GET"]}}],"collection":[{"href":"https:\/\/www.europesays.com\/fr\/wp-json\/wp\/v2\/posts"}],"about":[{"href":"https:\/\/www.europesays.com\/fr\/wp-json\/wp\/v2\/types\/post"}],"author":[{"embeddable":true,"href":"https:\/\/www.europesays.com\/fr\/wp-json\/wp\/v2\/users\/2"}],"replies":[{"embeddable":true,"href":"https:\/\/www.europesays.com\/fr\/wp-json\/wp\/v2\/comments?post=171383"}],"version-history":[{"count":0,"href":"https:\/\/www.europesays.com\/fr\/wp-json\/wp\/v2\/posts\/171383\/revisions"}],"wp:featuredmedia":[{"embeddable":true,"href":"https:\/\/www.europesays.com\/fr\/wp-json\/wp\/v2\/media\/171384"}],"wp:attachment":[{"href":"https:\/\/www.europesays.com\/fr\/wp-json\/wp\/v2\/media?parent=171383"}],"wp:term":[{"taxonomy":"category","embeddable":true,"href":"https:\/\/www.europesays.com\/fr\/wp-json\/wp\/v2\/categories?post=171383"},{"taxonomy":"post_tag","embeddable":true,"href":"https:\/\/www.europesays.com\/fr\/wp-json\/wp\/v2\/tags?post=171383"}],"curies":[{"name":"wp","href":"https:\/\/api.w.org\/{rel}","templated":true}]}}