{"id":171385,"date":"2025-06-12T17:58:11","date_gmt":"2025-06-12T17:58:11","guid":{"rendered":"https:\/\/www.europesays.com\/fr\/171385\/"},"modified":"2025-06-12T17:58:11","modified_gmt":"2025-06-12T17:58:11","slug":"matthieu-jalibert-aussi-en-couple-avec-iris-mittenaere","status":"publish","type":"post","link":"https:\/\/www.europesays.com\/fr\/171385\/","title":{"rendered":"Matthieu Jalibert aussi en couple avec Iris Mittenaere\u00a0?"},"content":{"rendered":"<p><strong>Avant de rencontrer Antoine<br \/>\nDupont, Iris Mittenaere aurait eu une aventure avec Matthieu<br \/>\nJalibert, selon l\u2019influenceur Aqababe.<\/strong><\/p>\n<p>Les <a href=\"https:\/\/www.sports.fr\/people\/antoine-dupont-lourdes-accusations-contre-iris-mittenaere-928965.html\" rel=\"nofollow noopener\" target=\"_blank\"><br \/>\nderni\u00e8res r\u00e9v\u00e9lations d\u2019Aqababe sur Iris Mittenaere<\/a>, en couple<br \/>\ndepuis quelques mois avec la star du rugby fran\u00e7ais Antoine Dupont,<br \/>\nont mis le feu aux r\u00e9seaux sociaux. Dans son canal de diffusion sur<br \/>\nInstagram, o\u00f9 il est suivi par 1,2 million de followers,<br \/>\nl\u2019influenceur d\u00e9nonce le \u00ab\u00a0mode op\u00e9ratoire\u00a0\u00bb de<br \/>\nla Miss France et Univers 2016, qu\u2019il accuse de \u00ab\u00a0faire<br \/>\nchanter ses ex\u00a0ou les faire passer pour des \u2018frappeurs de<br \/>\nfemmes\u2019.\u00a0\u00bb<\/p>\n<blockquote class=\"twitter-tweet\"><p><a class=\"twitter-link\" rel=\"noindex, nofollow noopener\" href=\"https:\/\/twitter.com\/sports_fr\/status\/1932892736706793939\" target=\"_blank\"><\/p><\/blockquote>\n<p>Le blogueur \u00e9num\u00e8re \u00e9galement les<br \/>\n\u00ab\u00a0tromperies\u00a0\u00bb de l\u2019actuelle compagne du demi de<br \/>\nm\u00eal\u00e9e du Stade Toulousain qui, selon lui, aurait fr\u00e9quent\u00e9 un autre<br \/>\nrugbyman tricolore avant lui: Matthieu Jalibert. C\u2019est \u00e0 l\u2019\u00e9poque<br \/>\no\u00f9 elle partageait la vie de Bruno Pelat, co-dirigeant et fondateur<br \/>\nde l\u2019entreprise Apollon Investments, qu\u2019elle aurait rencontr\u00e9 le<br \/>\njoueur de l\u2019Union Bordeaux-B\u00e8gles, r\u00e9cent vainqueur de la Champions<br \/>\nCup.<\/p>\n<p>Antoine Dupont et Iris Mittenaere tr\u00e8s complices<\/p>\n<p>Et Aqababe d\u2019ajouter qu\u2019Iris Mittenaere \u00ab\u00a0faisait<br \/>\ndoublette\u00a0\u00bb entre le jeune entrepreneur et Antoine<br \/>\nDupont. Ces indiscr\u00e9tions vont-elles fragiliser l\u2019idylle naissante<br \/>\nentre le capitaine des Bleus et la c\u00e9l\u00e8bre mannequin ? Ces<br \/>\nderni\u00e8res semaines, les deux tourtereaux sont apparus tr\u00e8s<br \/>\ncomplices lors du Festival de Cannes, au Grand Prix de Monaco et,<br \/>\ndimanche, \u00e0 Roland-Garros pour la finale entre Carlos Alcaraz et<br \/>\nJannik Sinner.<\/p>\n<blockquote class=\"twitter-tweet\"><p><a class=\"twitter-link\" rel=\"noindex, nofollow noopener\" href=\"https:\/\/twitter.com\/M_Landers11\/status\/1933113739265380705\" target=\"_blank\"><\/p><\/blockquote>\n<p><script async src=\"https:\/\/platform.twitter.com\/widgets.js\" charset=\"utf-8\"><\/script><\/p>\n","protected":false},"excerpt":{"rendered":"Avant de rencontrer Antoine Dupont, Iris Mittenaere aurait eu une aventure avec Matthieu Jalibert, selon l\u2019influenceur Aqababe. Les&hellip;\n","protected":false},"author":2,"featured_media":171386,"comment_status":"","ping_status":"","sticky":false,"template":"","format":"standard","meta":{"footnotes":""},"categories":[8],"tags":[2113,58,59,1011,27],"class_list":{"0":"post-171385","1":"post","2":"type-post","3":"status-publish","4":"format-standard","5":"has-post-thumbnail","7":"category-divertissement","8":"tag-breve","9":"tag-divertissement","10":"tag-entertainment","11":"tag-fr","12":"tag-france"},"share_on_mastodon":{"url":"https:\/\/pubeurope.com\/@fr\/114671694982027614","error":""},"_links":{"self":[{"href":"https:\/\/www.europesays.com\/fr\/wp-json\/wp\/v2\/posts\/171385","targetHints":{"allow":["GET"]}}],"collection":[{"href":"https:\/\/www.europesays.com\/fr\/wp-json\/wp\/v2\/posts"}],"about":[{"href":"https:\/\/www.europesays.com\/fr\/wp-json\/wp\/v2\/types\/post"}],"author":[{"embeddable":true,"href":"https:\/\/www.europesays.com\/fr\/wp-json\/wp\/v2\/users\/2"}],"replies":[{"embeddable":true,"href":"https:\/\/www.europesays.com\/fr\/wp-json\/wp\/v2\/comments?post=171385"}],"version-history":[{"count":0,"href":"https:\/\/www.europesays.com\/fr\/wp-json\/wp\/v2\/posts\/171385\/revisions"}],"wp:featuredmedia":[{"embeddable":true,"href":"https:\/\/www.europesays.com\/fr\/wp-json\/wp\/v2\/media\/171386"}],"wp:attachment":[{"href":"https:\/\/www.europesays.com\/fr\/wp-json\/wp\/v2\/media?parent=171385"}],"wp:term":[{"taxonomy":"category","embeddable":true,"href":"https:\/\/www.europesays.com\/fr\/wp-json\/wp\/v2\/categories?post=171385"},{"taxonomy":"post_tag","embeddable":true,"href":"https:\/\/www.europesays.com\/fr\/wp-json\/wp\/v2\/tags?post=171385"}],"curies":[{"name":"wp","href":"https:\/\/api.w.org\/{rel}","templated":true}]}}