{"id":171399,"date":"2025-06-12T18:05:21","date_gmt":"2025-06-12T18:05:21","guid":{"rendered":"https:\/\/www.europesays.com\/fr\/171399\/"},"modified":"2025-06-12T18:05:21","modified_gmt":"2025-06-12T18:05:21","slug":"saint-etienne-avocat-mou-du-genou-dossier-boulet-pourquoi-le-proces-vocanson-a-encore-ete-reporte","status":"publish","type":"post","link":"https:\/\/www.europesays.com\/fr\/171399\/","title":{"rendered":"Saint-\u00c9tienne. Avocat \u00ab\u00a0mou du genou\u00a0\u00bb, \u00ab\u00a0dossier boulet\u00a0\u00bb&#8230; Pourquoi le proc\u00e8s Vocanson a encore \u00e9t\u00e9 report\u00e9"},"content":{"rendered":"<p>Des \u00e9clats de voix derri\u00e8re une porte capitonn\u00e9e. Dans la salle d\u2019audience, un public p\u00e9trifi\u00e9. Quelques minutes plus t\u00f4t, les avocats de la d\u00e9fense ont pris \u00e0 partie de fa\u00e7on muscl\u00e9e le pr\u00e9sident du tribunal correctionnel. Le ton est mont\u00e9, l\u2019affaire a \u00e9t\u00e9 jug\u00e9e suffisamment grave pour que les protagonistes d\u00e9cident de s\u2019isoler.<\/p>\n<p>L\u2019un des plus gros marchands de biens st\u00e9phanois<\/p>\n<p>Trois quarts d\u2019heure plus tard, tout le monde est de retour. L\u2019audience d\u00e9marre. Regards glacials. Ce jeudi, on est cens\u00e9 juger un chef d\u2019entreprise st\u00e9phanois qui a d\u00e9fray\u00e9 la chronique\u00a0: Bruno Vocanson a \u00e9t\u00e9 l\u2019un des deux plus gros marchands de biens de Saint-Etienne. En 2016, c\u2019est le d\u00e9but du naufrage. Cet homme de 58 ans est condamn\u00e9 deux fois. En juin\u00a02019, des atteintes au droit fiscal, du travail et de l\u2019urbanisme lui valent une peine de six mois de prison avec sursis,&#8230;<\/p>\n","protected":false},"excerpt":{"rendered":"Des \u00e9clats de voix derri\u00e8re une porte capitonn\u00e9e. Dans la salle d\u2019audience, un public p\u00e9trifi\u00e9. Quelques minutes plus&hellip;\n","protected":false},"author":2,"featured_media":171400,"comment_status":"","ping_status":"","sticky":false,"template":"","format":"standard","meta":{"footnotes":""},"categories":[9653],"tags":[1111,11,2430,7539,1777,674,274,107,1011,27,3367,12,25,4001,7538],"class_list":{"0":"post-171399","1":"post","2":"type-post","3":"status-publish","4":"format-standard","5":"has-post-thumbnail","7":"category-saint-etienne","8":"tag-actu","9":"tag-actualites","10":"tag-auvergne-rhone-alpes","11":"tag-edition-loire-sud","12":"tag-eu","13":"tag-europe","14":"tag-faits-divers-justice","15":"tag-fil-info","16":"tag-fr","17":"tag-france","18":"tag-loire","19":"tag-news","20":"tag-republique-francaise","21":"tag-saint-etienne","22":"tag-saint-etienne-ville"},"share_on_mastodon":{"url":"https:\/\/pubeurope.com\/@fr\/114671722404450947","error":""},"_links":{"self":[{"href":"https:\/\/www.europesays.com\/fr\/wp-json\/wp\/v2\/posts\/171399","targetHints":{"allow":["GET"]}}],"collection":[{"href":"https:\/\/www.europesays.com\/fr\/wp-json\/wp\/v2\/posts"}],"about":[{"href":"https:\/\/www.europesays.com\/fr\/wp-json\/wp\/v2\/types\/post"}],"author":[{"embeddable":true,"href":"https:\/\/www.europesays.com\/fr\/wp-json\/wp\/v2\/users\/2"}],"replies":[{"embeddable":true,"href":"https:\/\/www.europesays.com\/fr\/wp-json\/wp\/v2\/comments?post=171399"}],"version-history":[{"count":0,"href":"https:\/\/www.europesays.com\/fr\/wp-json\/wp\/v2\/posts\/171399\/revisions"}],"wp:featuredmedia":[{"embeddable":true,"href":"https:\/\/www.europesays.com\/fr\/wp-json\/wp\/v2\/media\/171400"}],"wp:attachment":[{"href":"https:\/\/www.europesays.com\/fr\/wp-json\/wp\/v2\/media?parent=171399"}],"wp:term":[{"taxonomy":"category","embeddable":true,"href":"https:\/\/www.europesays.com\/fr\/wp-json\/wp\/v2\/categories?post=171399"},{"taxonomy":"post_tag","embeddable":true,"href":"https:\/\/www.europesays.com\/fr\/wp-json\/wp\/v2\/tags?post=171399"}],"curies":[{"name":"wp","href":"https:\/\/api.w.org\/{rel}","templated":true}]}}