{"id":17140,"date":"2025-04-11T11:16:10","date_gmt":"2025-04-11T11:16:10","guid":{"rendered":"https:\/\/www.europesays.com\/fr\/17140\/"},"modified":"2025-04-11T11:16:10","modified_gmt":"2025-04-11T11:16:10","slug":"strasbourg-une-passerelle-pietons-velos-va-etre-edifiee-au-dessus-des-rails-a-koenigshoffen","status":"publish","type":"post","link":"https:\/\/www.europesays.com\/fr\/17140\/","title":{"rendered":"Strasbourg. Une passerelle pi\u00e9tons-v\u00e9los va \u00eatre \u00e9difi\u00e9e au-dessus des rails \u00e0 Koenigshoffen"},"content":{"rendered":"<p>Son trac\u00e9 va serpenter sur 530 m\u00e8tres au-dessus des rails\u00a0: la future passerelle pi\u00e9tons-v\u00e9los de Koenigshoffen a \u00e9t\u00e9 pr\u00e9sent\u00e9e jeudi 10\u00a0avril. L\u2019ouvrage m\u00e9tallique, perch\u00e9 sur des fondations en b\u00e9ton, tissera un nouveau lien entre Koenigshoffen et <a href=\"https:\/\/www.dna.fr\/social\/2024\/11\/08\/des-jeunes-du-hohberg-poussent-la-ville-a-agir-en-faveur-de-leur-city-stade-delabre\" target=\"_blank\" rel=\"nofollow noopener\">le Hohberg<\/a>, s\u00e9par\u00e9s par la voie ferr\u00e9e, \u00e0 l\u2019horizon 2028.<\/p>\n<p>C\u00f4t\u00e9 rue du Chemin, la passerelle dessinera une large spirale d\u2019une pente de 4\u00a0% pour permettre l\u2019acc\u00e8s aux personnes \u00e0 mobilit\u00e9 r\u00e9duite. Puis elle empruntera un tablier de quatre m\u00e8tres\u00a0de large&#8230;<\/p>\n","protected":false},"excerpt":{"rendered":"Son trac\u00e9 va serpenter sur 530 m\u00e8tres au-dessus des rails\u00a0: la future passerelle pi\u00e9tons-v\u00e9los de Koenigshoffen a \u00e9t\u00e9&hellip;\n","protected":false},"author":2,"featured_media":17141,"comment_status":"","ping_status":"","sticky":false,"template":"","format":"standard","meta":{"footnotes":""},"categories":[2820],"tags":[1111,11,4749,33,1777,674,107,1011,27,775,12,316,25,640],"class_list":{"0":"post-17140","1":"post","2":"type-post","3":"status-publish","4":"format-standard","5":"has-post-thumbnail","7":"category-strasbourg","8":"tag-actu","9":"tag-actualites","10":"tag-btp-et-chantiers","11":"tag-economie","12":"tag-eu","13":"tag-europe","14":"tag-fil-info","15":"tag-fr","16":"tag-france","17":"tag-grand-est","18":"tag-news","19":"tag-politique","20":"tag-republique-francaise","21":"tag-strasbourg"},"share_on_mastodon":{"url":"https:\/\/pubeurope.com\/@fr\/114319050957701723","error":""},"_links":{"self":[{"href":"https:\/\/www.europesays.com\/fr\/wp-json\/wp\/v2\/posts\/17140","targetHints":{"allow":["GET"]}}],"collection":[{"href":"https:\/\/www.europesays.com\/fr\/wp-json\/wp\/v2\/posts"}],"about":[{"href":"https:\/\/www.europesays.com\/fr\/wp-json\/wp\/v2\/types\/post"}],"author":[{"embeddable":true,"href":"https:\/\/www.europesays.com\/fr\/wp-json\/wp\/v2\/users\/2"}],"replies":[{"embeddable":true,"href":"https:\/\/www.europesays.com\/fr\/wp-json\/wp\/v2\/comments?post=17140"}],"version-history":[{"count":0,"href":"https:\/\/www.europesays.com\/fr\/wp-json\/wp\/v2\/posts\/17140\/revisions"}],"wp:featuredmedia":[{"embeddable":true,"href":"https:\/\/www.europesays.com\/fr\/wp-json\/wp\/v2\/media\/17141"}],"wp:attachment":[{"href":"https:\/\/www.europesays.com\/fr\/wp-json\/wp\/v2\/media?parent=17140"}],"wp:term":[{"taxonomy":"category","embeddable":true,"href":"https:\/\/www.europesays.com\/fr\/wp-json\/wp\/v2\/categories?post=17140"},{"taxonomy":"post_tag","embeddable":true,"href":"https:\/\/www.europesays.com\/fr\/wp-json\/wp\/v2\/tags?post=17140"}],"curies":[{"name":"wp","href":"https:\/\/api.w.org\/{rel}","templated":true}]}}