{"id":171407,"date":"2025-06-12T18:10:54","date_gmt":"2025-06-12T18:10:54","guid":{"rendered":"https:\/\/www.europesays.com\/fr\/171407\/"},"modified":"2025-06-12T18:10:54","modified_gmt":"2025-06-12T18:10:54","slug":"des-milliers-deuros-detournes-au-sein-de-lassociation-gestionnaire","status":"publish","type":"post","link":"https:\/\/www.europesays.com\/fr\/171407\/","title":{"rendered":"des milliers d\u2019euros d\u00e9tourn\u00e9s au sein de l\u2019association gestionnaire"},"content":{"rendered":"<p>Des fonds publics d\u00e9tourn\u00e9s au sein de l\u2019association Espace Rencontre du Moulin des Roches. C\u2019est \u00e0 la fin du premier trimestre dernier, lors de la pr\u00e9paration de l\u2019assembl\u00e9e g\u00e9n\u00e9rale, que le bureau de cette association qui g\u00e8re la maison France services de Toulon-sur-Arroux et propose des animations locales s\u2019est aper\u00e7u de sommes manquantes.<\/p>\n<p>Plusieurs dizaines de\u00a0milliers d\u2019euros<\/p>\n<p>La personne \u00e0 l\u2019origine de ce d\u00e9tournement, qui s\u2019\u00e9l\u00e8ve \u00e0 plusieurs dizaines de milliers d\u2019euros, a \u00e9t\u00e9 identifi\u00e9e rapidement. Il s\u2019agit de la tr\u00e9sori\u00e8re de l\u2019association gestionnaire, qui a d\u00e9missionn\u00e9 de&#8230;<\/p>\n","protected":false},"excerpt":{"rendered":"Des fonds publics d\u00e9tourn\u00e9s au sein de l\u2019association Espace Rencontre du Moulin des Roches. C\u2019est \u00e0 la fin&hellip;\n","protected":false},"author":2,"featured_media":171408,"comment_status":"","ping_status":"","sticky":false,"template":"","format":"standard","meta":{"footnotes":""},"categories":[9619],"tags":[1111,11,12568,1777,674,274,107,1011,27,14000,12,882,25,6003,104,2310,13999,1631],"class_list":{"0":"post-171407","1":"post","2":"type-post","3":"status-publish","4":"format-standard","5":"has-post-thumbnail","7":"category-toulon","8":"tag-actu","9":"tag-actualites","10":"tag-edition-montceau-les-mines","11":"tag-eu","12":"tag-europe","13":"tag-faits-divers-justice","14":"tag-fil-info","15":"tag-fr","16":"tag-france","17":"tag-montceau-les-mines-bassin","18":"tag-news","19":"tag-provence-alpes-cote-dazur","20":"tag-republique-francaise","21":"tag-saone-et-loire","22":"tag-societe","23":"tag-toulon","24":"tag-toulon-sur-arroux","25":"tag-vie-associative"},"share_on_mastodon":{"url":"https:\/\/pubeurope.com\/@fr\/114671745908967306","error":""},"_links":{"self":[{"href":"https:\/\/www.europesays.com\/fr\/wp-json\/wp\/v2\/posts\/171407","targetHints":{"allow":["GET"]}}],"collection":[{"href":"https:\/\/www.europesays.com\/fr\/wp-json\/wp\/v2\/posts"}],"about":[{"href":"https:\/\/www.europesays.com\/fr\/wp-json\/wp\/v2\/types\/post"}],"author":[{"embeddable":true,"href":"https:\/\/www.europesays.com\/fr\/wp-json\/wp\/v2\/users\/2"}],"replies":[{"embeddable":true,"href":"https:\/\/www.europesays.com\/fr\/wp-json\/wp\/v2\/comments?post=171407"}],"version-history":[{"count":0,"href":"https:\/\/www.europesays.com\/fr\/wp-json\/wp\/v2\/posts\/171407\/revisions"}],"wp:featuredmedia":[{"embeddable":true,"href":"https:\/\/www.europesays.com\/fr\/wp-json\/wp\/v2\/media\/171408"}],"wp:attachment":[{"href":"https:\/\/www.europesays.com\/fr\/wp-json\/wp\/v2\/media?parent=171407"}],"wp:term":[{"taxonomy":"category","embeddable":true,"href":"https:\/\/www.europesays.com\/fr\/wp-json\/wp\/v2\/categories?post=171407"},{"taxonomy":"post_tag","embeddable":true,"href":"https:\/\/www.europesays.com\/fr\/wp-json\/wp\/v2\/tags?post=171407"}],"curies":[{"name":"wp","href":"https:\/\/api.w.org\/{rel}","templated":true}]}}