{"id":171417,"date":"2025-06-12T18:17:23","date_gmt":"2025-06-12T18:17:23","guid":{"rendered":"https:\/\/www.europesays.com\/fr\/171417\/"},"modified":"2025-06-12T18:17:23","modified_gmt":"2025-06-12T18:17:23","slug":"grenoble-un-piano-pour-deux-ce-dimanche","status":"publish","type":"post","link":"https:\/\/www.europesays.com\/fr\/171417\/","title":{"rendered":"Grenoble. Un piano pour deux ce dimanche"},"content":{"rendered":"<p>L\u2019association des Amis de l\u2019orgue et de la musique de l\u2019\u00c9glise protestante unie de Grenoble propose un r\u00e9cital de piano \u00e0 quatre mains, \u201cUn piano pour deux\u201d, avec Galina Lagresle et Florent Darcourt-L\u00e9zat (artistes de classe internationale). Le r\u00e9cital aura lieu au Temple protestant de la rue H\u00e9bert \u00e0 Grenoble, le dimanche 15\u00a0juin\u00a0\u00e0 17\u00a0h\u00a030. Au programme, des \u0153uvres de P. Tcha\u00efkovski, J.\u00a0Brahms et G. Faur\u00e9.<\/p>\n<p>Libre participation aux frais. Pas de r\u00e9servation.<\/p>\n<p class=\"note\">Infos\u00a0: amis-orgue-musique-grenoble.fr\u00a0; orgueamis25@gmail.com<\/p>\n","protected":false},"excerpt":{"rendered":"L\u2019association des Amis de l\u2019orgue et de la musique de l\u2019\u00c9glise protestante unie de Grenoble propose un r\u00e9cital&hellip;\n","protected":false},"author":2,"featured_media":171418,"comment_status":"","ping_status":"","sticky":false,"template":"","format":"standard","meta":{"footnotes":""},"categories":[9566],"tags":[1111,11,2430,1687,112,1777,674,1011,27,2731,2732,12,25],"class_list":{"0":"post-171417","1":"post","2":"type-post","3":"status-publish","4":"format-standard","5":"has-post-thumbnail","7":"category-grenoble","8":"tag-actu","9":"tag-actualites","10":"tag-auvergne-rhone-alpes","11":"tag-culture-loisirs","12":"tag-edition-grenoble-agglomeration","13":"tag-eu","14":"tag-europe","15":"tag-fr","16":"tag-france","17":"tag-grenoble","18":"tag-grenoble-bassin","19":"tag-news","20":"tag-republique-francaise"},"share_on_mastodon":{"url":"https:\/\/pubeurope.com\/@fr\/114671769550425958","error":""},"_links":{"self":[{"href":"https:\/\/www.europesays.com\/fr\/wp-json\/wp\/v2\/posts\/171417","targetHints":{"allow":["GET"]}}],"collection":[{"href":"https:\/\/www.europesays.com\/fr\/wp-json\/wp\/v2\/posts"}],"about":[{"href":"https:\/\/www.europesays.com\/fr\/wp-json\/wp\/v2\/types\/post"}],"author":[{"embeddable":true,"href":"https:\/\/www.europesays.com\/fr\/wp-json\/wp\/v2\/users\/2"}],"replies":[{"embeddable":true,"href":"https:\/\/www.europesays.com\/fr\/wp-json\/wp\/v2\/comments?post=171417"}],"version-history":[{"count":0,"href":"https:\/\/www.europesays.com\/fr\/wp-json\/wp\/v2\/posts\/171417\/revisions"}],"wp:featuredmedia":[{"embeddable":true,"href":"https:\/\/www.europesays.com\/fr\/wp-json\/wp\/v2\/media\/171418"}],"wp:attachment":[{"href":"https:\/\/www.europesays.com\/fr\/wp-json\/wp\/v2\/media?parent=171417"}],"wp:term":[{"taxonomy":"category","embeddable":true,"href":"https:\/\/www.europesays.com\/fr\/wp-json\/wp\/v2\/categories?post=171417"},{"taxonomy":"post_tag","embeddable":true,"href":"https:\/\/www.europesays.com\/fr\/wp-json\/wp\/v2\/tags?post=171417"}],"curies":[{"name":"wp","href":"https:\/\/api.w.org\/{rel}","templated":true}]}}