{"id":171423,"date":"2025-06-12T18:20:22","date_gmt":"2025-06-12T18:20:22","guid":{"rendered":"https:\/\/www.europesays.com\/fr\/171423\/"},"modified":"2025-06-12T18:20:22","modified_gmt":"2025-06-12T18:20:22","slug":"celebrer-les-valeurs-de-linclusion-un-defile-fantastique-le-14-juin-au-blosne-a","status":"publish","type":"post","link":"https:\/\/www.europesays.com\/fr\/171423\/","title":{"rendered":"\u00ab\u00a0C\u00e9l\u00e9brer les valeurs de l\u2019inclusion\u00a0\u00bb\u00a0: un d\u00e9fil\u00e9 fantastique le 14\u00a0juin au Blosne, \u00e0"},"content":{"rendered":"<p>Quatre cents\u00a0participants, cinq\u00a0chars et plus de trente\u00a0partenaires vont animer le D\u00e9fil\u00e9 fantastique \u00e0 Rennes (Ille-et-Vilaine). Une manifestation hip-hop en danse et en musique qui partira \u00e0 16\u00a0h, le 14\u00a0juin 2025, de la rue de Su\u00e8de, dans le quartier de Br\u00e9quigny sur une distance de 2, 5\u00a0km pour se terminer devant le centre culturel le Triangle.<\/p>\n<p>La diversit\u00e9 m\u00e8nera la danse\u00a0: Hip-Hop, Afro Trad, Break, Chorales, Clown, Fanfare, Funk, House, Locking danse, Waacking danse. Les classes Orchestres du Conservatoire de Rennes et plus d\u2019une centaine de musiciens seront \u00e9galement au rendez-vous.<\/p>\n<p><strong>Lire <\/strong> <strong>aussi\u00a0<\/strong>: <a href=\"https:\/\/rennes.maville.com\/actu\/actudet_-a-rennes-une-grande-parade-hip-hop-pour-redorer-l-image-du-blosne-_7-6652451_actu.Htm\" target=\"_blank\" rel=\"noopener\">\u00c0 Rennes, une grande parade hip-hop pour redorer l\u2019image du Blosne<\/a><\/p>\n<p>C\u2019est quoi le d\u00e9fil\u00e9 fantastique\u00a0?<\/p>\n<p>Le d\u00e9fil\u00e9 fantastique est une cr\u00e9ation qui a impliqu\u00e9 trois\u00a0\u00e9coles et deux\u00a0coll\u00e8ges (onze\u00a0classes au total) pour 400\u00a0heures d\u2019ateliers.<\/p>\n<p><strong>\u00ab\u00a0Le d\u00e9fil\u00e9 a \u00e9t\u00e9 pr\u00e9par\u00e9 par les artistes, les chars ont \u00e9t\u00e9 construits par Vincent Gadras, constructeur de d\u00e9cor pour le th\u00e9\u00e2tre et la d\u00e9coration a \u00e9t\u00e9 r\u00e9alis\u00e9e dans des ateliers d\u2019art plastique<\/strong>, d\u00e9taille <a href=\"https:\/\/rennes.maville.com\/actu\/actudet_-rennes.-patrice-le-floch-nouveau-directeur-du-triangle-_52674-4911039_actu.Htm\" target=\"_blank\" rel=\"noopener\">Patrice Le Floch, directeur du Triangle<\/a>.<strong> Mais ce sont tous les acteurs des champs culturels, social, m\u00e9dico-social et \u00e9ducatif des quartiers du sud de Rennes qui se r\u00e9unissent.<\/strong><\/p>\n<p>Cette derni\u00e8re a \u00e9t\u00e9 pens\u00e9e pour <strong>\u00ab\u00a0cr\u00e9er des ponts, c\u00e9l\u00e9brer les valeurs de l\u2019inclusion. Des habitants vont pr\u00e9parer un \u00e9norme ap\u00e9ro gratuit \u00e0 partager lors de l\u2019arriv\u00e9e au Triangle. Et tout le monde pourra danser\u00a0!\u00a0\u00bb<\/strong><\/p>\n<p><strong>Samedi 14\u00a0juin,<\/strong> D\u00e9fil\u00e9 fantastique, gratuit et ouvert \u00e0 tous. D\u00e9part rue de Su\u00e8de pour une arriv\u00e9e au Triangle.<\/p>\n<p>\u00a0<\/p>\n","protected":false},"excerpt":{"rendered":"Quatre cents\u00a0participants, cinq\u00a0chars et plus de trente\u00a0partenaires vont animer le D\u00e9fil\u00e9 fantastique \u00e0 Rennes (Ille-et-Vilaine). Une manifestation hip-hop&hellip;\n","protected":false},"author":2,"featured_media":171424,"comment_status":"","ping_status":"","sticky":false,"template":"","format":"standard","meta":{"footnotes":""},"categories":[2821],"tags":[5659,1111,11,8765,829,4413,16694,1777,674,9393,1011,27,15498,3687,12,3086,584,25,17938],"class_list":{"0":"post-171423","1":"post","2":"type-post","3":"status-publish","4":"format-standard","5":"has-post-thumbnail","7":"category-rennes","8":"tag-5659","9":"tag-actu","10":"tag-actualites","11":"tag-blosne","12":"tag-bretagne","13":"tag-celebrer","14":"tag-defile","15":"tag-eu","16":"tag-europe","17":"tag-fantastique","18":"tag-fr","19":"tag-france","20":"tag-inclusion","21":"tag-juin","22":"tag-news","23":"tag-redon","24":"tag-rennes","25":"tag-republique-francaise","26":"tag-valeurs"},"share_on_mastodon":{"url":"https:\/\/pubeurope.com\/@fr\/114671781351494183","error":""},"_links":{"self":[{"href":"https:\/\/www.europesays.com\/fr\/wp-json\/wp\/v2\/posts\/171423","targetHints":{"allow":["GET"]}}],"collection":[{"href":"https:\/\/www.europesays.com\/fr\/wp-json\/wp\/v2\/posts"}],"about":[{"href":"https:\/\/www.europesays.com\/fr\/wp-json\/wp\/v2\/types\/post"}],"author":[{"embeddable":true,"href":"https:\/\/www.europesays.com\/fr\/wp-json\/wp\/v2\/users\/2"}],"replies":[{"embeddable":true,"href":"https:\/\/www.europesays.com\/fr\/wp-json\/wp\/v2\/comments?post=171423"}],"version-history":[{"count":0,"href":"https:\/\/www.europesays.com\/fr\/wp-json\/wp\/v2\/posts\/171423\/revisions"}],"wp:featuredmedia":[{"embeddable":true,"href":"https:\/\/www.europesays.com\/fr\/wp-json\/wp\/v2\/media\/171424"}],"wp:attachment":[{"href":"https:\/\/www.europesays.com\/fr\/wp-json\/wp\/v2\/media?parent=171423"}],"wp:term":[{"taxonomy":"category","embeddable":true,"href":"https:\/\/www.europesays.com\/fr\/wp-json\/wp\/v2\/categories?post=171423"},{"taxonomy":"post_tag","embeddable":true,"href":"https:\/\/www.europesays.com\/fr\/wp-json\/wp\/v2\/tags?post=171423"}],"curies":[{"name":"wp","href":"https:\/\/api.w.org\/{rel}","templated":true}]}}