{"id":171429,"date":"2025-06-12T18:24:21","date_gmt":"2025-06-12T18:24:21","guid":{"rendered":"https:\/\/www.europesays.com\/fr\/171429\/"},"modified":"2025-06-12T18:24:21","modified_gmt":"2025-06-12T18:24:21","slug":"tournage-de-lemission-affaire-conclue-samedi-installation-de-lenseigne-easy-cash-le-centre-commercial-nice-lingostiere-decline-la-seconde-main","status":"publish","type":"post","link":"https:\/\/www.europesays.com\/fr\/171429\/","title":{"rendered":"Tournage de l\u2019\u00e9mission \u00ab\u00a0Affaire conclue\u00a0\u00bb samedi, installation de l\u2019enseigne Easy Cash: le centre commercial Nice Lingosti\u00e8re d\u00e9cline la seconde main"},"content":{"rendered":"<p>Quoi de neuf au centre commercial Nice Lingosti\u00e8re? De l\u2019occasion. Dans cet mouvance seconde main tr\u00e8s tendance, l\u2019\u00e9mission Affaire conclue fera \u00e9tape, samedi 14 juin, de 10h \u00e0 18h devant l\u2019enseigne Cultura. Damien Tison, antiquaire, qui fait partie de la team star de l\u2019\u00e9mission t\u00e9l\u00e9vis\u00e9e diffus\u00e9e sur France 2, proposera une journ\u00e9e d\u2019estimation gratuite.<\/p>\n<p>\u00ab\u00a0On a r\u00e9ussi \u00e0 obtenir cette exclusivit\u00e9, explique Anthony di Folco, le directeur du centre. Concr\u00e8tement, le public peut venir directement et sans rendez-vous avec des objets personnels. Des objets de toutes sortes, que Damien Tison expertisera avant d\u2019op\u00e9rer des virements imm\u00e9diats aux participants.\u00a0\u00bb<\/p>\n<p>Rachats directs<\/p>\n<p>Toujours au chapitre nouvelle vie, le centre vient d\u2019ouvrir l\u2019enseigne Easy Cash \u00e0 la place de Hub Side Store, qui faisait dans l\u2019abonnement multim\u00e9dia.<\/p>\n<p>C\u2019est quoi Easy Cash? \u00ab\u00a0Tout ce qui est rachat et revente de produits d\u2019occasion. Sous cette enseigne, on peut apporter des produits de maroquinerie, des jeux vid\u00e9o, de la bijouterie&#8230; et le magasin peut les racheter directement.\u00a0\u00bb Ce n\u2019est donc pas le principe du d\u00e9p\u00f4t-vente, mod\u00e8le commercial qui consiste \u00e0 confier un bien \u00e0 un commer\u00e7ant pour qu\u2019il le vende au nom et pour le compte de son propri\u00e9taire.<\/p>\n<p>Enfin, dans cet esprit d\u2019\u00e9conomie collaborative, une vente RSE (responsabilit\u00e9 soci\u00e9tale des entreprises) de v\u00eatements de seconde main aura lieu toute la journ\u00e9e du 16 juin en partenariat avec l\u2019association azur\u00e9enne solidaire d\u2019insertion professionnelle Abi 06.<\/p>\n","protected":false},"excerpt":{"rendered":"Quoi de neuf au centre commercial Nice Lingosti\u00e8re? De l\u2019occasion. Dans cet mouvance seconde main tr\u00e8s tendance, l\u2019\u00e9mission&hellip;\n","protected":false},"author":2,"featured_media":171430,"comment_status":"","ping_status":"","sticky":false,"template":"","format":"standard","meta":{"footnotes":""},"categories":[2819],"tags":[1111,11,2876,1777,674,1011,27,12,2401,882,25],"class_list":{"0":"post-171429","1":"post","2":"type-post","3":"status-publish","4":"format-standard","5":"has-post-thumbnail","7":"category-nice","8":"tag-actu","9":"tag-actualites","10":"tag-conso-shopping","11":"tag-eu","12":"tag-europe","13":"tag-fr","14":"tag-france","15":"tag-news","16":"tag-nice","17":"tag-provence-alpes-cote-dazur","18":"tag-republique-francaise"},"share_on_mastodon":{"url":"https:\/\/pubeurope.com\/@fr\/114671797148090398","error":""},"_links":{"self":[{"href":"https:\/\/www.europesays.com\/fr\/wp-json\/wp\/v2\/posts\/171429","targetHints":{"allow":["GET"]}}],"collection":[{"href":"https:\/\/www.europesays.com\/fr\/wp-json\/wp\/v2\/posts"}],"about":[{"href":"https:\/\/www.europesays.com\/fr\/wp-json\/wp\/v2\/types\/post"}],"author":[{"embeddable":true,"href":"https:\/\/www.europesays.com\/fr\/wp-json\/wp\/v2\/users\/2"}],"replies":[{"embeddable":true,"href":"https:\/\/www.europesays.com\/fr\/wp-json\/wp\/v2\/comments?post=171429"}],"version-history":[{"count":0,"href":"https:\/\/www.europesays.com\/fr\/wp-json\/wp\/v2\/posts\/171429\/revisions"}],"wp:featuredmedia":[{"embeddable":true,"href":"https:\/\/www.europesays.com\/fr\/wp-json\/wp\/v2\/media\/171430"}],"wp:attachment":[{"href":"https:\/\/www.europesays.com\/fr\/wp-json\/wp\/v2\/media?parent=171429"}],"wp:term":[{"taxonomy":"category","embeddable":true,"href":"https:\/\/www.europesays.com\/fr\/wp-json\/wp\/v2\/categories?post=171429"},{"taxonomy":"post_tag","embeddable":true,"href":"https:\/\/www.europesays.com\/fr\/wp-json\/wp\/v2\/tags?post=171429"}],"curies":[{"name":"wp","href":"https:\/\/api.w.org\/{rel}","templated":true}]}}