{"id":171431,"date":"2025-06-12T18:25:23","date_gmt":"2025-06-12T18:25:23","guid":{"rendered":"https:\/\/www.europesays.com\/fr\/171431\/"},"modified":"2025-06-12T18:25:23","modified_gmt":"2025-06-12T18:25:23","slug":"unoc-2025-a-nice-notre-relation-a-locean-est-utilitariste","status":"publish","type":"post","link":"https:\/\/www.europesays.com\/fr\/171431\/","title":{"rendered":"Unoc 2025 \u00e0 Nice\u00a0: \u00ab\u00a0Notre relation \u00e0 l\u2019oc\u00e9an est utilitariste\u00a0\u00bb"},"content":{"rendered":"<p>Changement climatique, <a href=\"https:\/\/www.humanite.fr\/environnement\/glaciers\/rechauffement-climatique-en-mai-les-glaciers-du-groenland-ont-fondu-17-fois-plus-vite-que-la-moyenne\" target=\"_blank\" rel=\"noopener\">effondrement de la biodiversit\u00e9<\/a>, <a href=\"https:\/\/www.humanite.fr\/environnement\/agriculture\/plastique-partout-sante-nulle-part-alertent-le-cnrs-et-linrae\" target=\"_blank\" rel=\"noopener\">pollution plastique<\/a>\u2026 <a href=\"https:\/\/www.humanite.fr\/environnement\/conference-des-nations-unies-sur-locean-unoc\/aires-marines-protegees-le-ton-monte-entre-les-ong-et-le-gouvernement\" target=\"_blank\" rel=\"noopener\">L\u2019oc\u00e9an subit la pression des activit\u00e9s humaines<\/a>. Pour sortir de ce rapport destructeur, Marine Calmet, juriste et pr\u00e9sidente de l\u2019association Wild Legal, d\u00e9fend un mod\u00e8le juridique bas\u00e9 sur des droits accord\u00e9s \u00e0 la nature, dans un livre qu\u2019elle cosigne avec l\u2019oc\u00e9anographe Fran\u00e7ois Sarano<a href=\"#9fa9f214-910c-4d3c-a3bd-0b5e02fc0241\" id=\"9fa9f214-910c-4d3c-a3bd-0b5e02fc0241-link\">1<\/a>.<\/p>\n<p class=\"wp-block-huma-question\">Dans votre livre, vous partez de l\u2019exemple de l\u2019\u00e9toile de mer. En quoi est-elle symbolique de la question des droits de l\u2019oc\u00e9an\u00a0?<\/p>\n<p>L\u2019\u00e9toile de mer, c\u2019est l\u2019impens\u00e9e\u00a0: on la ramasse, on la remonte dans les filets, et comme elle ne se commercialise pas, on la rejette morte \u00e0 la mer. Par la capture, elle devient la propri\u00e9t\u00e9 du p\u00eacheur. Le droit actuel invisibilise les \u00eatres vivants non humains, lorsque ces derniers n\u2019ont pas d\u2019usage pour nous, en particulier lorsqu\u2019ils ne se commercialisent pas. Quelques esp\u00e8ces prot\u00e9g\u00e9es ont un statut de protection \u00e0 part, mais elles&#8230;<\/p>\n","protected":false},"excerpt":{"rendered":"Changement climatique, effondrement de la biodiversit\u00e9, pollution plastique\u2026 L\u2019oc\u00e9an subit la pression des activit\u00e9s humaines. Pour sortir de&hellip;\n","protected":false},"author":2,"featured_media":171432,"comment_status":"","ping_status":"","sticky":false,"template":"","format":"standard","meta":{"footnotes":""},"categories":[2819],"tags":[1111,11,27813,1777,674,1011,27,303,17662,12,2401,882,25],"class_list":{"0":"post-171431","1":"post","2":"type-post","3":"status-publish","4":"format-standard","5":"has-post-thumbnail","7":"category-nice","8":"tag-actu","9":"tag-actualites","10":"tag-confu00e9rence-des-nations-unies-sur-locu00e9an-unoc","11":"tag-eu","12":"tag-europe","13":"tag-fr","14":"tag-france","15":"tag-justice","16":"tag-mers-et-ocu00e9ans","17":"tag-news","18":"tag-nice","19":"tag-provence-alpes-cote-dazur","20":"tag-republique-francaise"},"share_on_mastodon":{"url":"https:\/\/pubeurope.com\/@fr\/114671800999029535","error":""},"_links":{"self":[{"href":"https:\/\/www.europesays.com\/fr\/wp-json\/wp\/v2\/posts\/171431","targetHints":{"allow":["GET"]}}],"collection":[{"href":"https:\/\/www.europesays.com\/fr\/wp-json\/wp\/v2\/posts"}],"about":[{"href":"https:\/\/www.europesays.com\/fr\/wp-json\/wp\/v2\/types\/post"}],"author":[{"embeddable":true,"href":"https:\/\/www.europesays.com\/fr\/wp-json\/wp\/v2\/users\/2"}],"replies":[{"embeddable":true,"href":"https:\/\/www.europesays.com\/fr\/wp-json\/wp\/v2\/comments?post=171431"}],"version-history":[{"count":0,"href":"https:\/\/www.europesays.com\/fr\/wp-json\/wp\/v2\/posts\/171431\/revisions"}],"wp:featuredmedia":[{"embeddable":true,"href":"https:\/\/www.europesays.com\/fr\/wp-json\/wp\/v2\/media\/171432"}],"wp:attachment":[{"href":"https:\/\/www.europesays.com\/fr\/wp-json\/wp\/v2\/media?parent=171431"}],"wp:term":[{"taxonomy":"category","embeddable":true,"href":"https:\/\/www.europesays.com\/fr\/wp-json\/wp\/v2\/categories?post=171431"},{"taxonomy":"post_tag","embeddable":true,"href":"https:\/\/www.europesays.com\/fr\/wp-json\/wp\/v2\/tags?post=171431"}],"curies":[{"name":"wp","href":"https:\/\/api.w.org\/{rel}","templated":true}]}}