{"id":171434,"date":"2025-06-12T18:27:24","date_gmt":"2025-06-12T18:27:24","guid":{"rendered":"https:\/\/www.europesays.com\/fr\/171434\/"},"modified":"2025-06-12T18:27:24","modified_gmt":"2025-06-12T18:27:24","slug":"la-nouvelle-piscine-des-dervallieres-se-devoile","status":"publish","type":"post","link":"https:\/\/www.europesays.com\/fr\/171434\/","title":{"rendered":"la nouvelle piscine des Dervalli\u00e8res se d\u00e9voile"},"content":{"rendered":"<p>            Par<br \/>\n        <strong><br \/>\n            <a href=\"https:\/\/actu.fr\/auteur\/thomas-bernard\" title=\"Consulter tous les articles de Thomas Bernard\" target=\"_blank\" rel=\"noopener\">Thomas Bernard<\/a><br \/>\n        <\/strong><\/p>\n<p>        Publi\u00e9 le<\/p>\n<p>            12 juin 2025 \u00e0 18h02        <\/p>\n<p>Nich\u00e9e au c\u0153ur de la vall\u00e9e de la Ch\u00e9zine,<strong> la piscine des Dervalli\u00e8res<\/strong> se refait une beaut\u00e9, \u00e0 Nantes. Depuis septembre\u00a02023,<a href=\"https:\/\/actu.fr\/pays-de-la-loire\/nantes_44109\/a-partir-de-fin-2025-la-piscine-des-dervallieres-agrandie-sera-ouverte-toute-l-annee_60024981.html\" target=\"_blank\" rel=\"noopener\"> un chantier d\u2019extension et de r\u00e9novation<\/a> est men\u00e9 sur l\u2019\u00e9quipement sportif construit en 1966.<\/p>\n<p class=\" wall-content\">\u00ab\u2009C\u2019est un projet important une attente r\u00e9it\u00e9r\u00e9e des habitants du quartier des Dervalli\u00e8res\u2009\u00bb, a d\u00e9clar\u00e9 <a href=\"https:\/\/actu.fr\/tag\/johanna-rolland\" target=\"_blank\" rel=\"noopener\">Johanna Rolland<\/a>, maire de Nantes, lors d\u2019une visite presse organis\u00e9e ce jeudi 12\u00a0juin 2025.<\/p>\n<p>Une piscine ouverte toute l\u2019ann\u00e9e<\/p>\n<p class=\" wall-content\">Le projet de r\u00e9novation vise \u00e0 requalifier l\u2019actuelle piscine ext\u00e9rieure,<strong> seul bassin ext\u00e9rieur de la cit\u00e9 des ducs de Bretagne<\/strong>, avec la r\u00e9habilitation des bassins existants\u2009: un bassin sportif, un bassin d\u2019apprentissage, une fosse \u00e0 plongeons et une pataugeoire.<\/p>\n<p class=\" wall-content\">L\u2019autre axe fort du chantier\u2009: <strong>la cr\u00e9ation d\u2019un bassin couvert<\/strong> de 25\u00a0m\u00e8tres et de six lignes<br \/>d\u2019eau, ainsi que la construction de vestiaires et sanitaires chauff\u00e9s.<\/p>\n<p class=\" wall-content\">Avec ce bassin int\u00e9rieur, la piscine des Dervalli\u00e8res sera d\u00e9sormais ouverte toute l\u2019ann\u00e9e contre deux mois et demi par an auparavant. Le nouvel \u00e9quipement permettra d\u2019ouvrir <strong>24 \u00e0 30\u00a0heures par semaine au grand public<\/strong>.<\/p>\n<p>Vid\u00e9os : en ce moment sur Actu<\/p>\n<p class=\" wall-content\"><strong>Ali Rebouh<\/strong>, adjoint aux sports et adjoint du quartier Dervalli\u00e8res-Zola, a fait part de son sentiment de \u00ab\u2009fiert\u00e9\u2009\u00bb sur le chantier de la piscine, lieu o\u00f9 il a appris \u00e0 nager.<\/p>\n<p class=\" wall-content\">\u00ab\u2009L\u2019\u00e9t\u00e9, des jeunes ne peuvent pas partir en vacances, c\u2019est important d\u2019avoir une piscine. Il y aura des cr\u00e9neaux associatifs, mais nous voulons aussi travailler avec le public des seniors\u2009\u00bb, a expliqu\u00e9 l\u2019\u00e9lu.<\/p>\n<p class=\" wall-content\">La future piscine pourra permettre (en configuration estivale) d\u2019accueillir jusqu\u2019\u00e0 <strong>900\u00a0personnes en simultan\u00e9<\/strong>.<\/p>\n<p>\u00ab\u2009Savoir-nager\u2009\u00bb<\/p>\n<p class=\" wall-content\">L\u2019am\u00e9nagement doit permettre de renforcer l\u2019offre d\u2019apprentissage de la natation pour les scolaires. Jusqu\u2019\u00e0 <strong>120 classes \u00e9l\u00e9mentaires<\/strong> des \u00e9coles aux alentours pourront \u00eatre accueillies tout au long de l\u2019ann\u00e9e.<\/p>\n<p class=\" wall-content\">Pour la municipalit\u00e9, la r\u00e9novation de l\u2019\u00e9quipement sportif r\u00e9pond \u00e0 l\u2019enjeu du \u00ab\u2009savoir-nager\u2009\u00bb, en particulier pour le jeune public.<\/p>\n<p>    <img   decoding=\"async\" loading=\"lazy\" src=\"https:\/\/www.europesays.com\/fr\/wp-content\/uploads\/2025\/06\/piscine-des-dervallieres-nantes-960x640.jpeg\" alt=\"Une visite de presse du chantier a eu lieu ce jeudi 12 juin 2025.\" width=\"960\" height=\"640\"\/><br \/>\n    Une visite de presse du chantier a eu lieu ce jeudi 12\u00a0juin 2025. (\u00a9Thomas Bernard \/ actu Nantes)<\/p>\n<p class=\" wall-content\">\u00ab\u2009En France, 1\u2009200\u00a0personnes se noient sur la p\u00e9riode estivale, 350 d\u00e9c\u00e8dent. Il y a un vrai besoin de travailler sur le savoir-nager\u2009\u00bb, ajoute Tom Follet, sous-pr\u00e9fet charg\u00e9 de mission Ville et Coh\u00e9sion sociale aupr\u00e8s du pr\u00e9fet de la r\u00e9gion des Pays de la Loire, pr\u00e9fet de Loire-Atlantique.<\/p>\n<p>Enveloppe de 18,5\u00a0millions d\u2019euros<\/p>\n<p class=\" wall-content\">Pour la municipalit\u00e9, l\u2019\u00e9quipement sportif doit b\u00e9n\u00e9ficier au plus grand nombre et \u00e0 tous les habitants de la ville de Jules Verne.<\/p>\n<p class=\" wall-content\">\u00ab\u2009La piscine va permettre de d\u00e9couvrir le quartier des Dervalli\u00e8res \u00e0 tous les Nantais. Les quartiers populaires sont dans la ville, nos quartiers populaires doivent \u00eatre un lieu de destination\u2009\u00bb, affirme Johanna Rolland.<\/p>\n<p class=\" wall-content\">L\u2019architecte en charge de ce projet est l\u2019agence nantaise RAUM. Une enveloppe de <strong>18,5\u00a0millions d\u2019euros<\/strong> est allou\u00e9e \u00e0 ce projet. La Ville de Nantes b\u00e9n\u00e9ficiera d\u2019une subvention de l\u2019Agence Nationale du Sport \u00e0 hauteur de <strong>315\u2009000\u00a0euros<\/strong>.<\/p>\n<p class=\" wall-content\">Les responsables politiques locaux visent une <strong>ouverture de la piscine des Dervalli\u00e8res pour l\u2019\u00e9t\u00e9 2026<\/strong>. Ali Rebouh a m\u00eame fait le pari de porter le maillot de bain le jour de l\u2019inauguration. \u00ab\u2009Je tiendrai mon pari dans un cercle priv\u00e9\u2009\u00bb, confie malicieusement l\u2019adjoint \u00e0 la maire.<\/p>\n<p class=\" wall-content\">Suivez toute l\u2019actualit\u00e9 de vos villes et m\u00e9dias favoris en vous inscrivant \u00e0 <a href=\"https:\/\/moncompte.actu.fr\" title=\"D\u00e9couvez Mon Actu\" rel=\"nofollow noopener\" data-trk=\"{&quot;cta&quot;:{&quot;action&quot;:&quot;https:\\\/\\\/moncompte.actu.fr&quot;,&quot;category&quot;:&quot;mon compte&quot;,&quot;from&quot;:&quot;article footer&quot;,&quot;name&quot;:&quot;Mon actu&quot;,&quot;type&quot;:&quot;cta&quot;}}\" target=\"_blank\">Mon Actu<\/a>.<\/p>\n","protected":false},"excerpt":{"rendered":"Par Thomas Bernard Publi\u00e9 le 12 juin 2025 \u00e0 18h02 Nich\u00e9e au c\u0153ur de la vall\u00e9e de la&hellip;\n","protected":false},"author":2,"featured_media":171435,"comment_status":"","ping_status":"","sticky":false,"template":"","format":"standard","meta":{"footnotes":""},"categories":[2818],"tags":[1111,11,1777,674,1011,27,6945,766,12,2636,25,104],"class_list":{"0":"post-171434","1":"post","2":"type-post","3":"status-publish","4":"format-standard","5":"has-post-thumbnail","7":"category-nantes","8":"tag-actu","9":"tag-actualites","10":"tag-eu","11":"tag-europe","12":"tag-fr","13":"tag-france","14":"tag-johanna-rolland","15":"tag-nantes","16":"tag-news","17":"tag-pays-de-la-loire","18":"tag-republique-francaise","19":"tag-societe"},"share_on_mastodon":{"url":"https:\/\/pubeurope.com\/@fr\/114671808932318371","error":""},"_links":{"self":[{"href":"https:\/\/www.europesays.com\/fr\/wp-json\/wp\/v2\/posts\/171434","targetHints":{"allow":["GET"]}}],"collection":[{"href":"https:\/\/www.europesays.com\/fr\/wp-json\/wp\/v2\/posts"}],"about":[{"href":"https:\/\/www.europesays.com\/fr\/wp-json\/wp\/v2\/types\/post"}],"author":[{"embeddable":true,"href":"https:\/\/www.europesays.com\/fr\/wp-json\/wp\/v2\/users\/2"}],"replies":[{"embeddable":true,"href":"https:\/\/www.europesays.com\/fr\/wp-json\/wp\/v2\/comments?post=171434"}],"version-history":[{"count":0,"href":"https:\/\/www.europesays.com\/fr\/wp-json\/wp\/v2\/posts\/171434\/revisions"}],"wp:featuredmedia":[{"embeddable":true,"href":"https:\/\/www.europesays.com\/fr\/wp-json\/wp\/v2\/media\/171435"}],"wp:attachment":[{"href":"https:\/\/www.europesays.com\/fr\/wp-json\/wp\/v2\/media?parent=171434"}],"wp:term":[{"taxonomy":"category","embeddable":true,"href":"https:\/\/www.europesays.com\/fr\/wp-json\/wp\/v2\/categories?post=171434"},{"taxonomy":"post_tag","embeddable":true,"href":"https:\/\/www.europesays.com\/fr\/wp-json\/wp\/v2\/tags?post=171434"}],"curies":[{"name":"wp","href":"https:\/\/api.w.org\/{rel}","templated":true}]}}