{"id":171436,"date":"2025-06-12T18:28:16","date_gmt":"2025-06-12T18:28:16","guid":{"rendered":"https:\/\/www.europesays.com\/fr\/171436\/"},"modified":"2025-06-12T18:28:16","modified_gmt":"2025-06-12T18:28:16","slug":"le-centre-antipoison-du-chu-de-bordeaux-alerte-sur-cette-herbe-toxique-tres-repandue-en-gironde","status":"publish","type":"post","link":"https:\/\/www.europesays.com\/fr\/171436\/","title":{"rendered":"Le centre antipoison du CHU de Bordeaux alerte sur cette herbe toxique tr\u00e8s r\u00e9pandue en Gironde"},"content":{"rendered":"<p>            Par<br \/>\n        <strong><br \/>\n            <a href=\"https:\/\/actu.fr\/auteur\/redaction-bordeaux\" title=\"Consulter tous les articles de R\u00e9daction Bordeaux\" target=\"_blank\" rel=\"noopener\">R\u00e9daction Bordeaux<\/a><br \/>\n        <\/strong><\/p>\n<p>        Publi\u00e9 le<\/p>\n<p>            12 juin 2025 \u00e0 18h32        <\/p>\n<p>Il n\u2019est pas rare d\u2019en voir, surtout lors d\u2019une balade en milieu forestier. L\u2019arum sauvage, aussi\u00a0appel\u00e9e l\u2019herbe \u00e0 serpent, est de saison.\u00a0Mais <strong>\u00ab\u00a0les baies rouges vives attirent<\/strong> malheureusement les jeunes enfants\u00a0\u00bb, d\u00e9plore le centre antipoison du<a href=\"https:\/\/actu.fr\/bordeaux\/\" target=\"_blank\" rel=\"noopener\"> CHU de Bordeaux<\/a> ce mercredi 11 juin 2025.<\/p>\n<p class=\" wall-content\">Un malheur, car cette plante tr\u00e8s commune est <strong>\u00e9galement toxique.<\/strong> \u00ab\u00a0Une ingestion, m\u00eame minime, peut provoquer des <strong>douleurs intenses<\/strong> dans la bouche ainsi qu\u2019un gonflement des l\u00e8vres et de la gorge\u00a0\u00bb, d\u00e9crit le CHU.\u00a0<\/p>\n<p>Que faire en cas d\u2019ingestion ?\u00a0<\/p>\n<p class=\" wall-content\">Les professionnels <a href=\"https:\/\/actu.fr\/tag\/sante\" target=\"_blank\" rel=\"noopener\">de sant\u00e9<\/a> conseillent donc de faire <strong>tr\u00e8s attention aux enfants.<\/strong> En cas d\u2019ingestion, il faut rincer abondamment les mains et la bouche de l\u2019enfant (ou l\u2019adulte) concern\u00e9.<\/p>\n<p class=\" wall-content\">M\u00eame si les sympt\u00f4mes sont l\u00e9gers, il faut contacter le Centre Antipoison et de Toxicologie du CHU de Bordeaux. Disponible <strong>24h sur 24 et 7 jours sur 7,<\/strong> le centre est joignable au 05 56 96 40 80.<\/p>\n<p class=\" wall-content\">Suivez toute l\u2019actualit\u00e9 de vos villes et m\u00e9dias favoris en vous inscrivant \u00e0 <a href=\"https:\/\/moncompte.actu.fr\" title=\"D\u00e9couvez Mon Actu\" rel=\"nofollow noopener\" data-trk=\"{&quot;cta&quot;:{&quot;action&quot;:&quot;https:\\\/\\\/moncompte.actu.fr&quot;,&quot;category&quot;:&quot;mon compte&quot;,&quot;from&quot;:&quot;article footer&quot;,&quot;name&quot;:&quot;Mon actu&quot;,&quot;type&quot;:&quot;cta&quot;}}\" target=\"_blank\">Mon Actu<\/a>.<\/p>\n","protected":false},"excerpt":{"rendered":"Par R\u00e9daction Bordeaux Publi\u00e9 le 12 juin 2025 \u00e0 18h32 Il n\u2019est pas rare d\u2019en voir, surtout lors&hellip;\n","protected":false},"author":2,"featured_media":171437,"comment_status":"","ping_status":"","sticky":false,"template":"","format":"standard","meta":{"footnotes":""},"categories":[2817],"tags":[1111,11,1130,1997,11421,1777,674,1011,27,12,2219,52,25,71],"class_list":{"0":"post-171436","1":"post","2":"type-post","3":"status-publish","4":"format-standard","5":"has-post-thumbnail","7":"category-bordeaux","8":"tag-actu","9":"tag-actualites","10":"tag-biodiversite","11":"tag-bordeaux","12":"tag-chu-de-bordeaux","13":"tag-eu","14":"tag-europe","15":"tag-fr","16":"tag-france","17":"tag-news","18":"tag-nouvelle-aquitaine","19":"tag-planete","20":"tag-republique-francaise","21":"tag-sante"},"share_on_mastodon":{"url":"https:\/\/pubeurope.com\/@fr\/114671812834090303","error":""},"_links":{"self":[{"href":"https:\/\/www.europesays.com\/fr\/wp-json\/wp\/v2\/posts\/171436","targetHints":{"allow":["GET"]}}],"collection":[{"href":"https:\/\/www.europesays.com\/fr\/wp-json\/wp\/v2\/posts"}],"about":[{"href":"https:\/\/www.europesays.com\/fr\/wp-json\/wp\/v2\/types\/post"}],"author":[{"embeddable":true,"href":"https:\/\/www.europesays.com\/fr\/wp-json\/wp\/v2\/users\/2"}],"replies":[{"embeddable":true,"href":"https:\/\/www.europesays.com\/fr\/wp-json\/wp\/v2\/comments?post=171436"}],"version-history":[{"count":0,"href":"https:\/\/www.europesays.com\/fr\/wp-json\/wp\/v2\/posts\/171436\/revisions"}],"wp:featuredmedia":[{"embeddable":true,"href":"https:\/\/www.europesays.com\/fr\/wp-json\/wp\/v2\/media\/171437"}],"wp:attachment":[{"href":"https:\/\/www.europesays.com\/fr\/wp-json\/wp\/v2\/media?parent=171436"}],"wp:term":[{"taxonomy":"category","embeddable":true,"href":"https:\/\/www.europesays.com\/fr\/wp-json\/wp\/v2\/categories?post=171436"},{"taxonomy":"post_tag","embeddable":true,"href":"https:\/\/www.europesays.com\/fr\/wp-json\/wp\/v2\/tags?post=171436"}],"curies":[{"name":"wp","href":"https:\/\/api.w.org\/{rel}","templated":true}]}}