{"id":17144,"date":"2025-04-11T11:18:13","date_gmt":"2025-04-11T11:18:13","guid":{"rendered":"https:\/\/www.europesays.com\/fr\/17144\/"},"modified":"2025-04-11T11:18:13","modified_gmt":"2025-04-11T11:18:13","slug":"julie-gayet-claude-lelouch-a-nice-un-jury-de-choix-pour-le-premier-festival-mondial-melant-ia-et-cinema","status":"publish","type":"post","link":"https:\/\/www.europesays.com\/fr\/17144\/","title":{"rendered":"Julie Gayet, Claude Lelouch&#8230; \u00c0 Nice, un jury de choix pour le premier festival mondial m\u00ealant IA et cin\u00e9ma"},"content":{"rendered":"<p>Dans le cadre de sa strat\u00e9gie \u00abSmart Deal\u00bb, le d\u00e9partement des Alpes-Maritimes poursuit son ambition de devenir une terre parmi les plus innovantes en mati\u00e8re d\u2019intelligence artificielle en accueillant la premi\u00e8re \u00e9dition du World AI Film Festival, vendredi et samedi.<\/p>\n<p class=\"fig-paragraph\">L\u2019intelligence artificielle aujourd\u2019hui, c\u2019est un peu comme la loi\u00a0: nul n\u2019est cens\u00e9 l\u2019ignorer. D\u2019un fantasme technologique flou et lointain il y a encore quelques ann\u00e9es, elle est devenue incontournable. \u00ab<a href=\"http:\/\/www.lefigaro.fr\/secteur\/high-tech\/ia-le-cabinet-francais-ekimetrics-veut-passer-a-la-vitesse-superieure-20250408\" data-fig-type=\"Article\" data-gtm-custom-categorie=\"navigation\" data-gtm-custom-action=\"crossclick\" data-gtm-custom-label=\"Contextuel\" data-gtm-event=\"customEventSPE\" data-fig-domain=\"LEFIGARO\" target=\"_blank\" rel=\"noopener\">L\u2019IA<\/a>\u00bb est partout. Pour les professionnels du secteur, qui y voient une v\u00e9ritable r\u00e9volution, ce n\u2019est pourtant qu\u2019un d\u00e9but.\u00a0<a href=\"http:\/\/www.lefigaro.fr\/nice\/dans-les-alpes-maritimes-le-president-du-departement-defend-le-maintien-d-eric-ciotti-dans-la-majorite-lr-20241004\" data-fig-type=\"NewsFlash\" data-gtm-custom-categorie=\"navigation\" data-gtm-custom-action=\"crossclick\" data-gtm-custom-label=\"Contextuel\" data-gtm-event=\"customEventSPE\" data-fig-domain=\"LEFIGARO\" target=\"_blank\" rel=\"noopener\">Charles-Ange Gin\u00e9sy<\/a>\u00a0l\u2019a bien compris. Le pr\u00e9sident du conseil d\u00e9partemental des Alpes-Maritimes a fait de l\u2019IA son sujet de pr\u00e9dilection.<\/p>\n<p class=\"fig-paragraph\">Ainsi, dans le cadre de sa strat\u00e9gie \u00abSmart Deal\u00bb, la collectivit\u00e9 a inaugur\u00e9 sa maison de l\u2019intelligence artificielle, avant d\u2019implanter \u00e0 Cannes le \u00abWAICF\u00bb, un \u00e9v\u00e9nement international d\u00e9di\u00e9 \u00e0 l\u2019IA, qui se tient chaque ann\u00e9e au palais des Festivals et dont la derni\u00e8re \u00e9dition s\u2019est d\u00e9roul\u00e9e mi-f\u00e9vrier. C\u2019est encore en terres maralpines qu\u2019<a href=\"http:\/\/www.lefigaro.fr\/nice\/sur-la-cote-d-azur-bientot-un-data-center-a-4-milliards-d-euros-pour-l-ia-20250215\" data-fig-type=\"NewsFlash\" data-gtm-custom-categorie=\"navigation\" data-gtm-custom-action=\"crossclick\" data-gtm-custom-label=\"Contextuel\" data-gtm-event=\"customEventSPE\" data-fig-domain=\"LEFIGARO\" target=\"_blank\" rel=\"noopener\">un data center \u00e0 4 milliards d\u2019euros<\/a>\u00a0pour l\u2019IA sortira bient\u00f4t de terre, port\u00e9 par une jeune entreprise su\u00e9doise. \u00abL\u2019intelligence artificielle bouleverse d\u00e9j\u00e0 nos modes de vie et de travail, et nous avons la chance de disposer [de ces] atouts majeurs pour accompagner cette r\u00e9volution\u00bb, observe le pr\u00e9sident Gin\u00e9sy.<\/p>\n<p class=\"fig-paragraph\">Le D\u00e9partement entend d\u00e9sormais se positionner en mati\u00e8re culturelle. Une ambition port\u00e9e par la co-organisation avec l\u2019Institut EuropIA du \u00abWAIFF\u00bb, le premier festival mondial du film mettant en comp\u00e9tition des courts-m\u00e9trages r\u00e9alis\u00e9s \u00e0 l\u2019aide de l\u2019IA. \u00abOrganiser un tel \u00e9v\u00e9nement dans les Alpes-Maritimes c\u2019est valoriser nos talents et consolider notre position de p\u00f4le d\u2019excellence en mati\u00e8re de haute technologie et d\u2019industrie culturelle\u00bb, poursuit Charles-Ange Gin\u00e9sy. \u00abNotre ambition est de cr\u00e9er un pont unique entre la puissance cr\u00e9ative du cin\u00e9ma et les formidables perspectives offertes par l\u2019intelligence artificielle\u00bb, abonde de son c\u00f4t\u00e9 Marco Landi, pr\u00e9sident du festival et d\u2019EuropIA.<\/p>\n<p>1500 candidatures issues de 80 pays<\/p>\n<p class=\"fig-paragraph\">L\u2019\u00e9v\u00e8nement se tiendra vendredi et samedi \u00e0 Nice, au\u00a0<a href=\"http:\/\/www.lefigaro.fr\/nice\/a-nice-cineroman-donne-envie-de-lire-aux-jeunes-cinephiles-20240928\" data-fig-type=\"NewsFlash\" data-gtm-custom-categorie=\"navigation\" data-gtm-custom-action=\"crossclick\" data-gtm-custom-label=\"Contextuel\" data-gtm-event=\"customEventSPE\" data-fig-domain=\"LEFIGARO\" target=\"_blank\" rel=\"noopener\">cin\u00e9ma Path\u00e9 Gare du Sud<\/a>\u00a0et au Palais des Rois Sardes. Plus de 1500 candidatures issues de 80 pays ont \u00e9t\u00e9 re\u00e7ues, mais seules 15 cr\u00e9ations ont \u00e9t\u00e9 s\u00e9lectionn\u00e9es. Le festival, qui propose une comp\u00e9tition officielle avec onze remises de prix en bonne et due forme, accueille un jury prestigieux compos\u00e9 d\u2019acteurs, producteurs, r\u00e9alisateurs et sc\u00e9naristes, \u00e0 l\u2019instar de son pr\u00e9sident, Thomas Bidegain. Il est aussi question de\u00a0<a href=\"http:\/\/www.lefigaro.fr\/culture\/entre-le-marathon-de-kamel-daoud-et-le-match-de-julie-gayet-la-folle-machine-de-la-foire-du-livre-a-brive-20241111\" data-fig-type=\"Article\" data-gtm-custom-categorie=\"navigation\" data-gtm-custom-action=\"crossclick\" data-gtm-custom-label=\"Contextuel\" data-gtm-event=\"customEventSPE\" data-fig-domain=\"LEFIGARO\" target=\"_blank\" rel=\"noopener\">Julie Gayet,\u00a0<\/a>\u00a0<a href=\"http:\/\/www.lefigaro.fr\/medias\/alexia-laroche-joubert-nouvelle-pdg-de-banijay-france-20230704\" data-fig-type=\"NewsFlash\" data-gtm-custom-categorie=\"navigation\" data-gtm-custom-action=\"crossclick\" data-gtm-custom-label=\"Contextuel\" data-gtm-event=\"customEventSPE\" data-fig-domain=\"LEFIGARO\" target=\"_blank\" rel=\"noopener\">Alexia Laroche-Joubert<\/a>\u00a0ou encore\u00a0<a href=\"https:\/\/www.lefigaro.fr\/medias\/jean-david-blanc-molotov-atteindra-200-000-abonnes-d-ici-a-la-fin-de-l-annee-20191104\" data-fig-type=\"Article\" data-gtm-custom-categorie=\"navigation\" data-gtm-custom-action=\"crossclick\" data-gtm-custom-label=\"Contextuel\" data-gtm-event=\"customEventSPE\" data-fig-domain=\"LEFIGARO\" target=\"_blank\" rel=\"noopener\">Jean-David Blanc<\/a>\u00a0(fondateur d\u2019Allocin\u00e9 et Molotov).<\/p>\n<p class=\"fig-paragraph\">Le WAIFF est \u00e9galement l\u2019occasion d\u2019encourager une IA \u00e9thique, au service de la cr\u00e9ation. C\u2019est en ce sens que le festival s\u2019ouvrira vendredi soir sur le proc\u00e8s fictif de l\u2019IA o\u00f9 le film ECHO, enti\u00e8rement g\u00e9n\u00e9r\u00e9 par une intelligence artificielle, sera symboliquement jug\u00e9 sur sc\u00e8ne. L\u2019objectif\u00a0: poser les grandes questions juridiques et philosophiques sur la nature d\u2019une \u0153uvre cin\u00e9matographique \u00e0 l\u2019\u00e8re de l\u2019automatisation. En parall\u00e8le, des tables rondes professionnelles r\u00e9uniront des experts du secteur, telle\u00a0<a href=\"https:\/\/www.lefigaro.fr\/cinema\/ceremonie-oscars\/2017\/02\/20\/03021-20170220ARTFIG00172-la-guilde-des-scenaristes-recompense-moonlight-un-mauvais-signe-pour-la-la-land.php\" data-fig-type=\"Article\" data-gtm-custom-categorie=\"navigation\" data-gtm-custom-action=\"crossclick\" data-gtm-custom-label=\"Contextuel\" data-gtm-event=\"customEventSPE\" data-fig-domain=\"LEFIGARO\" target=\"_blank\" rel=\"noopener\">la guilde des sc\u00e9naristes<\/a>, pour d\u00e9battre des sujets aussi vari\u00e9s que les droits d\u2019auteur, les financements et les m\u00e9tiers d\u2019avenir.<\/p>\n<p class=\"fig-paragraph\">\u00abJe suis tr\u00e8s ambivalente sur ses sujets\u00a0: je ne suis pas une pro-IA \u00e0 tout prix mais je ne suis pas non plus dans l\u2019\u00e9tat d\u2019esprit de ne pas me confronter \u00e0 ces outils. Il faut prendre le train en marche, tester et voir o\u00f9 \u00e7a nous m\u00e8ne\u00bb, commente l\u2019actrice et r\u00e9alisatrice Anna Apter, elle aussi membre du Jury. Et la jeune femme de poursuivre\u00a0: \u00abCelui qui a des id\u00e9es et aucune comp\u00e9tence technique se retrouve d\u2019un seul coup avec une caisse \u00e0 outils extraordinaire.\u00bb Selon elle, l\u2019IA aurait la vertu de \u00abd\u00e9brider la cr\u00e9ativit\u00e9 sans la remplacer\u00bb. \u00abC\u2019est peut-\u00eatre cette cr\u00e9ativit\u00e9 d\u2019ailleurs qui, dans l\u2019avenir, sera davantage valoris\u00e9e, plus que la super-technique que l\u2019intelligence artificielle pourra offrir\u00bb, analyse-t-elle.<\/p>\n<blockquote class=\"fig-quote&#10;    \">\n<p class=\"fig-quote__text\">Ce qui fait un artiste c\u2019est sa part d\u2019imagination. Je ne pense pas que l\u2019intelligence artificielle aurait pu traiter mes films comme je les ai trait\u00e9s. Sans doute en revanche aurait-elle pu me faire gagner du temps, c\u2019est vrai<\/p>\n<p>            Claude Lelouch, r\u00e9alisateur\n    <\/p><\/blockquote>\n<p class=\"fig-paragraph\">Un point de vue partag\u00e9 par le cin\u00e9aste\u00a0<a href=\"http:\/\/www.lefigaro.fr\/cinema\/claude-lelouch-au-figaro-je-suis-passe-a-travers-les-gouttes-de-la-betise-et-des-facheux-20241110\" data-fig-type=\"Article\" data-gtm-custom-categorie=\"navigation\" data-gtm-custom-action=\"crossclick\" data-gtm-custom-label=\"Contextuel\" data-gtm-event=\"customEventSPE\" data-fig-domain=\"LEFIGARO\" target=\"_blank\" rel=\"noopener\">Claude Lelouch<\/a>, pr\u00e9sident d\u2019honneur du WAIFF. Pour le r\u00e9alisateur d\u2019<a href=\"https:\/\/www.lefigaro.fr\/cinema\/2018\/09\/26\/03002-20180926ARTFIG00317-claude-lelouch-plus-de-cinquante-ans-apres-une-nouvelle-suite-d-un-homme-et-une-femme.php\" data-fig-type=\"Article\" data-gtm-custom-categorie=\"navigation\" data-gtm-custom-action=\"crossclick\" data-gtm-custom-label=\"Contextuel\" data-gtm-event=\"customEventSPE\" data-fig-domain=\"LEFIGARO\" target=\"_blank\" rel=\"noopener\">Un homme et une femme<\/a>, l\u2019IA n\u2019est \u00e0 ce stade \u00abque le savoir et pas encore l\u2019imagination\u00bb. \u00abOr, ce qui fait un artiste c\u2019est sa part d\u2019imagination. Je ne pense pas que l\u2019intelligence artificielle aurait pu traiter mes films comme je les ai trait\u00e9s. Sans doute en revanche aurait-elle pu me faire gagner du temps, c\u2019est vrai\u00bb, conc\u00e8de-t-il. \u00abPour les cons, c\u2019est une formidable affaire, mais pour les gens intelligents&#8230; c\u2019est aussi une formidable affaire\u00a0!, s\u2019amuse-t-il. C\u2019est pour cela d\u2019ailleurs que, malgr\u00e9 mes 87 ans, je ne crache pas dans la soupe, en l\u2019occurrence dans la nouveaut\u00e9. De tout temps, la nouveaut\u00e9 a eu raison.\u00bb\u00a0<\/p>\n<p class=\"fig-paragraph\">Ce dernier confie qu\u2019il pourrait lui-m\u00eame user de la super-technologie dans ses futurs projets. \u00abJe suis un d\u00e9butant et j\u2019essaie de voir ce que je peux en tirer. J\u2019essaie et j\u2019apprends, comme j\u2019ai toujours fait en m\u2019int\u00e9ressant aux derni\u00e8res trouvailles qui ont modifi\u00e9 l\u2019\u00e9criture cin\u00e9matographique, de l\u2019arriv\u00e9e du parlant \u00e0 celle de l\u2019iPhone, en passant par la couleur et le num\u00e9rique\u00bb, \u00e9graine-t-il. C\u2019est donc avec beaucoup d\u2019enthousiasme et de curiosit\u00e9 que le cin\u00e9aste se pr\u00e9pare au festival ni\u00e7ois. \u00abNous, les artistes, on est l\u00e0 pour faire r\u00eaver les gens, et l\u2019IA elle, ne fait pas r\u00eaver. Elle nous parle de la r\u00e9alit\u00e9, de ce qui existe. \u00c0 ce titre, je pense que la r\u00e9flexion humaine a encore quelques longueurs d\u2019avance\u00bb, conclut Claude Lelouch.<\/p>\n<p>\u00a0\u00bb<br \/>\n        data-script=\u00a0\u00bbhttps:\/\/static.lefigaro.fr\/widget-video\/short-ttl\/video\/index.js\u00a0\u00bb<br \/>\n    &gt;<\/p>\n","protected":false},"excerpt":{"rendered":"Dans le cadre de sa strat\u00e9gie \u00abSmart Deal\u00bb, le d\u00e9partement des Alpes-Maritimes poursuit son ambition de devenir une&hellip;\n","protected":false},"author":2,"featured_media":17145,"comment_status":"","ping_status":"","sticky":false,"template":"","format":"standard","meta":{"footnotes":""},"categories":[2819],"tags":[1111,11,2898,2829,2971,2972,2973,650,6943,2974,251,1777,674,2975,1011,27,223,2969,2970,2987,2980,12,2401,2897,2976,2977,2978,2985,2986,2979,2981,2982,2983,2984,2991,2992,2993,2994,2996,2997,2998,2999,3000,3001,3002,2995,3003,3004,3005,3007,2268,882,25,2988,2989,2990,2968,3006],"class_list":{"0":"post-17144","1":"post","2":"type-post","3":"status-publish","4":"format-standard","5":"has-post-thumbnail","7":"category-nice","8":"tag-actu","9":"tag-actualites","10":"tag-alpes-maritimes","11":"tag-baumettes","12":"tag-carabacel","13":"tag-caucade","14":"tag-cimiez","15":"tag-cinema","16":"tag-claude-lelouch","17":"tag-cremat","18":"tag-culture","19":"tag-eu","20":"tag-europe","21":"tag-fabron","22":"tag-fr","23":"tag-france","24":"tag-intelligence-artificielle","25":"tag-larenas","26":"tag-lariane","27":"tag-le-ray","28":"tag-lingostiere","29":"tag-news","30":"tag-nice","31":"tag-nice-cote-dazur","32":"tag-nice-gairaut","33":"tag-nice-gambetta","34":"tag-nice-jean-medecin","35":"tag-nice-le-piol","36":"tag-nice-le-port","37":"tag-nice-liberation","38":"tag-nice-magnan","39":"tag-nice-mantega-mont-boron","40":"tag-nice-pasteur","41":"tag-nice-pessicart","42":"tag-nice-rue-de-france","43":"tag-nice-saint-antoine","44":"tag-nice-saint-augustin","45":"tag-nice-saint-isidore","46":"tag-nice-saint-maurice","47":"tag-nice-saint-pancrace","48":"tag-nice-saint-philippe","49":"tag-nice-saint-pierre-de-feric","50":"tag-nice-saint-roch","51":"tag-nice-saint-roman-de-bellet","52":"tag-nice-saint-sylvestre","53":"tag-nice-sainte-marguerite","54":"tag-nice-thiers","55":"tag-nice-ventabrun","56":"tag-nice-vernier","57":"tag-nice-vinaigrier","58":"tag-ogc-nice","59":"tag-provence-alpes-cote-dazur","60":"tag-republique-francaise","61":"tag-rimiez","62":"tag-riquier","63":"tag-roquebilliere","64":"tag-sud-est","65":"tag-vieux-nice"},"share_on_mastodon":{"url":"","error":"Validation failed: Text character limit of 500 exceeded"},"_links":{"self":[{"href":"https:\/\/www.europesays.com\/fr\/wp-json\/wp\/v2\/posts\/17144","targetHints":{"allow":["GET"]}}],"collection":[{"href":"https:\/\/www.europesays.com\/fr\/wp-json\/wp\/v2\/posts"}],"about":[{"href":"https:\/\/www.europesays.com\/fr\/wp-json\/wp\/v2\/types\/post"}],"author":[{"embeddable":true,"href":"https:\/\/www.europesays.com\/fr\/wp-json\/wp\/v2\/users\/2"}],"replies":[{"embeddable":true,"href":"https:\/\/www.europesays.com\/fr\/wp-json\/wp\/v2\/comments?post=17144"}],"version-history":[{"count":0,"href":"https:\/\/www.europesays.com\/fr\/wp-json\/wp\/v2\/posts\/17144\/revisions"}],"wp:featuredmedia":[{"embeddable":true,"href":"https:\/\/www.europesays.com\/fr\/wp-json\/wp\/v2\/media\/17145"}],"wp:attachment":[{"href":"https:\/\/www.europesays.com\/fr\/wp-json\/wp\/v2\/media?parent=17144"}],"wp:term":[{"taxonomy":"category","embeddable":true,"href":"https:\/\/www.europesays.com\/fr\/wp-json\/wp\/v2\/categories?post=17144"},{"taxonomy":"post_tag","embeddable":true,"href":"https:\/\/www.europesays.com\/fr\/wp-json\/wp\/v2\/tags?post=17144"}],"curies":[{"name":"wp","href":"https:\/\/api.w.org\/{rel}","templated":true}]}}