{"id":171442,"date":"2025-06-12T18:31:13","date_gmt":"2025-06-12T18:31:13","guid":{"rendered":"https:\/\/www.europesays.com\/fr\/171442\/"},"modified":"2025-06-12T18:31:13","modified_gmt":"2025-06-12T18:31:13","slug":"a-130-km-h-et-sous-cocaine-un-chauffard-lourdement-condamne-pour-avoir-tue-un-ado-a-scooter","status":"publish","type":"post","link":"https:\/\/www.europesays.com\/fr\/171442\/","title":{"rendered":"A 130\u00a0km\/h et sous coca\u00efne\u2026 Un chauffard lourdement condamn\u00e9 pour avoir tu\u00e9 un ado \u00e0 scooter"},"content":{"rendered":"<p>Cinq ans et demi de prison. C\u2019est la lourde peine prononc\u00e9e ce jeudi par le tribunal correctionnel de <a href=\"https:\/\/www.20minutes.fr\/toulouse\/\" class=\"color-ultramarine c-link\" rel=\"nofollow noopener\" target=\"_blank\">Toulouse<\/a> contre un <a href=\"https:\/\/www.20minutes.fr\/societe\/chauffard\/\" class=\"color-ultramarine c-link\" rel=\"nofollow noopener\" target=\"_blank\">chauffard<\/a> qui a renvers\u00e9 et tu\u00e9 sur le coup un adolescent qui roulait \u00e0 scooter le 8\u00a0novembre 2024.<\/p>\n<p>Circonstances aggravantes, l\u2019automobiliste avait consomm\u00e9 de la coca\u00efne et roulait \u00e0 130\u00a0km\/h sur une route limit\u00e9e \u00e0 80\u00a0km\/h. L\u2019<a href=\"https:\/\/www.20minutes.fr\/dossier\/accident\" class=\"color-ultramarine c-link\" rel=\"nofollow noopener\" target=\"_blank\">accident <\/a>s\u2019est produit en d\u00e9but de soir\u00e9e. Il avait percut\u00e9 le jeune homme de 17 ans, qui revenait d\u2019un entra\u00eenement de rugby, alors qu\u2019il effectuait un d\u00e9passement, \u00e0 <a href=\"https:\/\/www.lagardellesurleze.fr\/\" rel=\"nofollow noopener\" target=\"_blank\" class=\"color-ultramarine c-link\">Lagardelle-sur-L\u00e8ze<\/a>, \u00e0 une quinzaine de kilom\u00e8tres au sud de Ville rose.<\/p>\n<p>Il pr\u00e9sente ses excuses \u00e0 la famille<\/p>\n<p>Interpell\u00e9 par les gendarmes peu apr\u00e8s l\u2019accident, cet homme de 38 ans, mari\u00e9 et p\u00e8re de trois enfants, avait d\u2019abord ni\u00e9, avant d\u2019avouer durant sa garde \u00e0 vue.<\/p>\n<\/p>\n<p>A la barre du tribunal, le pr\u00e9venu, qui travaillait dans une boulangerie industrielle, a exprim\u00e9 des regrets et pr\u00e9sent\u00e9 des excuses \u00e0 la famille de la victime.<\/p>\n","protected":false},"excerpt":{"rendered":"Cinq ans et demi de prison. C\u2019est la lourde peine prononc\u00e9e ce jeudi par le tribunal correctionnel de&hellip;\n","protected":false},"author":2,"featured_media":171443,"comment_status":"","ping_status":"","sticky":false,"template":"","format":"standard","meta":{"footnotes":""},"categories":[2816],"tags":[119,1111,47,11,4378,3993,1052,1777,674,5915,1011,27,2722,303,2721,12,2680,25,2312],"class_list":{"0":"post-171442","1":"post","2":"type-post","3":"status-publish","4":"format-standard","5":"has-post-thumbnail","7":"category-toulouse","8":"tag-accident","9":"tag-actu","10":"tag-actualite","11":"tag-actualites","12":"tag-chauffard","13":"tag-cocaine","14":"tag-drogue","15":"tag-eu","16":"tag-europe","17":"tag-exces-de-vitesse","18":"tag-fr","19":"tag-france","20":"tag-haute-garonne","21":"tag-justice","22":"tag-midi-pyrenees","23":"tag-news","24":"tag-occitanie","25":"tag-republique-francaise","26":"tag-toulouse"},"share_on_mastodon":{"url":"https:\/\/pubeurope.com\/@fr\/114671824601354121","error":""},"_links":{"self":[{"href":"https:\/\/www.europesays.com\/fr\/wp-json\/wp\/v2\/posts\/171442","targetHints":{"allow":["GET"]}}],"collection":[{"href":"https:\/\/www.europesays.com\/fr\/wp-json\/wp\/v2\/posts"}],"about":[{"href":"https:\/\/www.europesays.com\/fr\/wp-json\/wp\/v2\/types\/post"}],"author":[{"embeddable":true,"href":"https:\/\/www.europesays.com\/fr\/wp-json\/wp\/v2\/users\/2"}],"replies":[{"embeddable":true,"href":"https:\/\/www.europesays.com\/fr\/wp-json\/wp\/v2\/comments?post=171442"}],"version-history":[{"count":0,"href":"https:\/\/www.europesays.com\/fr\/wp-json\/wp\/v2\/posts\/171442\/revisions"}],"wp:featuredmedia":[{"embeddable":true,"href":"https:\/\/www.europesays.com\/fr\/wp-json\/wp\/v2\/media\/171443"}],"wp:attachment":[{"href":"https:\/\/www.europesays.com\/fr\/wp-json\/wp\/v2\/media?parent=171442"}],"wp:term":[{"taxonomy":"category","embeddable":true,"href":"https:\/\/www.europesays.com\/fr\/wp-json\/wp\/v2\/categories?post=171442"},{"taxonomy":"post_tag","embeddable":true,"href":"https:\/\/www.europesays.com\/fr\/wp-json\/wp\/v2\/tags?post=171442"}],"curies":[{"name":"wp","href":"https:\/\/api.w.org\/{rel}","templated":true}]}}