{"id":171444,"date":"2025-06-12T18:32:12","date_gmt":"2025-06-12T18:32:12","guid":{"rendered":"https:\/\/www.europesays.com\/fr\/171444\/"},"modified":"2025-06-12T18:32:12","modified_gmt":"2025-06-12T18:32:12","slug":"lorchestre-national-de-lille-sinvite-a-westfield-euralille-les-13-14-juin-2025","status":"publish","type":"post","link":"https:\/\/www.europesays.com\/fr\/171444\/","title":{"rendered":"L&rsquo;Orchestre National de Lille s&rsquo;invite \u00e0 Westfield Euralille les 13 &#038; 14 juin 2025"},"content":{"rendered":"<p style=\"text-align: justify;\"><strong>Vendredi 13 et samedi 14 juin 2025, Westfield Euralille <\/strong>s\u2019associe pour la premi\u00e8re fois \u00e0 <strong>l\u2019Orchestre National de Lille<\/strong> dans le <strong>cadre<\/strong> du <strong>Lille Piano Festival. <\/strong>Une <strong>rencontre in\u00e9dite<\/strong> entre <strong>culture classique<\/strong> et <strong>lieu de vie urbain,<\/strong> qui prendra la <strong>forme d\u2019un \u00e9v\u00e9nement immersif<\/strong> et <strong>participatif <\/strong>autour d\u2019un <strong>piano g\u00e9ant <\/strong>install\u00e9 en <strong>Place Centrale.<\/strong><\/p>\n<p style=\"text-align: justify;\"><strong>Une exp\u00e9rience musicale spectaculaire et ouverte \u00e0 tous<\/strong><br \/>Pendant <strong>deux jours,<\/strong> les <strong>visiteurs du centre<\/strong> pourront <strong>d\u00e9couvrir un dispositif<\/strong> aussi <strong>visuel <\/strong>que <strong>sonore :<\/strong><br \/>\u2013 des <strong>d\u00e9monstrations musicales,<\/strong> <strong>accessibles \u00e0 tous, <\/strong>orchestr\u00e9es par des <strong>artistes de l\u2019ONL<\/strong><br \/>\u2013 des <strong>shows chor\u00e9graphi\u00e9s <\/strong>sur le <strong>piano g\u00e9ant,<\/strong> propos\u00e9s \u00e0<strong> intervalles r\u00e9guliers<\/strong><br \/>\u2013 et la <strong>possibilit\u00e9 pour le public de jouer lui-m\u00eame sur l\u2019instrument,<\/strong> <strong>accompagn\u00e9 par un animateur <\/strong>pr\u00e9sent sur place.<\/p>\n<p style=\"text-align: justify;\"><strong>Chaque performance, d\u2019environ 10 minutes, <\/strong>invitera \u00e0 <strong>une immersion artistique ludique,<\/strong> <strong>accessible<\/strong> et <strong>rythm\u00e9e.<\/strong><\/p>\n<p style=\"text-align: justify;\">Avec cette <strong>premi\u00e8re collaboration artistique,<\/strong> <strong>Westfield Euralille <\/strong>poursuit son <strong>engagement <\/strong>pour<strong> une culture vivante, accessible <\/strong>et <strong>audacieuse, en lien direct avec les grandes institutions du territoire.<\/strong> \u00c0 travers cette<strong> proposition musicale, <\/strong>le<strong> centre commercial<\/strong> confirme <strong>son r\u00f4le de lieu de destination,<\/strong> o\u00f9 <strong>shopping, loisirs <\/strong>et <strong>culture se rencontrent au quotidien.<\/strong><\/p>\n<p><strong>Horaires des performances :<\/strong><br \/><strong>Vendredi 13 juin 2025 :<\/strong><br \/>\u2013 de 12h \u00e0 14h<br \/>\u2013 de 17h \u00e0 19h<\/p>\n<p><strong>Samedi 14 juin 2025 :<\/strong><br \/>\u2013 de 14h \u00e0 18h<\/p>\n<p><strong>\u00c9v\u00e9nement gratuit \u2013 Ouvert \u00e0 toutes et tous<\/strong><\/p>\n<p class=\"has-text-align-right\">Source &amp; image : DR \u2013 \u00a9 Westfield Euralille<\/p>\n","protected":false},"excerpt":{"rendered":"Vendredi 13 et samedi 14 juin 2025, Westfield Euralille s\u2019associe pour la premi\u00e8re fois \u00e0 l\u2019Orchestre National de&hellip;\n","protected":false},"author":2,"featured_media":171445,"comment_status":"","ping_status":"","sticky":false,"template":"","format":"standard","meta":{"footnotes":""},"categories":[2815],"tags":[1111,11,1063,1777,674,1011,27,811,1307,30634,873,12,25,24206],"class_list":{"0":"post-171444","1":"post","2":"type-post","3":"status-publish","4":"format-standard","5":"has-post-thumbnail","7":"category-lille","8":"tag-actu","9":"tag-actualites","10":"tag-animations","11":"tag-eu","12":"tag-europe","13":"tag-fr","14":"tag-france","15":"tag-hauts-de-france","16":"tag-lille","17":"tag-lille-pianos-festival","18":"tag-musique","19":"tag-news","20":"tag-republique-francaise","21":"tag-westfield-euralille"},"share_on_mastodon":{"url":"https:\/\/pubeurope.com\/@fr\/114671828567494529","error":""},"_links":{"self":[{"href":"https:\/\/www.europesays.com\/fr\/wp-json\/wp\/v2\/posts\/171444","targetHints":{"allow":["GET"]}}],"collection":[{"href":"https:\/\/www.europesays.com\/fr\/wp-json\/wp\/v2\/posts"}],"about":[{"href":"https:\/\/www.europesays.com\/fr\/wp-json\/wp\/v2\/types\/post"}],"author":[{"embeddable":true,"href":"https:\/\/www.europesays.com\/fr\/wp-json\/wp\/v2\/users\/2"}],"replies":[{"embeddable":true,"href":"https:\/\/www.europesays.com\/fr\/wp-json\/wp\/v2\/comments?post=171444"}],"version-history":[{"count":0,"href":"https:\/\/www.europesays.com\/fr\/wp-json\/wp\/v2\/posts\/171444\/revisions"}],"wp:featuredmedia":[{"embeddable":true,"href":"https:\/\/www.europesays.com\/fr\/wp-json\/wp\/v2\/media\/171445"}],"wp:attachment":[{"href":"https:\/\/www.europesays.com\/fr\/wp-json\/wp\/v2\/media?parent=171444"}],"wp:term":[{"taxonomy":"category","embeddable":true,"href":"https:\/\/www.europesays.com\/fr\/wp-json\/wp\/v2\/categories?post=171444"},{"taxonomy":"post_tag","embeddable":true,"href":"https:\/\/www.europesays.com\/fr\/wp-json\/wp\/v2\/tags?post=171444"}],"curies":[{"name":"wp","href":"https:\/\/api.w.org\/{rel}","templated":true}]}}