{"id":171460,"date":"2025-06-12T18:41:11","date_gmt":"2025-06-12T18:41:11","guid":{"rendered":"https:\/\/www.europesays.com\/fr\/171460\/"},"modified":"2025-06-12T18:41:11","modified_gmt":"2025-06-12T18:41:11","slug":"venez-suivre-les-finales-du-plus-grand-circuit-de-padel-amateur-en-france-sous-la-tour-eiffel","status":"publish","type":"post","link":"https:\/\/www.europesays.com\/fr\/171460\/","title":{"rendered":"Venez suivre les finales du plus grand circuit de padel amateur en France sous la Tour Eiffel"},"content":{"rendered":"<p><strong>double avec vue &#8211; La betclic remontada Padel s\u2019installe pour la deuxi\u00e8me ann\u00e9e de suite sous la Tour Eiffel pour r\u00e9compenser les meilleurs amateurs de France<\/strong><\/p>\n<p>L\u2019\u00e9dition 2024 avait \u00e9t\u00e9 un succ\u00e8s, <a href=\"https:\/\/padelmagazine.fr\/la-betclic-remontada-padel-au-pied-de-la-tour-eiffel-pour-ses-finales-2025-du-13-au-15-juin\/?at_medium=RSS%20feed&amp;at_campaign=ynews&amp;utm_source=yahoo&amp;utm_medium=rss&amp;utm_campaign=news_feed&amp;utm_content=in_article_link\" rel=\"nofollow noopener\" target=\"_blank\" data-ylk=\"slk:la betclic remontada padel;elm:context_link;itc:0;sec:content-canvas\" class=\"link \">la betclic remontada padel<\/a>, le plus grand circuit de padel amateur en France est de retour sous la Tour Eiffel, du 13 au 15 juin. Apr\u00e8s <a href=\"https:\/\/4padel.fr\/actualites\/4padel-stories-27-la-betclic-remontada-padel-saison-2-cest-parti?at_medium=RSS%20feed&amp;at_campaign=ynews&amp;utm_source=yahoo&amp;utm_medium=rss&amp;utm_campaign=news_feed&amp;utm_content=in_article_link\" rel=\"nofollow noopener\" target=\"_blank\" data-ylk=\"slk:12 \u00e9tapes de qualifications;elm:context_link;itc:0;sec:content-canvas\" class=\"link \">12 \u00e9tapes de qualifications<\/a> en r\u00e9gion dans les clubs de 4PADEL, les meilleures paires amateurs pourront se d\u00e9fier avec une vue sympatoche \u00e0 chaque balle lob\u00e9e sur les bords de Seine.<\/p>\n<p>Enfin, quand on dit meilleures, on se r\u00e9f\u00e8re \u00e0 un r\u00e8glement bien particulier : les joueurs doivent former un double selon des crit\u00e8res tous aussi loufoques les uns que les autres. Notre pr\u00e9f\u00e9rence va \u00e0 l\u2019\u00e9preuve Duo todo, o\u00f9 les paires doivent avoir 20 d\u2019\u00e9cart, que ce soit 20 centim\u00e8tres, 20 kg, 20 ans\u2026), m\u00eame si on aime aussi le duo old school o\u00f9 l\u2019\u00e2ge cumul\u00e9 des deux joueurs doit d\u00e9passer 80 ans (laissez-nous la place les jeunes).<\/p>\n<p>Les \u00e9preuves qualificatives ont rassembl\u00e9 plus de 2000 passionn\u00e9s, et les meilleurs d\u2019entre eux auront l\u2019occasion, samedi apr\u00e8s-midi, d\u2019assister \u00e0 une d\u00e9monstration de la num\u00e9ro 1 fran\u00e7aise Alix Collombon. Le week-end se terminera par une d\u00e9monstration de padel fauteuil et la finale de la cat\u00e9gorie reine. Les personnalit\u00e9s friandes de padel, auront quant \u00e0 elles le court \u00e0 disposition vendredi de 18h30 \u00e0 21h30. L\u2019occasion ou jamais de venir chambrer Cyril Hanouna sans risquer que son garde du corps vous \u00e9jecte du plateau.<\/p>\n<p><a href=\"https:\/\/www.20minutes.fr\/paris\/4158215-20250612-paris-venez-suivre-finales-plus-grand-circuit-padel-amateur-france-sous-tour-eiffel?at_medium=RSS%20feed&amp;at_campaign=ynews&amp;utm_source=yahoo&amp;utm_medium=rss&amp;utm_campaign=news_feed&amp;utm_content=read_more_link\" rel=\"nofollow noopener\" target=\"_blank\" data-ylk=\"slk:Lire la suite sur 20minutes;elm:context_link;itc:0;sec:content-canvas\" class=\"link \">Lire la suite sur 20minutes<\/a><\/p>\n<p>\u00c0 lire aussi :<br \/><a href=\"https:\/\/www.20minutes.fr\/sport\/4113064-20241001-greenweez-paris-major-plus-facile-percer-padel-sport-ceux-reussi-tennis?at_medium=RSS%20feed&amp;at_campaign=ynews&amp;utm_source=yahoo&amp;utm_medium=rss&amp;utm_campaign=news_feed&amp;utm_content=related_content_link\" rel=\"nofollow noopener\" target=\"_blank\" data-ylk=\"slk:Greenweez Paris Major : \u00ab C\u2019est plus facile de percer \u00bb\u2026 Le padel est-il le sport de ceux qui n\u2019ont pas r\u00e9ussi au tennis ?;elm:context_link;itc:0;sec:content-canvas\" class=\"link \">Greenweez Paris Major : \u00ab C\u2019est plus facile de percer \u00bb\u2026 Le padel est-il le sport de ceux qui n\u2019ont pas r\u00e9ussi au tennis ?<\/a><br \/><a href=\"https:\/\/www.20minutes.fr\/sport\/tennis\/4113309-20241003-greenweez-paris-major-plan-federation-faire-padel-sport-majeur-france?at_medium=RSS%20feed&amp;at_campaign=ynews&amp;utm_source=yahoo&amp;utm_medium=rss&amp;utm_campaign=news_feed&amp;utm_content=related_content_link\" rel=\"nofollow noopener\" target=\"_blank\" data-ylk=\"slk:Greenweez Paris Major : Le plan de la F\u00e9d\u00e9ration pour \u00ab faire du padel un sport majeur \u00bb en France;elm:context_link;itc:0;sec:content-canvas\" class=\"link \">Greenweez Paris Major : Le plan de la F\u00e9d\u00e9ration pour \u00ab faire du padel un sport majeur \u00bb en France<\/a><\/p>\n","protected":false},"excerpt":{"rendered":"double avec vue &#8211; La betclic remontada Padel s\u2019installe pour la deuxi\u00e8me ann\u00e9e de suite sous la Tour&hellip;\n","protected":false},"author":2,"featured_media":171461,"comment_status":"","ping_status":"","sticky":false,"template":"","format":"standard","meta":{"footnotes":""},"categories":[1888],"tags":[1111,1928,11,1927,1777,674,1011,27,30637,30635,30636,12,1926,626,1925,25],"class_list":{"0":"post-171460","1":"post","2":"type-post","3":"status-publish","4":"format-standard","5":"has-post-thumbnail","7":"category-paris","8":"tag-actu","9":"tag-actu-paris","10":"tag-actualites","11":"tag-actualites-paris","12":"tag-eu","13":"tag-europe","14":"tag-fr","15":"tag-france","16":"tag-greenweez-paris","17":"tag-la-tour-eiffel","18":"tag-les-bords-de-seine","19":"tag-news","20":"tag-news-paris","21":"tag-paris","22":"tag-paris-news","23":"tag-republique-francaise"},"share_on_mastodon":{"url":"https:\/\/pubeurope.com\/@fr\/114671864185920443","error":""},"_links":{"self":[{"href":"https:\/\/www.europesays.com\/fr\/wp-json\/wp\/v2\/posts\/171460","targetHints":{"allow":["GET"]}}],"collection":[{"href":"https:\/\/www.europesays.com\/fr\/wp-json\/wp\/v2\/posts"}],"about":[{"href":"https:\/\/www.europesays.com\/fr\/wp-json\/wp\/v2\/types\/post"}],"author":[{"embeddable":true,"href":"https:\/\/www.europesays.com\/fr\/wp-json\/wp\/v2\/users\/2"}],"replies":[{"embeddable":true,"href":"https:\/\/www.europesays.com\/fr\/wp-json\/wp\/v2\/comments?post=171460"}],"version-history":[{"count":0,"href":"https:\/\/www.europesays.com\/fr\/wp-json\/wp\/v2\/posts\/171460\/revisions"}],"wp:featuredmedia":[{"embeddable":true,"href":"https:\/\/www.europesays.com\/fr\/wp-json\/wp\/v2\/media\/171461"}],"wp:attachment":[{"href":"https:\/\/www.europesays.com\/fr\/wp-json\/wp\/v2\/media?parent=171460"}],"wp:term":[{"taxonomy":"category","embeddable":true,"href":"https:\/\/www.europesays.com\/fr\/wp-json\/wp\/v2\/categories?post=171460"},{"taxonomy":"post_tag","embeddable":true,"href":"https:\/\/www.europesays.com\/fr\/wp-json\/wp\/v2\/tags?post=171460"}],"curies":[{"name":"wp","href":"https:\/\/api.w.org\/{rel}","templated":true}]}}