{"id":171464,"date":"2025-06-12T18:43:12","date_gmt":"2025-06-12T18:43:12","guid":{"rendered":"https:\/\/www.europesays.com\/fr\/171464\/"},"modified":"2025-06-12T18:43:12","modified_gmt":"2025-06-12T18:43:12","slug":"la-vasque-paris-2024-fait-peau-neuve-pour-voler-de-nouveau-dans-le-ciel-de-la-capitale","status":"publish","type":"post","link":"https:\/\/www.europesays.com\/fr\/171464\/","title":{"rendered":"\u00abLa Vasque Paris 2024\u00bb fait peau neuve pour voler de nouveau dans le ciel de la capitale"},"content":{"rendered":"<p>Un peu moins d\u2019un an apr\u00e8s les Jeux de Paris, cette installation \u00e9ph\u00e9m\u00e8re reprend ses quartiers aux Tuileries pour l\u2019\u00e9t\u00e9.<\/p>\n<p class=\"fig-paragraph\">Plus tout \u00e0 fait la m\u00eame, ni tout \u00e0 fait une autre. La\u00a0<a href=\"http:\/\/www.lefigaro.fr\/sports\/jeux-olympiques\/jeux-paralympiques-le-dernier-envol-de-la-vasque-olympique-annule-a-cause-des-intemperies-a-paris-20240908\" data-fig-type=\"NewsFlash\" data-gtm-custom-categorie=\"navigation\" data-gtm-custom-action=\"crossclick\" data-gtm-custom-label=\"Contextuel\" data-gtm-event=\"customEventSPE\" data-fig-domain=\"LEFIGARO\" target=\"_blank\" rel=\"noopener\">Vasque<\/a>\u00a0reviendra dans le ciel de Paris cet \u00e9t\u00e9, avec un premier envol le 21 juin, pour la\u00a0<a href=\"http:\/\/www.lefigaro.fr\/musique\/avec-kassav-et-youssou-n-dour-le-festival-rio-loco-fete-30-ans-de-musique-du-monde-20250612\" data-fig-type=\"NewsFlash\" data-gtm-custom-categorie=\"navigation\" data-gtm-custom-action=\"crossclick\" data-gtm-custom-label=\"Contextuel\" data-gtm-event=\"customEventSPE\" data-fig-domain=\"LEFIGARO\" target=\"_blank\" rel=\"noopener\">f\u00eate de la musique<\/a>. Sous le nom de Vasque Paris 2024 &#8211; et non plus vasque olympique &#8211; elle reprendra ses quartiers dans le jardin des Tuileries, jusqu\u2019au 14 septembre, date de la F\u00eate du sport voulue par Emmanuel Macron.\u00a0Trois mois de travail ont \u00e9t\u00e9 n\u00e9cessaires pour relever ce nouveau d\u00e9fi. \u00abNous avons conserv\u00e9 les m\u00eames innovations pour obtenir cette flamme \u00e9lectrique, mais tout a \u00e9t\u00e9 revu pour r\u00e9pondre \u00e0 une dur\u00e9e d\u2019usage bien plus longue\u00bb, explique Julien Villeret, directeur de l\u2019innovation d\u2019EDF. Le changement le plus visible pour le grand public sera sans doute&#8230; son nom.<\/p>\n<p class=\"fig-paragraph\">La vasque olympique a \u00e9t\u00e9 utilis\u00e9e pendant trente jours (JO et Paralympiques), la nouvelle le sera pendant 300 jours (100 jours pendant les trois prochains \u00e9t\u00e9s). L\u2019Atelier Blam, \u00e0 qui l\u2019on devait d\u00e9j\u00e0 la vasque olympique et les fontaines en bas des Champs-\u00c9lys\u00e9es, a reconstruit la structure et l\u2019a rendue plus durable. L\u2019\u00e9tanch\u00e9it\u00e9 de l\u2019ensemble a \u00e9t\u00e9 repens\u00e9e, les c\u00e2bles et le syst\u00e8me les enroulants et les d\u00e9roulants \u00e0 chaque ascension, optimis\u00e9s. Le ballon aussi a \u00e9t\u00e9 refait par Aerophile, le pr\u00e9c\u00e9dent ayant \u00e9t\u00e9 recycl\u00e9 apr\u00e8s la fin des Jeux.<\/p>\n<p class=\"fig-paragraph\">Autre petit changement, la vasque olympique ne portait aucun nom de sponsor, celle de Paris arbore le logo d\u2019EDF, partenaire technique et financier de l\u2019op\u00e9ration, aux c\u00f4t\u00e9s du Cojo. En effet, la reconstruction de l\u2019ensemble \u00e0 co\u00fbter 2,5 millions d\u2019euros, auxquels s\u2019ajouteront 2,5 millions par \u00e9t\u00e9 pour l\u2019entretien, l\u2019exploitation, la s\u00e9curisation. La facture d\u2019eau et d\u2019\u00e9lectricit\u00e9 ne repr\u00e9sente qu\u2019une faible part de la note totale.<\/p>\n<p>Une prouesse technologique unique au monde<\/p>\n<p class=\"fig-paragraph\">La prouesse technologique avait ravi le monde entier l\u2019ann\u00e9e derni\u00e8re. Les promoteurs de son retour, dont la Mairie de Paris, mise sur un afflux massif de touristes pour l\u2019admirer, d\u2019autant que cette fois, il ne sera pas n\u00e9cessaire de r\u00e9server pour s\u2019en approcher.<\/p>\n<p class=\"fig-paragraph\">Une jolie op\u00e9ration qui ne pouvait \u00e9chapper \u00e0 l\u2019\u00c9lys\u00e9es. Apr\u00e8s le chantier de Notre Dame, la relance de la vasque. Si l\u2019ampleur des deux chantiers ne se compare pas, dans les deux cas, le pr\u00e9sident de la R\u00e9publique ne boude pas son plaisir de voir le savoir-faire fran\u00e7ais prendre un nouvel envol. Ce jeudi soir, Emmanuel Macron est venu rappeler son attachement \u00e0 la Vasque et saluer quelques m\u00e9daill\u00e9s pr\u00e9sents. L\u2019occasion de remuer quelques souvenirs et de rappeler de belles \u00e9motions. Son premier d\u00e9collage le 26 juillet 2024 avait magnifiquement cl\u00f4tur\u00e9 la c\u00e9r\u00e9monie d\u2019ouverture des Jeux Olympiques. Ces premiers admirateurs l\u2019avaient rapidement compar\u00e9e \u00e0 la Tour Eiffel et comme pour la dame de fer, ils avaient aussi \u00e9t\u00e9 nombreux \u00e0 r\u00e9clamer une installation p\u00e9renne. Ils auront donc \u00e9t\u00e9 entendus, du moins le temps de trois \u00e9t\u00e9s.<\/p>\n","protected":false},"excerpt":{"rendered":"Un peu moins d\u2019un an apr\u00e8s les Jeux de Paris, cette installation \u00e9ph\u00e9m\u00e8re reprend ses quartiers aux Tuileries&hellip;\n","protected":false},"author":2,"featured_media":171465,"comment_status":"","ping_status":"","sticky":false,"template":"","format":"standard","meta":{"footnotes":""},"categories":[1888],"tags":[631,627,630,11,340,398,343,634,405,629,636,1647,1777,674,632,638,1011,27,637,399,639,635,12,626,25,401,628,633,407],"class_list":{"0":"post-171464","1":"post","2":"type-post","3":"status-publish","4":"format-standard","5":"has-post-thumbnail","7":"category-paris","8":"tag-action","9":"tag-actions-francaise","10":"tag-actualite-bourse","11":"tag-actualites","12":"tag-bourse","13":"tag-bourse-de-paris","14":"tag-cac-40","15":"tag-cotation","16":"tag-cotations","17":"tag-cours-des-societes-francaises","18":"tag-devises","19":"tag-edf","20":"tag-eu","21":"tag-europe","22":"tag-fcp","23":"tag-figaro","24":"tag-fr","25":"tag-france","26":"tag-indices","27":"tag-investissement","28":"tag-le-figaro","29":"tag-marches","30":"tag-news","31":"tag-paris","32":"tag-republique-francaise","33":"tag-sicav","34":"tag-societes-etrangeres","35":"tag-warrant","36":"tag-warrants"},"share_on_mastodon":{"url":"https:\/\/pubeurope.com\/@fr\/114671871991522552","error":""},"_links":{"self":[{"href":"https:\/\/www.europesays.com\/fr\/wp-json\/wp\/v2\/posts\/171464","targetHints":{"allow":["GET"]}}],"collection":[{"href":"https:\/\/www.europesays.com\/fr\/wp-json\/wp\/v2\/posts"}],"about":[{"href":"https:\/\/www.europesays.com\/fr\/wp-json\/wp\/v2\/types\/post"}],"author":[{"embeddable":true,"href":"https:\/\/www.europesays.com\/fr\/wp-json\/wp\/v2\/users\/2"}],"replies":[{"embeddable":true,"href":"https:\/\/www.europesays.com\/fr\/wp-json\/wp\/v2\/comments?post=171464"}],"version-history":[{"count":0,"href":"https:\/\/www.europesays.com\/fr\/wp-json\/wp\/v2\/posts\/171464\/revisions"}],"wp:featuredmedia":[{"embeddable":true,"href":"https:\/\/www.europesays.com\/fr\/wp-json\/wp\/v2\/media\/171465"}],"wp:attachment":[{"href":"https:\/\/www.europesays.com\/fr\/wp-json\/wp\/v2\/media?parent=171464"}],"wp:term":[{"taxonomy":"category","embeddable":true,"href":"https:\/\/www.europesays.com\/fr\/wp-json\/wp\/v2\/categories?post=171464"},{"taxonomy":"post_tag","embeddable":true,"href":"https:\/\/www.europesays.com\/fr\/wp-json\/wp\/v2\/tags?post=171464"}],"curies":[{"name":"wp","href":"https:\/\/api.w.org\/{rel}","templated":true}]}}